{"id":2605,"date":"2018-10-16T19:39:29","date_gmt":"2018-10-16T17:39:29","guid":{"rendered":"https:\/\/conakrynews.org\/?p=2605"},"modified":"2018-10-16T19:53:43","modified_gmt":"2018-10-16T17:53:43","slug":"manifestations-a-banlieue-de-conakry-mort-enregistre-a-koloma-marche","status":"publish","type":"post","link":"https:\/\/conakrynews.org\/index.php\/manifestations-a-banlieue-de-conakry-mort-enregistre-a-koloma-marche\/","title":{"rendered":"Manifestations \u00e0 la Banlieue de Conakry : Un Cas de  mort  enregistr\u00e9 \u00e0 Koloma  March\u00e9"},"content":{"rendered":"<p><strong>Ce mardi 16 octobre 2018 \u00e0 Conakry, un jeune appel\u00e9 \u00a0Ibrahima Bald\u00e9 \u00e2g\u00e9 de 22 ans et originaire de la pr\u00e9fecture de Dalaba\u00a0 a \u00e9t\u00e9 tu\u00e9 par balle dans la commune de Ratoma, plus pr\u00e9cis\u00e9ment dans le quartier Koloma march\u00e9.<\/strong><\/p>\n<p>Selon les t\u00e9moignages recueillis sur le terrain par le \u00a0reporter\u00a0 de www.Conakrynews.org, Ibrahima Bald\u00e9 est un jeune \u00e9l\u00e8ve \u00a0Coll\u00e9gien\u00a0 de la \u00a09 Ann\u00e9e, qui\u00a0 a \u00a0\u00e9t\u00e9 touch\u00e9 par balle r\u00e9elle d&rsquo;un agent de la s\u00e9curit\u00e9 pr\u00e8s de la mosqu\u00e9e, avant de\u00a0 succomber \u00e0 ses blessures \u00a0au m\u00eame endroit.<\/p>\n<p>A rappeler que le Chef de Fil de l\u2019opposition R\u00e9publicaine,Cellou Dalein Diallo et ses pairs comptent \u00a0organiser une marche pacifique le jeudi 18 Octobre \u00a02018 sur l\u2019autoroute Fidel Castro pour \u00a0protester\u00a0 contre les irr\u00e9gularit\u00e9s qui ont entach\u00e9 l&rsquo;installation des \u00e9lus locaux dans certaines localit\u00e9s du pays.<\/p>\n<p><strong>Akila soumah pour\u00a0<a href=\"https:\/\/conakrynews.org\/\">www.conakrynews.org<\/a> 625406393<\/strong><\/p>\n<p>&nbsp;<\/p>\n<p>&nbsp;<\/p>\n<p><img loading=\"lazy\" decoding=\"async\" class=\"alignnone size-medium wp-image-2606\" src=\"https:\/\/conakrynews.org\/wp-content\/uploads\/2018\/10\/Mort-dhomme-499x375.jpg\" alt=\"\" width=\"499\" height=\"375\" srcset=\"https:\/\/conakrynews.org\/wp-content\/uploads\/2018\/10\/Mort-dhomme-499x375.jpg 499w, https:\/\/conakrynews.org\/wp-content\/uploads\/2018\/10\/Mort-dhomme-768x577.jpg 768w\" sizes=\"auto, (max-width: 499px) 100vw, 499px\" \/><\/p>\n","protected":false},"excerpt":{"rendered":"<p>Ce mardi 16 octobre 2018 \u00e0 Conakry, un jeune appel\u00e9 \u00a0Ibrahima Bald\u00e9 \u00e2g\u00e9 de 22 ans et originaire de la pr\u00e9fecture de Dalaba\u00a0 a \u00e9t\u00e9 tu\u00e9 par balle dans la commune de Ratoma, plus pr\u00e9cis\u00e9ment dans le quartier Koloma march\u00e9. Selon les t\u00e9moignages recueillis sur le terrain par le \u00a0reporter\u00a0 de www.Conakrynews.org, Ibrahima Bald\u00e9 est [&hellip;]<\/p>\n","protected":false},"author":2,"featured_media":2606,"comment_status":"open","ping_status":"open","sticky":false,"template":"","format":"standard","meta":{"footnotes":""},"categories":[1],"tags":[],"class_list":{"0":"post-2605","1":"post","2":"type-post","3":"status-publish","4":"format-standard","5":"has-post-thumbnail","7":"category-non-classe"},"_links":{"self":[{"href":"https:\/\/conakrynews.org\/index.php\/wp-json\/wp\/v2\/posts\/2605","targetHints":{"allow":["GET"]}}],"collection":[{"href":"https:\/\/conakrynews.org\/index.php\/wp-json\/wp\/v2\/posts"}],"about":[{"href":"https:\/\/conakrynews.org\/index.php\/wp-json\/wp\/v2\/types\/post"}],"author":[{"embeddable":true,"href":"https:\/\/conakrynews.org\/index.php\/wp-json\/wp\/v2\/users\/2"}],"replies":[{"embeddable":true,"href":"https:\/\/conakrynews.org\/index.php\/wp-json\/wp\/v2\/comments?post=2605"}],"version-history":[{"count":0,"href":"https:\/\/conakrynews.org\/index.php\/wp-json\/wp\/v2\/posts\/2605\/revisions"}],"wp:featuredmedia":[{"embeddable":true,"href":"https:\/\/conakrynews.org\/index.php\/wp-json\/wp\/v2\/media\/2606"}],"wp:attachment":[{"href":"https:\/\/conakrynews.org\/index.php\/wp-json\/wp\/v2\/media?parent=2605"}],"wp:term":[{"taxonomy":"category","embeddable":true,"href":"https:\/\/conakrynews.org\/index.php\/wp-json\/wp\/v2\/categories?post=2605"},{"taxonomy":"post_tag","embeddable":true,"href":"https:\/\/conakrynews.org\/index.php\/wp-json\/wp\/v2\/tags?post=2605"}],"curies":[{"name":"wp","href":"https:\/\/api.w.org\/{rel}","templated":true}]}}