{"id":2640,"date":"2018-10-30T18:51:44","date_gmt":"2018-10-30T17:51:44","guid":{"rendered":"https:\/\/conakrynews.org\/?p=2640"},"modified":"2018-10-30T18:51:44","modified_gmt":"2018-10-30T17:51:44","slug":"conakry-communique-dedg-3","status":"publish","type":"post","link":"https:\/\/conakrynews.org\/index.php\/conakry-communique-dedg-3\/","title":{"rendered":"Conakry : Communiqu\u00e9 D\u2019EDG"},"content":{"rendered":"<table width=\"745\">\n<tbody>\n<tr>\n<td width=\"745\">\u00a0\u00a0\u00a0\u00a0\u00a0\u00a0\u00a0\u00a0 <strong>COMMUNIQU<\/strong><strong>\u00c9<\/strong><strong>\u00a0\u00a0 \u00a0\u00a0\u00a0\u00a0\u00a0\u00a0\u00a0\u00a0\u00a0\u00a0\u00a0\u00a0\u00a0\u00a0\u00a0\u00a0\u00a0<\/strong>N\u00b03<strong>\u00a0\u00a0 <\/strong><\/td>\n<\/tr>\n<tr>\n<td width=\"745\">&nbsp;<\/p>\n<p>R\u00c9PUBLIQUE DE GUIN\u00c9E<\/p>\n<p>MINIST\u00c8RE DE L\u2019\u00c9NERGIE ET DE L\u2019HYDRAULIQUE (MEH)<\/p>\n<p>\u00c9LECTRICITE DE GUIN\u00c9E<\/p>\n<p>PROJET D\u2019AM\u00c9LIORATION DE L\u2019ACC\u00c8S A L\u2019\u00c9LECTRICIT\u00c9 EN GUINE\u00c9<\/p>\n<p><strong>PLAN D\u2019ACTION DE R\u00c9INSTALLATION DES POPULATIONS (PAR)<\/strong><\/p>\n<p>SOLLICITATION DES AVIS ET DES COMMENTAIRES DU PUBLIC SUR LE RAPPORT DU PAR<\/p>\n<p>&nbsp;<\/p>\n<p><strong>1. INTRODUCTION<\/strong><\/p>\n<p>&nbsp;<\/p>\n<p>Le Gouvernement de la R\u00e9publique de Guin\u00e9e, avec l\u2019appui de la Banque Mondiale, a pr\u00e9par\u00e9 un prospectus d&rsquo;investissement pour l&rsquo;acc\u00e8s \u00e0 l&rsquo;\u00e9lectricit\u00e9 2016-2020 visant \u00e0 doubler le taux d&rsquo;acc\u00e8s \u00e0 l&rsquo;\u00e9lectricit\u00e9 du taux actuel de 18% \u00e0 36% dans les cinq prochaines ann\u00e9es, vers un acc\u00e8s universel d&rsquo;ici \u00e0 2030. Une table ronde des donateurs a eu lieu \u00e0 la mi-novembre 2017 \u00e0 Paris pour pr\u00e9senter le prospectus et mobilis\u00e9 environ 380 millions sur 645 millions de dollars pour la mise en \u0153uvre du programme national d&rsquo;acc\u00e8s.<\/p>\n<p>&nbsp;<\/p>\n<p>Le Projet d\u2019Am\u00e9lioration de l\u2019Acc\u00e8s \u00e0 l\u2019Electricit\u00e9 en Guin\u00e9e (PAAEG) s\u2019inscrit dans ce cadre et vise l\u2019am\u00e9lioration de l\u2019acc\u00e8s \u00e0 l\u2019\u00e9lectricit\u00e9 dans des r\u00e9gions s\u00e9lectionn\u00e9es \u00e0 travers une logique de connexion \u00e0 moindre co\u00fbt via : (i) la normalisation des branchements ill\u00e9gaux ; (ii) le renforcement, la densification et l\u2019extension des r\u00e9seaux \u00e9lectriques de distribution ; et (iii) l\u2019\u00e9lectrification des localit\u00e9s rurales avec des solutions hors r\u00e9seaux. Le projet PAAEG sera financ\u00e9 par l\u2019Association Internationale pour le D\u00e9veloppement (IDA) et l\u2019Agence Fran\u00e7aise de D\u00e9veloppement (AFD).<\/p>\n<p>&nbsp;<\/p>\n<p>Electricit\u00e9 de Guin\u00e9e (EDG), pour le compte du Minist\u00e8re de l&rsquo;Energie et de l&rsquo;Hydraulique (MEH), a pr\u00e9par\u00e9 l\u2019\u00e9tude du Plan d\u2019Action de R\u00e9installation du projet r\u00e9habilitation et d\u2019extension des r\u00e9seaux \u00e9lectriques de distribution \u00e0 Man\u00e9ah, Coyah et Dubr\u00e9ka. Cette \u00e9tude du PAR s\u2019inscrit dans le cadre des \u00e9tudes environnementales qui visent \u00e0 optimiser le projet dans son cycle de vie au complet. Elle met l\u2019accent sur l\u2019identification des PAP et leurs biens, les bar\u00e8mes d\u2019indemnisation et la conformit\u00e9 avec les derni\u00e8res directives nationales et internationales.<\/p>\n<p>&nbsp;<\/p>\n<p><strong>2 BREVE PRESENTATION DES COMPOSANTES DU PROJET :<\/strong><\/p>\n<p>&nbsp;<\/p>\n<p>Les travaux de r\u00e9habilitation et d\u2019extension des r\u00e9seaux \u00e9lectriques de distribution \u00e0 Dubr\u00e9ka, Coyah et Man\u00e9ah consistent \u00e0 r\u00e9aliser des investissements destin\u00e9s \u00e0 am\u00e9liorer les performances du r\u00e9seau actuel et \u00e0 l\u2019\u00e9tendre \u00e0 des zones non encore desservies. Au total, le projet permettra de construire 93,391 km ligne mixte, 80,392 km de ligne MT et 1047 km de ligne BT. Concernant les postes, 82 anciens seront r\u00e9habilit\u00e9s et 260 nouveaux seront construits. Les postes de distribution seront du type \u00ab\u00a0cabines ma\u00e7onn\u00e9es basses\u00a0\u00bb et de type H61.<\/p>\n<p>&nbsp;<\/p>\n<p>L\u2019am\u00e9nagement des emprises de lignes MT\/BT impliquera l\u2019acquisition des servitudes de terrain. Les visites effectu\u00e9es dans le cadre de cette \u00e9tude montrent que les terrains concern\u00e9s sont en g\u00e9n\u00e9ral d\u00e9nud\u00e9s, habit\u00e9s ou cultiv\u00e9s. Il est possible donc que les travaux d\u2019implantation des lignes gr\u00e8vent les revenus de certaines personnes qui cultiveront dans les emprises au moment des travaux.<\/p>\n<p>&nbsp;<\/p>\n<p>L\u2019utilisation de chemins dans l\u2019emprise de la ligne dans des zones cultiv\u00e9es durant la construction pourrait grever temporairement les revenus de certaines personnes. N\u00e9anmoins, il est possible d\u2019\u00e9viter ces cultures en tenant compte du calendrier de r\u00e9alisation des travaux. De plus, les effets de la r\u00e9installation pourraient \u00eatre r\u00e9duits en limitant l\u2019usage de la machinerie lourde et en effectuant la majeure partie des travaux manuellement.<\/p>\n<p>&nbsp;<\/p>\n<p>Les superficies n\u00e9cessaires \u00e0 l\u2019am\u00e9nagement des pistes d\u2019entretien et l\u2019implantation des poteaux repr\u00e9sentent des pertes d\u00e9finitives de terrains qui sont soustraits \u00e0 d\u2019autres usages.<\/p>\n<p>&nbsp;<\/p>\n<p>Les travaux de construction des 260 nouveaux postes cabines ma\u00e7onn\u00e9s dans les Communes urbaines de Dubr\u00e9ka et Coyah et la Commune rurale de Man\u00e9ah, requi\u00e8rent l&rsquo;acquisition permanente de terrains. Les terrains cibl\u00e9s pour la construction de ces postes appartiennent tant\u00f4t \u00e0 l\u2019\u00c9tat, tant\u00f4t \u00e0 des particuliers et actuellement occup\u00e9s pour divers buts (habitations, activit\u00e9s socio\u00e9conomiques). Ceux appartenant \u00e0 des particuliers n\u2019ayant pas fait l\u2019objet de d\u00e9claration d\u2019utilit\u00e9 publique doivent pr\u00e9alablement l\u2019\u00eatre ou \u00e0 d\u00e9faut, EDG doit n\u00e9gocier avec ces propri\u00e9taires sur les modalit\u00e9s d\u2019acquisition de ces terrains. L\u2019emprise des 82 postes \u00e0 r\u00e9habiliter est aussi occup\u00e9e par des particuliers pour diff\u00e9rentes activit\u00e9s socio\u00e9conomiques. Les travaux de r\u00e9habilitation n\u00e9cessiteront que ces espaces soient lib\u00e9r\u00e9s temporairement. Ainsi, les travaux de Construction\/ R\u00e9habilitation des 342 postes cabines dans les localit\u00e9s concern\u00e9es et leur exploitation occasionneront la r\u00e9installation \u00e9conomique ou physique involontaire.<\/p>\n<p>&nbsp;<\/p>\n<p><strong>3. OBJECTIFS ET PRINCIPES DU PLAN DE REINSTALLATION DES POPULATIONS (PAR)\u00a0:<\/strong><\/p>\n<p>&nbsp;<\/p>\n<p>Les objectifs du PAR sont de :<\/p>\n<p>&#8211;\u00a0\u00a0\u00a0\u00a0\u00a0\u00a0\u00a0\u00a0\u00a0 minimiser l\u2019expropriation de terres et la r\u00e9installation des populations en \u00e9tudiant toutes les alternatives viables ;<\/p>\n<p>&#8211;\u00a0\u00a0\u00a0\u00a0\u00a0\u00a0\u00a0\u00a0\u00a0 s\u2019 assurer que les personnes affect\u00e9es par le projet (PAP) soient consult\u00e9es et aient l\u2019opportunit\u00e9 de participer aux \u00e9tapes du processus d\u2019\u00e9laboration et de mise en \u0153uvre des activit\u00e9s de compensation et de r\u00e9installation ;<\/p>\n<p>&#8211;\u00a0\u00a0\u00a0\u00a0\u00a0\u00a0\u00a0\u00a0\u00a0 s\u2019assurer que les indemnisations soient d\u00e9termin\u00e9es en rapport avec les effets subis, afin qu\u2019aucune personne affect\u00e9e par le Projet ne soit p\u00e9nalis\u00e9e de fa\u00e7on disproportionn\u00e9e ;<\/p>\n<p>&#8211;\u00a0\u00a0\u00a0\u00a0\u00a0\u00a0\u00a0\u00a0\u00a0 s\u2019assurer que les personnes affect\u00e9es soient assist\u00e9es dans leurs efforts pour am\u00e9liorer leurs moyens d\u2019existence et leur niveau de vie ou, du moins, de les r\u00e9tablir, en termes r\u00e9els, \u00e0 leur niveau avant le d\u00e9placement ou \u00e0 celui avant la mise en \u0153uvre du Projet, selon le cas le plus avantageux pour elles ;<\/p>\n<p>&#8211;\u00a0\u00a0\u00a0\u00a0\u00a0\u00a0\u00a0\u00a0\u00a0 s\u2019assurer que les activit\u00e9s de compensation et de r\u00e9installation soient con\u00e7ues et ex\u00e9cut\u00e9es en tant que programmes de d\u00e9veloppement durable, fournissant suffisamment de ressources d\u2019investissement pour que les personnes affect\u00e9es par le Projet aient l\u2019opportunit\u00e9 d\u2019en partager les b\u00e9n\u00e9fices ;<\/p>\n<p>&#8211;\u00a0\u00a0\u00a0\u00a0\u00a0\u00a0\u00a0\u00a0\u00a0 s\u2019 assurer que les droits humains des personnes affect\u00e9es par le Projet soient pleinement respect\u00e9s et que le processus de compensation et de r\u00e9installation soit \u00e9quitable, transparent, efficace et rassurant ;<\/p>\n<p>&#8211;\u00a0\u00a0\u00a0\u00a0\u00a0\u00a0\u00a0\u00a0\u00a0 porter une attention particuli\u00e8re aux besoins des groupes vuln\u00e9rables parmi les personnes affect\u00e9es.<\/p>\n<p>&nbsp;<\/p>\n<p>&nbsp;<\/p>\n<p><strong>4. DISPONIBILITE DE LA VERSION COMPLETE DU RAPPORT DU PAR\u00a0:<\/strong><\/p>\n<p>&nbsp;<\/p>\n<p>La version compl\u00e8te du rapport PAR peut \u00eatre consult\u00e9e sur le site <a href=\"http:\/\/www.edg.com.gn\">www.edg.com.gn<\/a><\/p>\n<p>&nbsp;<\/p>\n<p><strong>5. AVIS ET COMMENTAIRES\u00a0:<\/strong><\/p>\n<p><strong>\u00a0<\/strong><\/p>\n<p>L\u2019Electricit\u00e9 de Guin\u00e9e invite le public national et international \u00e0 consulter le rapport PAR, et \u00e0 faire part des commentaires au plus tard le 29 novembre 2018 \u00e0 16h30 aux contacts suivants\u00a0:<\/p>\n<p>&nbsp;<\/p>\n<p>1. M. S\u00e9kou FOFANA, environnementaliste du PAAEG, Electricit\u00e9 de Guin\u00e9e,<\/p>\n<p>T\u00e9l\u00e9phone\u00a0: 622 93 50 68<\/p>\n<p>Email\u00a0: <a href=\"mailto:sekouyarougafofana@yahoo.fr\">sekouyarougafofana@yahoo.fr<\/a><\/p>\n<p>&nbsp;<\/p>\n<p>2.M. Madiou DIALLO, Chef du D\u00e9partement Communication, Electricit\u00e9 de Guin\u00e9e<\/p>\n<p>T\u00e9l\u00e9phone : 622 62 20 94<\/p>\n<p>Email : <a href=\"mailto:madioudialloedg@yahoo.fr\">madioudialloedg@yahoo.fr<\/a><\/p>\n<p>&nbsp;<\/td>\n<\/tr>\n<\/tbody>\n<\/table>\n<p><img loading=\"lazy\" decoding=\"async\" class=\"alignnone size-full wp-image-2619\" src=\"https:\/\/conakrynews.org\/wp-content\/uploads\/2018\/10\/EDG-guin\u00e9e-512x350.jpg\" alt=\"\" width=\"512\" height=\"350\" srcset=\"https:\/\/conakrynews.org\/wp-content\/uploads\/2018\/10\/EDG-guin\u00e9e-512x350.jpg 512w, https:\/\/conakrynews.org\/wp-content\/uploads\/2018\/10\/EDG-guin\u00e9e-512x350-218x150.jpg 218w\" sizes=\"auto, (max-width: 512px) 100vw, 512px\" \/><\/p>\n","protected":false},"excerpt":{"rendered":"<p>\u00a0\u00a0\u00a0\u00a0\u00a0\u00a0\u00a0\u00a0 COMMUNIQU\u00c9\u00a0\u00a0 \u00a0\u00a0\u00a0\u00a0\u00a0\u00a0\u00a0\u00a0\u00a0\u00a0\u00a0\u00a0\u00a0\u00a0\u00a0\u00a0\u00a0N\u00b03\u00a0\u00a0 &nbsp; R\u00c9PUBLIQUE DE GUIN\u00c9E MINIST\u00c8RE DE L\u2019\u00c9NERGIE ET DE L\u2019HYDRAULIQUE (MEH) \u00c9LECTRICITE DE GUIN\u00c9E PROJET D\u2019AM\u00c9LIORATION DE L\u2019ACC\u00c8S A L\u2019\u00c9LECTRICIT\u00c9 EN GUINE\u00c9 PLAN D\u2019ACTION DE R\u00c9INSTALLATION DES POPULATIONS (PAR) SOLLICITATION DES AVIS ET DES COMMENTAIRES DU PUBLIC SUR LE RAPPORT DU PAR &nbsp; 1. INTRODUCTION &nbsp; Le Gouvernement de la R\u00e9publique de [&hellip;]<\/p>\n","protected":false},"author":2,"featured_media":2619,"comment_status":"open","ping_status":"open","sticky":false,"template":"","format":"standard","meta":{"footnotes":""},"categories":[1],"tags":[],"class_list":{"0":"post-2640","1":"post","2":"type-post","3":"status-publish","4":"format-standard","5":"has-post-thumbnail","7":"category-non-classe"},"_links":{"self":[{"href":"https:\/\/conakrynews.org\/index.php\/wp-json\/wp\/v2\/posts\/2640","targetHints":{"allow":["GET"]}}],"collection":[{"href":"https:\/\/conakrynews.org\/index.php\/wp-json\/wp\/v2\/posts"}],"about":[{"href":"https:\/\/conakrynews.org\/index.php\/wp-json\/wp\/v2\/types\/post"}],"author":[{"embeddable":true,"href":"https:\/\/conakrynews.org\/index.php\/wp-json\/wp\/v2\/users\/2"}],"replies":[{"embeddable":true,"href":"https:\/\/conakrynews.org\/index.php\/wp-json\/wp\/v2\/comments?post=2640"}],"version-history":[{"count":0,"href":"https:\/\/conakrynews.org\/index.php\/wp-json\/wp\/v2\/posts\/2640\/revisions"}],"wp:featuredmedia":[{"embeddable":true,"href":"https:\/\/conakrynews.org\/index.php\/wp-json\/wp\/v2\/media\/2619"}],"wp:attachment":[{"href":"https:\/\/conakrynews.org\/index.php\/wp-json\/wp\/v2\/media?parent=2640"}],"wp:term":[{"taxonomy":"category","embeddable":true,"href":"https:\/\/conakrynews.org\/index.php\/wp-json\/wp\/v2\/categories?post=2640"},{"taxonomy":"post_tag","embeddable":true,"href":"https:\/\/conakrynews.org\/index.php\/wp-json\/wp\/v2\/tags?post=2640"}],"curies":[{"name":"wp","href":"https:\/\/api.w.org\/{rel}","templated":true}]}}