{"id":2658,"date":"2018-11-08T10:44:57","date_gmt":"2018-11-08T09:44:57","guid":{"rendered":"https:\/\/conakrynews.org\/?p=2658"},"modified":"2018-11-08T17:18:45","modified_gmt":"2018-11-08T16:18:45","slug":"conakry-ministre-oye-preparatifs-de-cop-24","status":"publish","type":"post","link":"https:\/\/conakrynews.org\/index.php\/conakry-ministre-oye-preparatifs-de-cop-24\/","title":{"rendered":"Conakry : Le Ministre Oy\u00e9  sur les pr\u00e9paratifs de la COP 24"},"content":{"rendered":"<p><b>A l\u2019occasion d\u2019un entretien exclusif avec\u00a0 \u00a0des repr\u00e9sentants\u00a0 de quelques\u00a0 \u00a0organes\u00a0 de\u00a0 m\u00e9dias\u00a0ce mercredi 07 Novembre 2018 \u00e0 Conakry, le ministre de l\u2019Environnement, des Eaux et Forets, Oye Guilavogui\u00a0 a r\u00e9pondu\u00a0 aux \u00a0questionnaires des journalistes par rapport \u00e0 la participation de la Guin\u00e9e \u00e0 la 24 \u00e8me Conf\u00e9rence Internationales des Nations Unies sur les Changements Climatiques (COP24), qui se tiendra le 03 au 14 D\u00e9cembre \u00a0\u00e0 Katowice(Pologne).<\/b><\/p>\n<p>&nbsp;<\/p>\n<p>Dans son intervention, le Ministre de L\u2019Environnement, des Eaux et Foret, Oy\u00e9 Guilavogui\u00a0 \u00a0a\u00a0 d\u00e9clar\u00e9 que cette rencontre\u00a0 sera \u00a0d&rsquo;une importance capitale pour la Guin\u00e9e.<\/p>\n<p><a href=\"https:\/\/www.facebook.com\/mariame.camara.355\">\u00a0<img loading=\"lazy\" decoding=\"async\" class=\"alignnone size-medium wp-image-2659\" src=\"https:\/\/conakrynews.org\/wp-content\/uploads\/2018\/11\/oy\u00e9-500x375.jpg\" alt=\"\" width=\"500\" height=\"375\" srcset=\"https:\/\/conakrynews.org\/wp-content\/uploads\/2018\/11\/oy\u00e9-500x375.jpg 500w, https:\/\/conakrynews.org\/wp-content\/uploads\/2018\/11\/oy\u00e9-768x576.jpg 768w, https:\/\/conakrynews.org\/wp-content\/uploads\/2018\/11\/oy\u00e9.jpg 960w\" sizes=\"auto, (max-width: 500px) 100vw, 500px\" \/><\/a>Et d\u2019ajouter, le ministre Oy\u00e9 est\u00a0 revenu\u00a0\u00a0\u00a0 sur les pr\u00e9c\u00e9dentes Cop qui ont marqu\u00e9es les esprits notamment celle de la 21eme \u00e9dition t\u00e9nue \u00e0 Paris, ou plusieurs grandes recommandations furent faites. Mais aussi la 22eme Cop t\u00e9nue au Marrakech qui selon lui est la plus importante pour les pays africains. A cette rencontre au dire du ministre, les pays africains furent partag\u00e9s \u00a0en 3 grands \u00a0blocs. \u00ab\u00a0Ce qui avait permis \u00e0 chacune des r\u00e9gions\u00a0 de faire le \u00a0montage d&rsquo;un plan d&rsquo;investissement. Donc, un montant de 440milliards de dollar a \u00e9t\u00e9 \u00a0vot\u00e9 par la r\u00e9gion sah\u00e9lienne dont la guin\u00e9e est \u00e9galement \u00a0\u00a0membre\u00a0\u00bb, a pr\u00e9cis\u00e9 le\u00a0 Ministre Oy\u00e9.<\/p>\n<p>Avant de rappeler\u00a0:\u00a0\u00ab\u00a0Ceci devra permettre le financement des projets des pays membres de ladite zone. Cette 24\u00e8me \u00e9dition de la Conf\u00e9rence des Parties \u00e0 la Convention-cadre des Nations Unies sur les changements climatiques (CCNUCC) est consid\u00e9r\u00e9e comme la concr\u00e9tisation des pr\u00e9c\u00e9dentes rencontres parce qu\u2019elle \u00a0\u00a0va se\u00a0 tenir en pr\u00e9sence de tous les \u00c9tats et bailleurs de fond tout en donnant ainsi l&rsquo;opportunit\u00e9 a chacun des groupes de d\u00e9fendre son int\u00e9r\u00eat\u00a0\u00bb, a-t-il rappel\u00e9.<\/p>\n<p>&nbsp;<\/p>\n<p>&nbsp;<\/p>\n<p>Avant de souligner\u00a0:\u00a0\u00ab\u00a0Il adviendra ainsi \u00e0 la r\u00e9gion sah\u00e9lienne dont la Guin\u00e9e est membre de faire des plaidoyer afin de mobiliser le montant \u00a0de \u00a0440 milliards de dollars cit\u00e9\u00a0 et dont\u00a0 notre pays\u00a0 \u00a0pourrait endoss\u00e9 \u00a0\u00a0\u00a0\u00a011 milliards de dollars.<\/p>\n<p>&nbsp;<\/p>\n<p>Pour mettre un terme \u00e0 son intervention, le \u00a0Guin\u00e9e\u00a0 a annonc\u00e9\u00a0\u00a0\u00a0 le projet de reboisement de 60 Hectar dont la Guin\u00e9e va bient\u00f4t b\u00e9n\u00e9ficier. Avant de faire \u00a0savoir que la\u00a0\u00a0 guin\u00e9e est le porte \u00a0flambeau de l&rsquo;\u00e9nergie renouvelable\u00a0 \u00e0 travers \u00a0des r\u00e9sultats enregistr\u00e9s \u00a0dans la mise place des barrages solaires.<\/p>\n<p>Sylla Ibrahima Kalil pour <strong><a href=\"https:\/\/conakrynews.org\">www.conakrynews.org<\/a> 625444534 <\/strong><\/p>\n<p><strong>\u00a0<\/strong><\/p>\n<p>&nbsp;<\/p>\n","protected":false},"excerpt":{"rendered":"<p>A l\u2019occasion d\u2019un entretien exclusif avec\u00a0 \u00a0des repr\u00e9sentants\u00a0 de quelques\u00a0 \u00a0organes\u00a0 de\u00a0 m\u00e9dias\u00a0ce mercredi 07 Novembre 2018 \u00e0 Conakry, le ministre de l\u2019Environnement, des Eaux et Forets, Oye Guilavogui\u00a0 a r\u00e9pondu\u00a0 aux \u00a0questionnaires des journalistes par rapport \u00e0 la participation de la Guin\u00e9e \u00e0 la 24 \u00e8me Conf\u00e9rence Internationales des Nations Unies sur les Changements [&hellip;]<\/p>\n","protected":false},"author":2,"featured_media":2659,"comment_status":"open","ping_status":"open","sticky":false,"template":"","format":"standard","meta":{"footnotes":""},"categories":[1],"tags":[],"class_list":{"0":"post-2658","1":"post","2":"type-post","3":"status-publish","4":"format-standard","5":"has-post-thumbnail","7":"category-non-classe"},"_links":{"self":[{"href":"https:\/\/conakrynews.org\/index.php\/wp-json\/wp\/v2\/posts\/2658","targetHints":{"allow":["GET"]}}],"collection":[{"href":"https:\/\/conakrynews.org\/index.php\/wp-json\/wp\/v2\/posts"}],"about":[{"href":"https:\/\/conakrynews.org\/index.php\/wp-json\/wp\/v2\/types\/post"}],"author":[{"embeddable":true,"href":"https:\/\/conakrynews.org\/index.php\/wp-json\/wp\/v2\/users\/2"}],"replies":[{"embeddable":true,"href":"https:\/\/conakrynews.org\/index.php\/wp-json\/wp\/v2\/comments?post=2658"}],"version-history":[{"count":0,"href":"https:\/\/conakrynews.org\/index.php\/wp-json\/wp\/v2\/posts\/2658\/revisions"}],"wp:featuredmedia":[{"embeddable":true,"href":"https:\/\/conakrynews.org\/index.php\/wp-json\/wp\/v2\/media\/2659"}],"wp:attachment":[{"href":"https:\/\/conakrynews.org\/index.php\/wp-json\/wp\/v2\/media?parent=2658"}],"wp:term":[{"taxonomy":"category","embeddable":true,"href":"https:\/\/conakrynews.org\/index.php\/wp-json\/wp\/v2\/categories?post=2658"},{"taxonomy":"post_tag","embeddable":true,"href":"https:\/\/conakrynews.org\/index.php\/wp-json\/wp\/v2\/tags?post=2658"}],"curies":[{"name":"wp","href":"https:\/\/api.w.org\/{rel}","templated":true}]}}