{"id":2661,"date":"2018-11-08T10:48:32","date_gmt":"2018-11-08T09:48:32","guid":{"rendered":"https:\/\/conakrynews.org\/?p=2661"},"modified":"2018-11-08T10:48:32","modified_gmt":"2018-11-08T09:48:32","slug":"societe-upf-guinee-invite-hommes-de-medias-a-sensibilisation-candidats-migration","status":"publish","type":"post","link":"https:\/\/conakrynews.org\/index.php\/societe-upf-guinee-invite-hommes-de-medias-a-sensibilisation-candidats-migration\/","title":{"rendered":"Soci\u00e9t\u00e9 : UPF \u2013Guin\u00e9e  invite   les hommes de m\u00e9dias  \u00e0  la sensibilisation des candidats  sur la  migration."},"content":{"rendered":"<p><strong>\u00a0Les membres de l\u2019Union Internationale de la Presse Francophone Section-Guin\u00e9e\u00a0 \u00e9taient devant la presse ce \u00a0mercredi \u00a007 novembre 2018 pour restituer les grand axes\u00a0 de cette \u00a047 assises de la presse francophone qui s\u2019est tenue du 09 au 11 octobre dernier\u00a0\u00a0\u00e0 Tsaghkadzor, \u00e0 environs 65 km d\u2019Erevan, la capitale Arm\u00e9nienne sous le th\u00e8me : \u2018\u2019m\u00e9dias et migrations\u2019\u2019.<\/strong><\/p>\n<p>Durant trois jours de travaux, \u00a0cette rencontre a mobilis\u00e9 pr\u00e8s \u00a0300 journalistes venant d\u2019une cinquantaine de pays pour se statuer sur\u00a0 des \u00a0questions migratoires\u00a0 dans l\u2019espace francophone.<\/p>\n<p>Vu l\u2019importance et la port\u00e9e de ce th\u00e8me, la Section guin\u00e9enne de l\u2019UNION DE LA Presse Francophone\u00a0\u00a0 a voulu restituer les grands axes \u00a0de cette rencontre internationale.<\/p>\n<p>Ibrahima Kon\u00e9, pr\u00e9sident de l\u2019UPF \u2013Guin\u00e9e,a d\u00e9clar\u00e9\u00a0:\u00a0\u00ables hommes m\u00e9dias doivent s\u2019impliquer dans la sensibilisation des jeunes candidats \u00e0 la migration.\u00a0Les m\u00e9dias ont une responsabilit\u00e9 \u00e0 double tranchant ainsi qu\u2019une responsabilit\u00e9 dans le processus d\u2019int\u00e9gration des migrants et une responsabilit\u00e9 de refl\u00e9ter les images objective, autrement dit arr\u00eater de faire fonctionner la machine des sensationnalistes \u00a0\u00bb explique t-il.<\/p>\n<p>De poursuivre, il\u00a0 a pr\u00e9cis\u00e9 \u00a0que la Guin\u00e9e est un pays \u00a0de d\u00e9part des migrants. \u00ab\u00a0Aujourd\u2019hui, nous savons \u00a0que la Guin\u00e9e est un pays de d\u00e9part o\u00f9 il ya eu beaucoup de\u00a0jeunes\u00a0 qui sont partis \u00a0\u00e0 l\u2019\u00e9tranger, qui pour atteindre leur \u00a0destination posent \u00a0d\u2019\u00e9normes probl\u00e8mes aux pays d\u2019accueils. Nous les \u00a0hommes de medias, il faut qu\u2019on comprenne que nous devons jouer un r\u00f4le\u00a0 celui de \u00a0sensibiliser les jeunes Guin\u00e9ens \u00e0 pouvoir \u00a0l\u2019avenir \u00a0en Guin\u00e9e. Et interpeller l\u2019Etat Guin\u00e9en de pouvoir donner cette chance \u00e0 la jeunesse guin\u00e9enne d\u2019avoir cet esprit de dire\u00a0; je ne pars pas, je dois b\u00e2tir mon avenir en Guin\u00e9e\u00a0\u00bb, pr\u00e9cis\u00e9 le Pr\u00e9sident Ibrahima Kon\u00e9.<\/p>\n<p>Pr\u00e9sent \u00e0 cette rencontre, Amara Sompar\u00e9, Ministre de l\u2019Information et de la Communication, Amara Sompar\u00e9 a f\u00e9licit\u00e9 l\u2019UPF-Guin\u00e9e\u00a0 \u00a0pour le travail abattu. \u00ab\u00a0Tout d\u2019abord, je\u00a0 f\u00e9licite l\u2019UPF pour le travail \u00e9norme qu\u2019elle a abattu dans le cadre de la formation et ensuite lui apport\u00e9 \u00a0un appui pour la sensibilisation des journalistes dans le cadre de la lutte contre la migration clandestine. Il est vrai que c\u2019est une question de soci\u00e9t\u00e9 en Guin\u00e9e et \u00e0 travers l\u2019Afrique. Il est extr\u00eamement important en tant que medias \u00a0et en tant qu\u2019institution du gouvernement. De prendre \u00a0nos responsabilit\u00e9s pour sensibiliser les jeunes afin de leurs d\u00e9courager \u00e0 tenter une aventure extr\u00eamement risqu\u00e9e pour leur int\u00e9grit\u00e9 physique et pour leur vie\u00a0\u00bb a conclu \u00a0le ministre Amara Sompar\u00e9<img loading=\"lazy\" decoding=\"async\" class=\"alignnone size-medium wp-image-2662\" src=\"https:\/\/conakrynews.org\/wp-content\/uploads\/2018\/11\/photo-upf-500x375.jpg\" alt=\"\" width=\"500\" height=\"375\" srcset=\"https:\/\/conakrynews.org\/wp-content\/uploads\/2018\/11\/photo-upf-500x375.jpg 500w, https:\/\/conakrynews.org\/wp-content\/uploads\/2018\/11\/photo-upf-768x576.jpg 768w, https:\/\/conakrynews.org\/wp-content\/uploads\/2018\/11\/photo-upf.jpg 960w\" sizes=\"auto, (max-width: 500px) 100vw, 500px\" \/><\/p>\n<p><strong>Oumar konat\u00e9 pour\u00a0<a href=\"https:\/\/conakrynews.org\/\">conakrynews.org<\/a> 657066980<\/strong><\/p>\n<p><strong>Haut du formulaire<\/strong><\/p>\n<p><strong>Bas du formulaire<\/strong><\/p>\n<p><strong>\u00a0<\/strong><\/p>\n","protected":false},"excerpt":{"rendered":"<p>\u00a0Les membres de l\u2019Union Internationale de la Presse Francophone Section-Guin\u00e9e\u00a0 \u00e9taient devant la presse ce \u00a0mercredi \u00a007 novembre 2018 pour restituer les grand axes\u00a0 de cette \u00a047 assises de la presse francophone qui s\u2019est tenue du 09 au 11 octobre dernier\u00a0\u00a0\u00e0 Tsaghkadzor, \u00e0 environs 65 km d\u2019Erevan, la capitale Arm\u00e9nienne sous le th\u00e8me : \u2018\u2019m\u00e9dias [&hellip;]<\/p>\n","protected":false},"author":2,"featured_media":2662,"comment_status":"open","ping_status":"open","sticky":false,"template":"","format":"standard","meta":{"footnotes":""},"categories":[1],"tags":[],"class_list":{"0":"post-2661","1":"post","2":"type-post","3":"status-publish","4":"format-standard","5":"has-post-thumbnail","7":"category-non-classe"},"_links":{"self":[{"href":"https:\/\/conakrynews.org\/index.php\/wp-json\/wp\/v2\/posts\/2661","targetHints":{"allow":["GET"]}}],"collection":[{"href":"https:\/\/conakrynews.org\/index.php\/wp-json\/wp\/v2\/posts"}],"about":[{"href":"https:\/\/conakrynews.org\/index.php\/wp-json\/wp\/v2\/types\/post"}],"author":[{"embeddable":true,"href":"https:\/\/conakrynews.org\/index.php\/wp-json\/wp\/v2\/users\/2"}],"replies":[{"embeddable":true,"href":"https:\/\/conakrynews.org\/index.php\/wp-json\/wp\/v2\/comments?post=2661"}],"version-history":[{"count":0,"href":"https:\/\/conakrynews.org\/index.php\/wp-json\/wp\/v2\/posts\/2661\/revisions"}],"wp:featuredmedia":[{"embeddable":true,"href":"https:\/\/conakrynews.org\/index.php\/wp-json\/wp\/v2\/media\/2662"}],"wp:attachment":[{"href":"https:\/\/conakrynews.org\/index.php\/wp-json\/wp\/v2\/media?parent=2661"}],"wp:term":[{"taxonomy":"category","embeddable":true,"href":"https:\/\/conakrynews.org\/index.php\/wp-json\/wp\/v2\/categories?post=2661"},{"taxonomy":"post_tag","embeddable":true,"href":"https:\/\/conakrynews.org\/index.php\/wp-json\/wp\/v2\/tags?post=2661"}],"curies":[{"name":"wp","href":"https:\/\/api.w.org\/{rel}","templated":true}]}}