{"id":2666,"date":"2018-11-09T10:50:54","date_gmt":"2018-11-09T09:50:54","guid":{"rendered":"https:\/\/conakrynews.org\/?p=2666"},"modified":"2018-11-09T10:54:27","modified_gmt":"2018-11-09T09:54:27","slug":"guinee-lambassade-ditalie-guinee-desormais-operationnelle","status":"publish","type":"post","link":"https:\/\/conakrynews.org\/index.php\/guinee-lambassade-ditalie-guinee-desormais-operationnelle\/","title":{"rendered":"Guin\u00e9e : L\u2019Ambassade d\u2019Italie en  Guin\u00e9e  d\u00e9sormais op\u00e9rationnelle"},"content":{"rendered":"<p>Le Jeudi 08 Novembre 2018, une grande c\u00e9r\u00e9monie a \u00e9t\u00e9 organis\u00e9e rouvrir l\u2019Ambassade d\u2019Italie en R\u00e9publique de Guin\u00e9e apr\u00e8s 20 ans de fermeture. Cette importante c\u00e9r\u00e9monie s\u2019est d\u00e9roul\u00e9e en pr\u00e9sence de plusieurs personnalit\u00e9s notamment, le ministre de la s\u00e9curit\u00e9, le ministre de la Jeunesse,Mouctar Diallo, les corps diplomatiques consulaires accr\u00e9dit\u00e9s en Guin\u00e9e, les ressortissants Italiens en Guin\u00e9e etc\u2026<\/p>\n<p>&nbsp;<\/p>\n<p>Prenant la parole, le tout nouveau Ambassadeur d\u2019Italie en Guin\u00e9e, Livio SPADAVECCHIA , a f\u00e9licit\u00e9 les autorit\u00e9s guin\u00e9ennes \u00e0 tous les niveaux pour les nombreux efforts fournis \u00a0dans le cadre de de la reprise des relations diplomatiques entre les deux pays(l\u2019Italie et la Guin\u00e9e).\u00ab\u00a0Mon arriv\u00e9 en tant qu\u2019ambassadeur, est l\u2019expression d\u2019une politique forte et claire des relations d\u2019amiti\u00e9 et de coop\u00e9ration \u00a0\u00a0\u00a0entre nos deux pays\u00a0\u00bb, a pr\u00e9cis\u00e9.<\/p>\n<p>Avant de rappeler que certains citoyens Italiens <em>\u00a0\u00e9taient d\u00e9j\u00e0 en Guin\u00e9e pour concr\u00e9tiser les les activit\u00e9s de coop\u00e9ration allant dans le cadre du d\u00e9veloppement des deux pays.\u00a0\u00ab\u00a0<\/em>Parmi ces nombreux projets, il y a le jardin 2 octobre et le barrage hydro\u00e9lectrique de Garafiri etc\u00a0\u00bb, a soulign\u00e9 l\u2019Ambassadeur.<\/p>\n<p>Ibrahima Keira , Ministre de la s\u00e9curit\u00e9 , a remerci\u00e9 les autorit\u00e9s italiennes pour la relance des activit\u00e9s diplomatiques dans l\u2019int\u00e9r\u00eat g\u00e9n\u00e9ral des deux pays .<\/p>\n<p>&nbsp;<\/p>\n<p><em>\u00ab\u00a0Nous remercions les accords inestimables que vous nous faites dans le cadre du programme du d\u00e9veloppement \u00e9conomique de la Guin\u00e9e. Et sachez que le gouvernement guin\u00e9en est tout \u00e0 fait ouvert \u00e0 discuter de tous les contours des questions de coop\u00e9ration avec vous dans un esprit d\u2019ouverture, de disponibilit\u00e9 et surtout de contribuer avec vous \u00e0 la diversification et \u00e0 la consolidation des actions de coop\u00e9ration avec votre beau pays qui entretient depuis tr\u00e8s longtemps des relations tr\u00e8s importantes avec la Guin\u00e9e\u00a0\u00bb, a-t-il affirm\u00e9 le ministre<\/em>.<\/p>\n<p><em>Clore son intervention, il a dit \u00abNous avons maintenant l\u2019avantage d\u2019avoir sur place une mission diplomatique. Donc, \u00e7a sera beaucoup plus facile que les services nationaux rentrent en contact avec l\u2019ambassade par le biais du Minist\u00e8re des Affaires Etrang\u00e8res ou par le Minist\u00e8re de la Coop\u00e9ration.<\/em><\/p>\n<p><em><strong>Sylla Ibrahima Kalil pour www.Conakrynews.org 625444534<\/strong><\/em><\/p>\n<p><strong>\u00a0<\/strong><\/p>\n<p><strong>\u00a0<\/strong><img loading=\"lazy\" decoding=\"async\" class=\"alignnone size-medium wp-image-2667\" src=\"https:\/\/conakrynews.org\/wp-content\/uploads\/2018\/11\/photo-ambassade-b-375x375.jpg\" alt=\"\" width=\"375\" height=\"375\" srcset=\"https:\/\/conakrynews.org\/wp-content\/uploads\/2018\/11\/photo-ambassade-b-375x375.jpg 375w, https:\/\/conakrynews.org\/wp-content\/uploads\/2018\/11\/photo-ambassade-b-70x70.jpg 70w, https:\/\/conakrynews.org\/wp-content\/uploads\/2018\/11\/photo-ambassade-b-768x768.jpg 768w, https:\/\/conakrynews.org\/wp-content\/uploads\/2018\/11\/photo-ambassade-b.jpg 960w\" sizes=\"auto, (max-width: 375px) 100vw, 375px\" \/><\/p>\n","protected":false},"excerpt":{"rendered":"<p>Le Jeudi 08 Novembre 2018, une grande c\u00e9r\u00e9monie a \u00e9t\u00e9 organis\u00e9e rouvrir l\u2019Ambassade d\u2019Italie en R\u00e9publique de Guin\u00e9e apr\u00e8s 20 ans de fermeture. Cette importante c\u00e9r\u00e9monie s\u2019est d\u00e9roul\u00e9e en pr\u00e9sence de plusieurs personnalit\u00e9s notamment, le ministre de la s\u00e9curit\u00e9, le ministre de la Jeunesse,Mouctar Diallo, les corps diplomatiques consulaires accr\u00e9dit\u00e9s en Guin\u00e9e, les ressortissants Italiens [&hellip;]<\/p>\n","protected":false},"author":2,"featured_media":2667,"comment_status":"open","ping_status":"open","sticky":false,"template":"","format":"standard","meta":{"footnotes":""},"categories":[1],"tags":[],"class_list":{"0":"post-2666","1":"post","2":"type-post","3":"status-publish","4":"format-standard","5":"has-post-thumbnail","7":"category-non-classe"},"_links":{"self":[{"href":"https:\/\/conakrynews.org\/index.php\/wp-json\/wp\/v2\/posts\/2666","targetHints":{"allow":["GET"]}}],"collection":[{"href":"https:\/\/conakrynews.org\/index.php\/wp-json\/wp\/v2\/posts"}],"about":[{"href":"https:\/\/conakrynews.org\/index.php\/wp-json\/wp\/v2\/types\/post"}],"author":[{"embeddable":true,"href":"https:\/\/conakrynews.org\/index.php\/wp-json\/wp\/v2\/users\/2"}],"replies":[{"embeddable":true,"href":"https:\/\/conakrynews.org\/index.php\/wp-json\/wp\/v2\/comments?post=2666"}],"version-history":[{"count":0,"href":"https:\/\/conakrynews.org\/index.php\/wp-json\/wp\/v2\/posts\/2666\/revisions"}],"wp:featuredmedia":[{"embeddable":true,"href":"https:\/\/conakrynews.org\/index.php\/wp-json\/wp\/v2\/media\/2667"}],"wp:attachment":[{"href":"https:\/\/conakrynews.org\/index.php\/wp-json\/wp\/v2\/media?parent=2666"}],"wp:term":[{"taxonomy":"category","embeddable":true,"href":"https:\/\/conakrynews.org\/index.php\/wp-json\/wp\/v2\/categories?post=2666"},{"taxonomy":"post_tag","embeddable":true,"href":"https:\/\/conakrynews.org\/index.php\/wp-json\/wp\/v2\/tags?post=2666"}],"curies":[{"name":"wp","href":"https:\/\/api.w.org\/{rel}","templated":true}]}}