{"id":26712,"date":"2024-03-20T21:57:21","date_gmt":"2024-03-20T21:57:21","guid":{"rendered":"https:\/\/conakrynews.org\/?p=26712"},"modified":"2024-03-20T21:57:21","modified_gmt":"2024-03-20T21:57:21","slug":"cooperation-lunion-europeenne-reitere-son-accompagnement-a-la-guinee","status":"publish","type":"post","link":"https:\/\/conakrynews.org\/index.php\/cooperation-lunion-europeenne-reitere-son-accompagnement-a-la-guinee\/","title":{"rendered":"Coop\u00e9ration: l\u2019Union Europ\u00e9enne r\u00e9it\u00e8re son accompagnement \u00e0 la Guin\u00e9e"},"content":{"rendered":"<p>Le Premier ministre, Chef du Gouvernement, Amadou Oury BAH, a eu un entretien avec l\u2019Ambassadrice de l\u2019Union Europ\u00e9enne en Guin\u00e9e, Madame Jolita PONS, au palais de la Colombe. Il a \u00e9t\u00e9 question de coop\u00e9ration entre la Guin\u00e9e et l\u2019Union europ\u00e9enne et de partage d\u2019informations sur des questions d\u2019actualit\u00e9.<\/p>\n<p>Madame l\u2019Ambassadrice de l\u2019Union europ\u00e9enne a r\u00e9it\u00e9r\u00e9 le soutien et l\u2019accompagnement de son organisation au processus de transition en Guin\u00e9e. Elle a rassur\u00e9 de l\u2019engagement de l\u2019UE \u00e0 poursuivre son appui dans les secteurs de d\u00e9veloppement. Elle a mis \u00e0 profit la rencontre pour annoncer la prochaine visite de la Directrice G\u00e9n\u00e9rale Afrique de l\u2019Union Europ\u00e9enne charg\u00e9e des Affaires ext\u00e9rieures \u00e0 Conakry.<\/p>\n<p>Le Premier ministre a expos\u00e9 en d\u00e9tail les orientations strat\u00e9giques du gouvernement pour aborder les chantiers prioritaires, notamment dans les domaines de l\u2019\u00e9nergie, de l\u2019\u00e9ducation, de l\u2019assainissement, des infrastructures et le suivi du chronogramme de la transition pour un retour apais\u00e9 \u00e0 l\u2019ordre constitutionnel dans une d\u00e9marche inclusive.<\/p>\n<p>Avec CCG<\/p>\n","protected":false},"excerpt":{"rendered":"<p>Le Premier ministre, Chef du Gouvernement, Amadou Oury BAH, a eu un entretien avec l\u2019Ambassadrice de l\u2019Union Europ\u00e9enne en Guin\u00e9e, Madame Jolita PONS, au palais de la Colombe. Il a \u00e9t\u00e9 question de coop\u00e9ration entre la Guin\u00e9e et l\u2019Union europ\u00e9enne et de partage d\u2019informations sur des questions d\u2019actualit\u00e9. Madame l\u2019Ambassadrice de l\u2019Union europ\u00e9enne a r\u00e9it\u00e9r\u00e9 [&hellip;]<\/p>\n","protected":false},"author":2,"featured_media":26713,"comment_status":"closed","ping_status":"closed","sticky":false,"template":"","format":"standard","meta":{"footnotes":""},"categories":[57],"tags":[],"class_list":{"0":"post-26712","1":"post","2":"type-post","3":"status-publish","4":"format-standard","5":"has-post-thumbnail","7":"category-politique"},"_links":{"self":[{"href":"https:\/\/conakrynews.org\/index.php\/wp-json\/wp\/v2\/posts\/26712","targetHints":{"allow":["GET"]}}],"collection":[{"href":"https:\/\/conakrynews.org\/index.php\/wp-json\/wp\/v2\/posts"}],"about":[{"href":"https:\/\/conakrynews.org\/index.php\/wp-json\/wp\/v2\/types\/post"}],"author":[{"embeddable":true,"href":"https:\/\/conakrynews.org\/index.php\/wp-json\/wp\/v2\/users\/2"}],"replies":[{"embeddable":true,"href":"https:\/\/conakrynews.org\/index.php\/wp-json\/wp\/v2\/comments?post=26712"}],"version-history":[{"count":0,"href":"https:\/\/conakrynews.org\/index.php\/wp-json\/wp\/v2\/posts\/26712\/revisions"}],"wp:featuredmedia":[{"embeddable":true,"href":"https:\/\/conakrynews.org\/index.php\/wp-json\/wp\/v2\/media\/26713"}],"wp:attachment":[{"href":"https:\/\/conakrynews.org\/index.php\/wp-json\/wp\/v2\/media?parent=26712"}],"wp:term":[{"taxonomy":"category","embeddable":true,"href":"https:\/\/conakrynews.org\/index.php\/wp-json\/wp\/v2\/categories?post=26712"},{"taxonomy":"post_tag","embeddable":true,"href":"https:\/\/conakrynews.org\/index.php\/wp-json\/wp\/v2\/tags?post=26712"}],"curies":[{"name":"wp","href":"https:\/\/api.w.org\/{rel}","templated":true}]}}