{"id":26720,"date":"2024-03-21T10:38:57","date_gmt":"2024-03-21T10:38:57","guid":{"rendered":"https:\/\/conakrynews.org\/?p=26720"},"modified":"2024-03-21T10:39:18","modified_gmt":"2024-03-21T10:39:18","slug":"journee-internationale-des-forets-declaration-de-madame-la-ministre-de-lenvironnement-et-du-developpement-durable","status":"publish","type":"post","link":"https:\/\/conakrynews.org\/index.php\/journee-internationale-des-forets-declaration-de-madame-la-ministre-de-lenvironnement-et-du-developpement-durable\/","title":{"rendered":"Journ\u00e9e Internationale des For\u00eats: D\u00e9claration de Madame la Ministre de l\u2019Environnement et du D\u00e9veloppement Durable"},"content":{"rendered":"<p>D\u00e9claration de Madame la Ministre de l\u2019Environnement et du D\u00e9veloppement Durable \u00e0 l\u2019occasion de la Journ\u00e9e Internationale des For\u00eats<\/p>\n<p>Chers concitoyens,<\/p>\n<p>Mesdames et Messieurs,<\/p>\n<p>Depuis 2012, l\u2019Organisation des Nations Unies pour l\u2019Agriculture et l\u2019Alimentation (FAO) a institu\u00e9 le 21 mars de chaque ann\u00e9e, la \u00ab Journ\u00e9e Internationale des For\u00eats \u00bb. Cette ann\u00e9e constitue donc, la treizi\u00e8me \u00e9dition de cette manifestation avec comme th\u00e8me \u00ab For\u00eats et innovations neuves, solutions pour un monde meilleur \u00bb.<\/p>\n<p>Mesdames et Messieurs,<\/p>\n<p>Les for\u00eats et les arbres nous procurent de nombreux bienfaits. Ils nous prot\u00e8gent contre la pollution en absorbant le gaz carbonique de l\u2019air et nous fournissent de l\u2019eau propre gr\u00e2ce \u00e0 la filtration de la nappe phr\u00e9atique par le syst\u00e8me racinaire des arbres. En outre, les arbres assurent le maintien d\u2019un microclimat propice au d\u00e9veloppement des cultures et \u00e0 l\u2019am\u00e9lioration du cadre de vie ; ils abritent et sauvegardent la biodiversit\u00e9 et agissent comme nos d\u00e9fenses naturelles contre le changement climatique. Tout simplement, la vie sur terre est possible et durable gr\u00e2ce aux for\u00eats et aux arbres.<\/p>\n<p>Ces for\u00eats, source de vie, sont aussi le symbole de culture d\u2019identit\u00e9 pour nos populations originaires du sud du pays. Ainsi, conform\u00e9ment \u00e0 la vision de Son Excellence Monsieur le Pr\u00e9sident de la R\u00e9publique, le G\u00e9n\u00e9ral de corps d\u2019arm\u00e9e Mamadi DOUMBOUYA et aux orientations de Monsieur le Premier Ministre, Chef du Gouvernement, M. Amadou Oury Bah, assurer la conservation et la renaissance de nos for\u00eats est une n\u00e9cessit\u00e9 pour sauvegarder la coh\u00e9sion nationale et le bon vivre ensemble.<\/p>\n<p>Chers concitoyens,<\/p>\n<p>La Journ\u00e9e Internationale des For\u00eats a pour objectif essentiel, d\u2019accro\u00eetre la prise de conscience de chacun d\u2019entre nous au niveau local et sur le plan mondial, de l\u2019importance des for\u00eats et des arbres hors for\u00eats, afin que tous, nous nous engagions dans leur protection et leur r\u00e9habilitation.<\/p>\n<p>Notre pays la Guin\u00e9e, un des principaux Etats forestiers d\u2019Afrique de l\u2019Ouest, risque de ne plus l\u2019\u00eatre, si rien n\u2019est fait pour inverser la tendance \u00e0 la d\u00e9gradation continue de sa couverture foresti\u00e8re. Par exemple, Les for\u00eats de mangroves qui jouent un r\u00f4le essentiel dans la pr\u00e9servation des zones de reproduction des esp\u00e8ces halieutiques et la d\u00e9fense des c\u00f4tes, ont r\u00e9gress\u00e9 en superficie de 250 000 hectares en 1990 \u00e0 192 000 hectares en 2023, soit un recul d\u2019environ 1750 hectares par an.<\/p>\n<p>Face \u00e0 ses chiffres inqui\u00e9tants, la Guin\u00e9e s\u2019est engag\u00e9e en 2016 \u00e0 restaurer 2 millions d\u2019ha de for\u00eats d\u2019ici 2030, en application du D\u00e9fi de Bonn. Pour atteindre cet objectif, le Minist\u00e8re de l\u2019Environnement et du D\u00e9veloppement Durable a b\u00e9n\u00e9fici\u00e9, avec l\u2019appui technique de la FAO, d\u2019un financement du Fonds pour l\u2019Environnement Mondial pour la mise en \u0153uvre du projet \u00ab Gestion int\u00e9gr\u00e9e des paysages d\u00e9grad\u00e9s pour des \u00e9cosyst\u00e8mes alimentaires et des moyens de subsistance durable en Haute Guin\u00e9e et en Guin\u00e9e Foresti\u00e8re \u00bb.<\/p>\n<p>Par ailleurs, nous nous engageons \u00e0 renforcer ou amorcer des initiatives devant contribuer \u00e0 la r\u00e9duction de la d\u00e9forestation et la d\u00e9gradation des terres. On peut citer, par exemple :<\/p>\n<p>la mise en \u0153uvre d\u2019un plan pour la r\u00e9cup\u00e9ration, la restauration et l\u2019am\u00e9nagement des for\u00eats class\u00e9es en vue de leur protection et valorisation par une approche participative et int\u00e9gr\u00e9e. Ce processus a d\u00e9j\u00e0 commenc\u00e9 avec la r\u00e9cup\u00e9ration et la s\u00e9curisation des for\u00eats de ENTA et de Dapompa dans la commune de Matoto ;<\/p>\n<p>la mise en \u0153uvre du projet du R\u00e9seau des aires prot\u00e9g\u00e9es devant permettre de faire passer de 15 \u00e0 26%, la proportion du territoire national b\u00e9n\u00e9ficiant du statut de parcs nationaux ou de r\u00e9serves de faunes. Cette initiative qui vise \u00e0 soutenir la gestion durable des ressources naturelles et \u00e0 inverser la tendance de la d\u00e9gradation de nos for\u00eats, est en cours avec le processus de cr\u00e9ation de nouveaux parcs dont le Parc National de Pencelly-Soya-Sabouya dans les r\u00e9gions de Mamou et Kindia et le Parc National frontalier des hauts plateaux de Kounounkan \u00e0 For\u00e9cariah ;<\/p>\n<p>la conduite de divers projets en partenariat avec des acteurs nationaux et internationaux dans l\u2019objectif de sensibiliser les populations, plus particuli\u00e8rement les femmes et les jeunes \u00e0 la protection de l\u2019arbre et de la for\u00eat, en les initiant et encourageant au reboisement, notamment le reboisement des flancs de montagnes et des berges des cours d\u2019eau abritant les infrastructures hydro\u00e9lectriques. Le Minist\u00e8re accompagne chaque ann\u00e9e le reboisement de 1000 ha.<\/p>\n<p>le renforcement du cadre de gouvernance et des activit\u00e9s d\u2019\u00e9ducation, de communication et de sensibilisation en mati\u00e8re de protection de l\u2019environnement ;<\/p>\n<p>la conduite du processus de clarification des limites des for\u00eats class\u00e9es en vue de leur immatriculation ;<\/p>\n<p>la promotion de la technologie du biodigesteur pour la production des \u00e9nergies vertes.<\/p>\n<p>Mesdames et Messieurs,<\/p>\n<p>C\u2019est aussi pour moi, l\u2019occasion d\u2019exprimer toute la gratitude du Gouvernement \u00e0 la FAO, au PNUD, \u00e0 la Banque mondiale, ainsi qu\u2019\u00e0 l\u2019ensemble des partenaires techniques, pour leur soutien appr\u00e9ciable au d\u00e9veloppement forestier en Guin\u00e9e et \u00e0 les encourager \u00e0 redoubler d\u2019efforts dans leur intervention quotidienne, afin d\u2019atteindre les objectifs que nous nous sommes assign\u00e9s.<\/p>\n<p>La Journ\u00e9e Internationale des For\u00eats est une invitation de la Communaut\u00e9 internationale \u00e0 chaque pays, \u00e0 r\u00e9fl\u00e9chir sur la gestion de ses for\u00eats. Nous appelons ainsi tous les habitants autour des for\u00eats, \u00e0 une forte mobilisation en s\u2019employant davantage \u00e0 planter des arbres, \u00e0 cr\u00e9er et prot\u00e9ger les for\u00eats. C\u2019est seulement par cette voie que nous pourrons conf\u00e9rer \u00e0 nos \u00e9cosyst\u00e8mes forestiers un caract\u00e8re \u00e9cologiquement durable.<\/p>\n<p>Vive la R\u00e9publique de Guin\u00e9e !<\/p>\n<p>Vive la coop\u00e9ration internationale !<\/p>\n<p>Je vous remercie.<\/p>\n","protected":false},"excerpt":{"rendered":"<p>D\u00e9claration de Madame la Ministre de l\u2019Environnement et du D\u00e9veloppement Durable \u00e0 l\u2019occasion de la Journ\u00e9e Internationale des For\u00eats Chers concitoyens, Mesdames et Messieurs, Depuis 2012, l\u2019Organisation des Nations Unies pour l\u2019Agriculture et l\u2019Alimentation (FAO) a institu\u00e9 le 21 mars de chaque ann\u00e9e, la \u00ab Journ\u00e9e Internationale des For\u00eats \u00bb. Cette ann\u00e9e constitue donc, la [&hellip;]<\/p>\n","protected":false},"author":2,"featured_media":26721,"comment_status":"closed","ping_status":"closed","sticky":false,"template":"","format":"standard","meta":{"footnotes":""},"categories":[60],"tags":[],"class_list":{"0":"post-26720","1":"post","2":"type-post","3":"status-publish","4":"format-standard","5":"has-post-thumbnail","7":"category-environnement"},"_links":{"self":[{"href":"https:\/\/conakrynews.org\/index.php\/wp-json\/wp\/v2\/posts\/26720","targetHints":{"allow":["GET"]}}],"collection":[{"href":"https:\/\/conakrynews.org\/index.php\/wp-json\/wp\/v2\/posts"}],"about":[{"href":"https:\/\/conakrynews.org\/index.php\/wp-json\/wp\/v2\/types\/post"}],"author":[{"embeddable":true,"href":"https:\/\/conakrynews.org\/index.php\/wp-json\/wp\/v2\/users\/2"}],"replies":[{"embeddable":true,"href":"https:\/\/conakrynews.org\/index.php\/wp-json\/wp\/v2\/comments?post=26720"}],"version-history":[{"count":0,"href":"https:\/\/conakrynews.org\/index.php\/wp-json\/wp\/v2\/posts\/26720\/revisions"}],"wp:featuredmedia":[{"embeddable":true,"href":"https:\/\/conakrynews.org\/index.php\/wp-json\/wp\/v2\/media\/26721"}],"wp:attachment":[{"href":"https:\/\/conakrynews.org\/index.php\/wp-json\/wp\/v2\/media?parent=26720"}],"wp:term":[{"taxonomy":"category","embeddable":true,"href":"https:\/\/conakrynews.org\/index.php\/wp-json\/wp\/v2\/categories?post=26720"},{"taxonomy":"post_tag","embeddable":true,"href":"https:\/\/conakrynews.org\/index.php\/wp-json\/wp\/v2\/tags?post=26720"}],"curies":[{"name":"wp","href":"https:\/\/api.w.org\/{rel}","templated":true}]}}