{"id":26730,"date":"2024-03-21T13:02:25","date_gmt":"2024-03-21T13:02:25","guid":{"rendered":"https:\/\/conakrynews.org\/?p=26730"},"modified":"2024-03-21T13:27:52","modified_gmt":"2024-03-21T13:27:52","slug":"oye-guilavogui-en-turquie-son-avocat-reagit-il-est-en-tunisie-sous-soins-intensifil-doit-rester-jusqua-janvier-2025","status":"publish","type":"post","link":"https:\/\/conakrynews.org\/index.php\/oye-guilavogui-en-turquie-son-avocat-reagit-il-est-en-tunisie-sous-soins-intensifil-doit-rester-jusqua-janvier-2025\/","title":{"rendered":"Oy\u00e9  Guilavogui en Turquie,  son avocat r\u00e9agit: \u00abIl est en Tunisie sous soins intensifs\u2026il doit rester jusqu\u2019\u00e0 Janvier 2025.\u00bb"},"content":{"rendered":"<p>Dans une d\u00e9claration l\u2019agent judiciaire de l\u2019\u00e9tat avait affirm\u00e9 que l\u2019ex ministre des postes et t\u00e9l\u00e9communications, Oy\u00e9 Guilavogui serait en Turquie au c\u00f4t\u00e9 de l\u2019ancien pr\u00e9sident Alpha Cond\u00e9, chass\u00e9 au pouvoir par les \u00e9l\u00e9ments des forces sp\u00e9ciales du G\u00e9n\u00e9ral Mamadi Doumbouya.<\/p>\n<p>Poursuivi pour des faits pr\u00e9sum\u00e9s d\u00e9tournement de deniers publics par la Cour de R\u00e9pression des Infractions \u00c9conomiques et Financi\u00e8res CRIEF. L\u2019avocat de l\u2019ancien ministre des transports, Me B\u00e9a d\u00e9ment formellement cette accusation contre son client et il insiste et persiste que son client se trouve en Tunisie sous soins intense.<\/p>\n<p>\u00ab Mon client Oye Guilavogui actuellement en traitement en Tunisie a appris avec surprise totale et d\u00e9sagr\u00e9ment qu\u2019il serait en Turquie aupr\u00e8s de l\u2019ancien chef de l\u2019Etat le Pr Alpha Cond\u00e9. Et qu\u2019il aurait fui le proc\u00e8s et qu\u2019il refuserait de compara\u00eetre. Mon client s\u2019inscrit \u00e9nergiquement en faux contre cette affirmation gratuite, tendancieuse, mensong\u00e8re, mal fond\u00e9e et \u00e0 la limite diffamatoire et calomnieuse. Mon client Oye Guilavogui, l\u2019ancien ministre pendant sa longue d\u00e9tention injuste et arbitraire \u00e0 la maison centrale de Conakry dans les poursuites subjective et totalement infond\u00e9e. Ce qui ne se repose en aucune loi est tomb\u00e9 gravement malade. Il \u00e9tait entre la vie et la mort, son \u00e9tat s\u2019est fortement d\u00e9grad\u00e9. Les plus grands m\u00e9decins de ce pays l\u2019ont auscult\u00e9 et ont abouti \u00e0 un r\u00e9sultat celui de son \u00e9vacuation \u00e0 l\u2019ext\u00e9rieur pour les soins sanitaires appropri\u00e9s . Une demande sur la base du rapport m\u00e9dical a \u00e9t\u00e9 adress\u00e9e \u00e0 la juridiction comp\u00e9tente qui apr\u00e8s examen a rendu un jugement l\u2019autorisant de sortir l\u00e9galement du territoire pour des soins. En ex\u00e9cution de cette d\u00e9cision de justice, il s\u2019est rendu en Tunisie o\u00f9 il se trouve actuellement en traitement. Dans une clinique de la place et je pr\u00e9cise qu\u2019au le jugement avant du droit n\u2019a imparti aucun d\u00e9lai . Parce que la sant\u00e9 avant tout et on ne peut jamais savoir \u00e0 quand une maladie peut totalement gu\u00e9ri et qu\u2019une personne puisse se r\u00e9tablir et reprendre ses activit\u00e9s\u2026\u00bb,a-t-il d\u00e9clar\u00e9 Me B\u00e9a.<\/p>\n<p>Poursuivit- il informe que selon un rapport des m\u00e9decins traitant de son client qui a \u00e9t\u00e9 transmis aux autorit\u00e9s judiciaires, Mr Oy\u00e9 Guilavogui restera sous traitement jusqu\u2019\u00e0 Janvier 2025.<\/p>\n<p>\u00ab Donc il est en Tunisie, il est sous soins intensif et les m\u00e9decins traitant ont dress\u00e9 circonstanci\u00e9, ce rapport vu le mal qu\u2019il le gangr\u00e8ne, vu la dangerosit\u00e9, la gravit\u00e9 de son \u00e9tat de sant\u00e9, ce rapport a bien indiqu\u00e9 qu\u2019il doit rester en traitement jusqu\u2019\u00e0 Janvier 2025. Si on veut pas condamner un innocent, si on ne veut pas rendre une parodie de justice il ne sert \u00e0 rien de se pr\u00e9cipiter\u2026.\u00bb,a-t-il fait savoir.<\/p>\n<p>Liberationinfo.com<\/p>\n","protected":false},"excerpt":{"rendered":"<p>Dans une d\u00e9claration l\u2019agent judiciaire de l\u2019\u00e9tat avait affirm\u00e9 que l\u2019ex ministre des postes et t\u00e9l\u00e9communications, Oy\u00e9 Guilavogui serait en Turquie au c\u00f4t\u00e9 de l\u2019ancien pr\u00e9sident Alpha Cond\u00e9, chass\u00e9 au pouvoir par les \u00e9l\u00e9ments des forces sp\u00e9ciales du G\u00e9n\u00e9ral Mamadi Doumbouya. Poursuivi pour des faits pr\u00e9sum\u00e9s d\u00e9tournement de deniers publics par la Cour de R\u00e9pression [&hellip;]<\/p>\n","protected":false},"author":2,"featured_media":26731,"comment_status":"closed","ping_status":"closed","sticky":false,"template":"","format":"standard","meta":{"footnotes":""},"categories":[58],"tags":[],"class_list":{"0":"post-26730","1":"post","2":"type-post","3":"status-publish","4":"format-standard","5":"has-post-thumbnail","7":"category-societe"},"_links":{"self":[{"href":"https:\/\/conakrynews.org\/index.php\/wp-json\/wp\/v2\/posts\/26730","targetHints":{"allow":["GET"]}}],"collection":[{"href":"https:\/\/conakrynews.org\/index.php\/wp-json\/wp\/v2\/posts"}],"about":[{"href":"https:\/\/conakrynews.org\/index.php\/wp-json\/wp\/v2\/types\/post"}],"author":[{"embeddable":true,"href":"https:\/\/conakrynews.org\/index.php\/wp-json\/wp\/v2\/users\/2"}],"replies":[{"embeddable":true,"href":"https:\/\/conakrynews.org\/index.php\/wp-json\/wp\/v2\/comments?post=26730"}],"version-history":[{"count":0,"href":"https:\/\/conakrynews.org\/index.php\/wp-json\/wp\/v2\/posts\/26730\/revisions"}],"wp:featuredmedia":[{"embeddable":true,"href":"https:\/\/conakrynews.org\/index.php\/wp-json\/wp\/v2\/media\/26731"}],"wp:attachment":[{"href":"https:\/\/conakrynews.org\/index.php\/wp-json\/wp\/v2\/media?parent=26730"}],"wp:term":[{"taxonomy":"category","embeddable":true,"href":"https:\/\/conakrynews.org\/index.php\/wp-json\/wp\/v2\/categories?post=26730"},{"taxonomy":"post_tag","embeddable":true,"href":"https:\/\/conakrynews.org\/index.php\/wp-json\/wp\/v2\/tags?post=26730"}],"curies":[{"name":"wp","href":"https:\/\/api.w.org\/{rel}","templated":true}]}}