{"id":26737,"date":"2024-03-21T19:39:16","date_gmt":"2024-03-21T19:39:16","guid":{"rendered":"https:\/\/conakrynews.org\/?p=26737"},"modified":"2024-03-21T19:40:53","modified_gmt":"2024-03-21T19:40:53","slug":"celebration-de-la-journee-internationale-de-la-francophonie-le-pm-aux-cotes-de-la-communaute-francaise","status":"publish","type":"post","link":"https:\/\/conakrynews.org\/index.php\/celebration-de-la-journee-internationale-de-la-francophonie-le-pm-aux-cotes-de-la-communaute-francaise\/","title":{"rendered":"C\u00e9l\u00e9bration de la journ\u00e9e internationale de la francophonie: le PM aux c\u00f4t\u00e9s de la communaut\u00e9 fran\u00e7aise"},"content":{"rendered":"<p>Le Premier ministre, Chef du Gouvernement, Amadou Oury BAH, a pris part, aux c\u00f4t\u00e9s de la communaut\u00e9 fran\u00e7aise, \u00e0 la c\u00e9l\u00e9bration de la Journ\u00e9e internationale de la Francophonie.<\/p>\n<p>Cette ann\u00e9e, la th\u00e9matique de la journ\u00e9e \u00e9tait \u00ab cr\u00e9er, innover, entreprendre en fran\u00e7ais \u00bb, cette orientation souligne les multiples opportunit\u00e9s et le dynamisme de l\u2019espace francophone, encourageant ainsi la cr\u00e9ativit\u00e9, l\u2019innovation, l\u2019entrepreneuriat comme leviers de cr\u00e9ation d\u2019emploi pour la jeunesse.<\/p>\n<p>Le Chef du Gouvernement a tout d\u2019abord soulign\u00e9 que la pr\u00e9sence du Gouvernement guin\u00e9en \u00e0 cet \u00e9v\u00e9nement d\u00e9montre l\u2019engagement de la Guin\u00e9e envers la communaut\u00e9 francophone, affirmant ainsi sa volont\u00e9 de jouer un r\u00f4le actif en tant qu\u2019\u00c9tat francophone, en assumant ses obligations et ses responsabilit\u00e9s envers l\u2019ensemble de la communaut\u00e9.<\/p>\n<p>Ensuite, il a affirm\u00e9 que la langue fran\u00e7aise fait partie int\u00e9grante du patrimoine guin\u00e9en. C\u2019est pourquoi la Guin\u00e9e a cette volont\u00e9 de pr\u00e9server, d\u2019enrichir et d\u2019utiliser le fran\u00e7ais comme un outil de communication avec le monde.<\/p>\n<p>Enfin, le Chef du Gouvernement, a mentionn\u00e9 que dans un contexte o\u00f9 l\u2019avenir est incertain, il est essentiel de se sentir appartenir \u00e0 une communaut\u00e9 qui est marqu\u00e9e par une stabilit\u00e9 et par le respect des fondamentaux : \u00ab Nous sommes francophones, nous en sommes fiers nous le demeurons\u2026 \u00bb a-t-il conclu.<\/p>\n<p>Guineequotidien.com <\/p>\n","protected":false},"excerpt":{"rendered":"<p>Le Premier ministre, Chef du Gouvernement, Amadou Oury BAH, a pris part, aux c\u00f4t\u00e9s de la communaut\u00e9 fran\u00e7aise, \u00e0 la c\u00e9l\u00e9bration de la Journ\u00e9e internationale de la Francophonie. Cette ann\u00e9e, la th\u00e9matique de la journ\u00e9e \u00e9tait \u00ab cr\u00e9er, innover, entreprendre en fran\u00e7ais \u00bb, cette orientation souligne les multiples opportunit\u00e9s et le dynamisme de l\u2019espace francophone, [&hellip;]<\/p>\n","protected":false},"author":2,"featured_media":26738,"comment_status":"closed","ping_status":"closed","sticky":false,"template":"","format":"standard","meta":{"footnotes":""},"categories":[57],"tags":[],"class_list":{"0":"post-26737","1":"post","2":"type-post","3":"status-publish","4":"format-standard","5":"has-post-thumbnail","7":"category-politique"},"_links":{"self":[{"href":"https:\/\/conakrynews.org\/index.php\/wp-json\/wp\/v2\/posts\/26737","targetHints":{"allow":["GET"]}}],"collection":[{"href":"https:\/\/conakrynews.org\/index.php\/wp-json\/wp\/v2\/posts"}],"about":[{"href":"https:\/\/conakrynews.org\/index.php\/wp-json\/wp\/v2\/types\/post"}],"author":[{"embeddable":true,"href":"https:\/\/conakrynews.org\/index.php\/wp-json\/wp\/v2\/users\/2"}],"replies":[{"embeddable":true,"href":"https:\/\/conakrynews.org\/index.php\/wp-json\/wp\/v2\/comments?post=26737"}],"version-history":[{"count":0,"href":"https:\/\/conakrynews.org\/index.php\/wp-json\/wp\/v2\/posts\/26737\/revisions"}],"wp:featuredmedia":[{"embeddable":true,"href":"https:\/\/conakrynews.org\/index.php\/wp-json\/wp\/v2\/media\/26738"}],"wp:attachment":[{"href":"https:\/\/conakrynews.org\/index.php\/wp-json\/wp\/v2\/media?parent=26737"}],"wp:term":[{"taxonomy":"category","embeddable":true,"href":"https:\/\/conakrynews.org\/index.php\/wp-json\/wp\/v2\/categories?post=26737"},{"taxonomy":"post_tag","embeddable":true,"href":"https:\/\/conakrynews.org\/index.php\/wp-json\/wp\/v2\/tags?post=26737"}],"curies":[{"name":"wp","href":"https:\/\/api.w.org\/{rel}","templated":true}]}}