{"id":2682,"date":"2018-11-15T09:43:33","date_gmt":"2018-11-15T08:43:33","guid":{"rendered":"https:\/\/conakrynews.org\/?p=2682"},"modified":"2018-11-15T09:43:33","modified_gmt":"2018-11-15T08:43:33","slug":"situation-socio-politique-de-guinee-secretaire-general-affaires-religieuses-invite-imams-a-sensibilisation","status":"publish","type":"post","link":"https:\/\/conakrynews.org\/index.php\/situation-socio-politique-de-guinee-secretaire-general-affaires-religieuses-invite-imams-a-sensibilisation\/","title":{"rendered":"Situation Socio-politique  de la Guin\u00e9e : Le secr\u00e9taire G\u00e9n\u00e9ral des Affaires religieuses  invite les Imams \u00e0 la sensibilisation"},"content":{"rendered":"<p><strong>Le mercredi 14 Novembre 2018 \u00e0 Conakry, le Secr\u00e9taire G\u00e9n\u00e9ral des affaires religieuses accompagn\u00e9 par des membres de son cabinet\u00a0 a rencontr\u00e9 les imams de la Capitale\u00a0 afin \u00a0d\u2019\u00e9changer \u00a0par rapport \u00e0 la situation socio -politique\u00a0 que traverse la guin\u00e9e depuis un bon moment. \u00a0<\/strong><\/p>\n<p>&nbsp;<\/p>\n<p>Prenant la parole,\u00a0 El Hadj Aly Jamal Bangoura a invit\u00e9 \u00a0les imams \u00e0 s\u2019investir dans le cadre de la sensibilisation des populations pour maintenir la paix et la qui\u00e9tude sociale au sein de notre pays.<\/p>\n<p>\u00ab\u00a0Nous ne devons pas rester bras crois\u00e9 sans nous impliquer dans la sensibilisation de nos citoyens concernant la situation que traverse notre pays\u00a0.Chacun de nous doit pr\u00f4ner \u00a0les messages \u00a0de paix et de coh\u00e9sion \u00a0sociale dans les mosqu\u00e9es \u00a0pour interpeler nos politiciens et Syndicalistes \u00e0 privil\u00e9gier la paix \u00a0en acceptant de venir autour de la table\u00a0\u00bb, a\u00a0 expliqu\u00e9\u00a0 le secr\u00e9taire G\u00e9n\u00e9ral des affaires religieuses.<\/p>\n<p><strong>Sylla Ibrahima Kalil pour <a href=\"https:\/\/conakrynews.org\">www.conakrynews.org<\/a> www.625444534<\/strong><\/p>\n<p><strong>\u00a0<\/strong><img loading=\"lazy\" decoding=\"async\" class=\"alignnone size-medium wp-image-2683\" src=\"https:\/\/conakrynews.org\/wp-content\/uploads\/2018\/11\/Jamal-Bangoura-704x400-515x293.jpg\" alt=\"\" width=\"515\" height=\"293\" srcset=\"https:\/\/conakrynews.org\/wp-content\/uploads\/2018\/11\/Jamal-Bangoura-704x400-515x293.jpg 515w, https:\/\/conakrynews.org\/wp-content\/uploads\/2018\/11\/Jamal-Bangoura-704x400.jpg 704w\" sizes=\"auto, (max-width: 515px) 100vw, 515px\" \/><\/p>\n","protected":false},"excerpt":{"rendered":"<p>Le mercredi 14 Novembre 2018 \u00e0 Conakry, le Secr\u00e9taire G\u00e9n\u00e9ral des affaires religieuses accompagn\u00e9 par des membres de son cabinet\u00a0 a rencontr\u00e9 les imams de la Capitale\u00a0 afin \u00a0d\u2019\u00e9changer \u00a0par rapport \u00e0 la situation socio -politique\u00a0 que traverse la guin\u00e9e depuis un bon moment. \u00a0 &nbsp; Prenant la parole,\u00a0 El Hadj Aly Jamal Bangoura a [&hellip;]<\/p>\n","protected":false},"author":2,"featured_media":2683,"comment_status":"open","ping_status":"open","sticky":false,"template":"","format":"standard","meta":{"footnotes":""},"categories":[1],"tags":[],"class_list":{"0":"post-2682","1":"post","2":"type-post","3":"status-publish","4":"format-standard","5":"has-post-thumbnail","7":"category-non-classe"},"_links":{"self":[{"href":"https:\/\/conakrynews.org\/index.php\/wp-json\/wp\/v2\/posts\/2682","targetHints":{"allow":["GET"]}}],"collection":[{"href":"https:\/\/conakrynews.org\/index.php\/wp-json\/wp\/v2\/posts"}],"about":[{"href":"https:\/\/conakrynews.org\/index.php\/wp-json\/wp\/v2\/types\/post"}],"author":[{"embeddable":true,"href":"https:\/\/conakrynews.org\/index.php\/wp-json\/wp\/v2\/users\/2"}],"replies":[{"embeddable":true,"href":"https:\/\/conakrynews.org\/index.php\/wp-json\/wp\/v2\/comments?post=2682"}],"version-history":[{"count":0,"href":"https:\/\/conakrynews.org\/index.php\/wp-json\/wp\/v2\/posts\/2682\/revisions"}],"wp:featuredmedia":[{"embeddable":true,"href":"https:\/\/conakrynews.org\/index.php\/wp-json\/wp\/v2\/media\/2683"}],"wp:attachment":[{"href":"https:\/\/conakrynews.org\/index.php\/wp-json\/wp\/v2\/media?parent=2682"}],"wp:term":[{"taxonomy":"category","embeddable":true,"href":"https:\/\/conakrynews.org\/index.php\/wp-json\/wp\/v2\/categories?post=2682"},{"taxonomy":"post_tag","embeddable":true,"href":"https:\/\/conakrynews.org\/index.php\/wp-json\/wp\/v2\/tags?post=2682"}],"curies":[{"name":"wp","href":"https:\/\/api.w.org\/{rel}","templated":true}]}}