{"id":2693,"date":"2018-11-25T13:50:32","date_gmt":"2018-11-25T12:50:32","guid":{"rendered":"https:\/\/conakrynews.org\/?p=2693"},"modified":"2018-11-25T13:50:32","modified_gmt":"2018-11-25T12:50:32","slug":"politique-tenue-de-5eme-assemblee-generale-parti-rgd-de-me-abdoul-kabele-camara","status":"publish","type":"post","link":"https:\/\/conakrynews.org\/index.php\/politique-tenue-de-5eme-assemblee-generale-parti-rgd-de-me-abdoul-kabele-camara\/","title":{"rendered":"Politique :   Tenue de la 5\u00e8me Assembl\u00e9e G\u00e9n\u00e9rale du parti RGD  de  Me  Abdoul Kabel\u00e8 Camara"},"content":{"rendered":"<p><strong>Le parti du Rassemblement Guin\u00e9en pour le D\u00e9veloppement (RGD) a tenu ce samedi 24 Novembre 2018 \u00e0 Conakry, sa 5<sup>\u00e8me<\/sup> Assembl\u00e9e G\u00e9n\u00e9rale Hebdomadaire. Ladite Assembl\u00e9e du parti s\u2019est d\u00e9roul\u00e9e en pr\u00e9sence des membres du bureau ex\u00e9cutif, des militants et sympathisants du parti, venus des cinq communes de la capitale et de l\u2019int\u00e9rieur du pays.<\/p>\n<p><\/strong>L\u2019ordre du jour de cette 5<sup>\u00e8me<\/sup> Assembl\u00e9e du parti, \u00e9tait compos\u00e9 de la pr\u00e9sentation des nouveaux membres du parti, des informations relatives \u00e0 l\u2019acquisition d\u2019un nouveau Si\u00e8ge pour le Parti, ensuite l\u2019intervention du pr\u00e9sident avant d\u2019aborder les divers dans les d\u00e9bats.<\/p>\n<p>S\u2019agissant du premier point, il faut rappeler que cette semaine a \u00e9t\u00e9 marqu\u00e9e par une vague d\u2019adh\u00e9sion au sein du parti RGD. Ils sont pour la plus part des jeunes et des femmes venus pour r\u00e9it\u00e9rer et confirmer leur soutien ind\u00e9fectible au Pr\u00e9sident, Me Abdoul Kab\u00e8l\u00e8 Camara, pour les prochaines \u00e9lections pr\u00e9sidentielles de 2020.<\/p>\n<p>Par ailleurs, abordant la question du Si\u00e8ge, le bureau ex\u00e9cutif a annonc\u00e9 devant l\u2019assistance qu\u2019un nouveau Si\u00e8ge national pour le parti est acquis. Avant de pr\u00e9ciser aux militants et Sympathisants que ledit Si\u00e8ge se trouve \u00e0 Gbessia.<\/p>\n<p>Prenant la parole \u00e0 son tour devant ses nombreux et vaillants militants, affectueusement qualifi\u00e9s \u2018\u2019FAMILLE\u2019\u2019, le pr\u00e9sident Me Abdoul Kab\u00e8l\u00e8 Camara, entend faire face au d\u00e9fi, celui d\u2019assister la population guin\u00e9enne dans ses besoins de base, de nourriture, d\u2019\u00e9ducation, de sant\u00e9, de justice et de s\u00e9curit\u00e9.<\/p>\n<p>Avant de lancer un appel pressant \u00e0 l\u2019endroit de tous les Guin\u00e9ens, de toutes les cat\u00e9gories confondues, \u00e0 rejoindre le parti afin de b\u00e2tir une Guin\u00e9e unie et forte.<\/p>\n<p>\u00ab\u00a0Nous ne serons pas l\u2019appendice d\u2019aucun parti politique. Ceux qui veulent nous rejoindre seront les bienvenus\u00a0\u00bb, a-t-il notifi\u00e9 en substance, avant de rappeler tr\u00e8s prochainement la mise en place des sections du parti dans les diff\u00e9rentes communes et quartiers de Conakry.<\/p>\n<p>Pour clore, la c\u00e9r\u00e9monie a pris fin par des pri\u00e8res et b\u00e9n\u00e9dictions en faveur de l\u2019unit\u00e9 nationale, la paix et la qui\u00e9tude sociale dans notre pays.<\/p>\n<p>A noter que les militants et sympathisants de la section, Cosa ,Yattaya ,Kaloum ont propos\u00e9 aux membres du bureau politique du RGD,leur volont\u00e9 d\u2019organiser des grandes c\u00e9r\u00e9monies pour accueillir le pr\u00e9sident Kabel\u00e8 dans leurs quartiers respectifs.<\/p>\n<p>&nbsp;<\/p>\n<p><strong>L\u2019\u00e9quipe de la r\u00e9daction<\/strong> <strong><\/p>\n<p>Younoussa Sylla et Ibrahima Kalil Sylla<\/strong><img loading=\"lazy\" decoding=\"async\" class=\"alignnone size-medium wp-image-2694\" src=\"https:\/\/conakrynews.org\/wp-content\/uploads\/2018\/11\/photo-kabel\u00e8-375x375.jpg\" alt=\"\" width=\"375\" height=\"375\" srcset=\"https:\/\/conakrynews.org\/wp-content\/uploads\/2018\/11\/photo-kabel\u00e8-375x375.jpg 375w, https:\/\/conakrynews.org\/wp-content\/uploads\/2018\/11\/photo-kabel\u00e8-70x70.jpg 70w, https:\/\/conakrynews.org\/wp-content\/uploads\/2018\/11\/photo-kabel\u00e8-768x768.jpg 768w, https:\/\/conakrynews.org\/wp-content\/uploads\/2018\/11\/photo-kabel\u00e8.jpg 960w\" sizes=\"auto, (max-width: 375px) 100vw, 375px\" \/><\/p>\n","protected":false},"excerpt":{"rendered":"<p>Le parti du Rassemblement Guin\u00e9en pour le D\u00e9veloppement (RGD) a tenu ce samedi 24 Novembre 2018 \u00e0 Conakry, sa 5\u00e8me Assembl\u00e9e G\u00e9n\u00e9rale Hebdomadaire. Ladite Assembl\u00e9e du parti s\u2019est d\u00e9roul\u00e9e en pr\u00e9sence des membres du bureau ex\u00e9cutif, des militants et sympathisants du parti, venus des cinq communes de la capitale et de l\u2019int\u00e9rieur du pays. L\u2019ordre [&hellip;]<\/p>\n","protected":false},"author":2,"featured_media":2694,"comment_status":"open","ping_status":"open","sticky":false,"template":"","format":"standard","meta":{"footnotes":""},"categories":[1],"tags":[],"class_list":{"0":"post-2693","1":"post","2":"type-post","3":"status-publish","4":"format-standard","5":"has-post-thumbnail","7":"category-non-classe"},"_links":{"self":[{"href":"https:\/\/conakrynews.org\/index.php\/wp-json\/wp\/v2\/posts\/2693","targetHints":{"allow":["GET"]}}],"collection":[{"href":"https:\/\/conakrynews.org\/index.php\/wp-json\/wp\/v2\/posts"}],"about":[{"href":"https:\/\/conakrynews.org\/index.php\/wp-json\/wp\/v2\/types\/post"}],"author":[{"embeddable":true,"href":"https:\/\/conakrynews.org\/index.php\/wp-json\/wp\/v2\/users\/2"}],"replies":[{"embeddable":true,"href":"https:\/\/conakrynews.org\/index.php\/wp-json\/wp\/v2\/comments?post=2693"}],"version-history":[{"count":0,"href":"https:\/\/conakrynews.org\/index.php\/wp-json\/wp\/v2\/posts\/2693\/revisions"}],"wp:featuredmedia":[{"embeddable":true,"href":"https:\/\/conakrynews.org\/index.php\/wp-json\/wp\/v2\/media\/2694"}],"wp:attachment":[{"href":"https:\/\/conakrynews.org\/index.php\/wp-json\/wp\/v2\/media?parent=2693"}],"wp:term":[{"taxonomy":"category","embeddable":true,"href":"https:\/\/conakrynews.org\/index.php\/wp-json\/wp\/v2\/categories?post=2693"},{"taxonomy":"post_tag","embeddable":true,"href":"https:\/\/conakrynews.org\/index.php\/wp-json\/wp\/v2\/tags?post=2693"}],"curies":[{"name":"wp","href":"https:\/\/api.w.org\/{rel}","templated":true}]}}