{"id":2697,"date":"2018-11-26T11:24:58","date_gmt":"2018-11-26T10:24:58","guid":{"rendered":"https:\/\/conakrynews.org\/?p=2697"},"modified":"2018-11-26T11:24:58","modified_gmt":"2018-11-26T10:24:58","slug":"putsch-manque-burkina-2015-general-gilbert-diendere-a-barre","status":"publish","type":"post","link":"https:\/\/conakrynews.org\/index.php\/putsch-manque-burkina-2015-general-gilbert-diendere-a-barre\/","title":{"rendered":"Putsch manqu\u00e9 au Burkina en 2015 : le g\u00e9n\u00e9ral Gilbert Diend\u00e9r\u00e9 \u00e0 la barre"},"content":{"rendered":"<p>Au Burkina Faso, c\u2019est ce lundi 26 novembre que comparait devant le tribunal militaire de Ouagadougou, le g\u00e9n\u00e9ral Gilbert Diend\u00e9r\u00e9. Accus\u00e9 d\u2019attentat \u00e0 la s\u00fbret\u00e9 de l\u2019Etat, meurtres, coup et blessures volontaires entre autres,\u00a0 l\u2019ex-chef d\u2019\u00e9tat-major particulier de Blaise Compaor\u00e9 est pr\u00e9sent\u00e9 comme le cerveau du coup d\u2019Etat avort\u00e9 contre la transition en septembre 2015. Apr\u00e8s cinq mois de proc\u00e8s et plus de quatre-vingts personnes entendues par le tribunal, la version de l\u2019ex-bras droit de Blaise Compaor\u00e9 est tr\u00e8s attendue.<\/p>\n<p>Le 16 septembre 2015, lorsque des sous-officiers de l\u2019ex-r\u00e9giment de s\u00e9curit\u00e9 pr\u00e9sidentielle arr\u00eatent et s\u00e9questrent le pr\u00e9sident et des membres du gouvernement de la transition, c\u2019est le g\u00e9n\u00e9ral Gilbert Diend\u00e9r\u00e9 qui est mis \u00e0 la t\u00eate du Conseil national pour la d\u00e9mocratie.<\/p>\n<p>Certains sous-officiers l\u2019accusent d\u2019\u00eatre le commanditaire\u00a0<a href=\"http:\/\/www.rfi.fr\/afrique\/20180721-proces-coup-etat-2015-burkina-faso-diendere-eloi-badiel-audience\"><strong>du coup d\u2019Etat avort\u00e9<\/strong><\/a>. En tout cas c\u2019est lui qui aurait expliqu\u00e9 les raisons du coup de force aux officiers du r\u00e9giment. C\u2019est \u00e9galement le g\u00e9n\u00e9ral Gilbert Diend\u00e9r\u00e9 qui fut l\u2019interm\u00e9diaire entre les sous-officiers auteurs de l\u2019enl\u00e8vement des membres du gouvernement et les autres chefs militaires. Selon certains grad\u00e9s d\u00e9j\u00e0 entendus par les juges c\u2019est lui qui donnait les instructions aux soldats de l\u2019ex-r\u00e9giment de s\u00e9curit\u00e9 pr\u00e9sidentielle durant le coup d\u2019Etat de septembre 2015.<\/p>\n<p>Pr\u00e9sent\u00e9 comme le \u00ab\u00a0p\u00e8re spirituel\u00a0\u00bb de l\u2019ex-r\u00e9giment de s\u00e9curit\u00e9 pr\u00e9sidentielle, c\u2019est \u00e0 lui que les soldats faisaient appel durant la transition qui a suivi la destitution de Blaise Compaor\u00e9, pour d\u00e9samorcer les crises au sein de cette unit\u00e9 d\u2019\u00e9lite des forces arm\u00e9es burkinab\u00e8.<\/p>\n<p>A l\u2019ouverture du proc\u00e8s, l\u2019un de ses avocats avait d\u00e9clar\u00e9 que le g\u00e9n\u00e9ral Gilbert Diend\u00e9r\u00e9 tenait \u00e0 s\u2019exprimer afin que le peuple burkinab\u00e8 sache la v\u00e9rit\u00e9.<\/p>\n<p><strong>rfi<\/strong><img loading=\"lazy\" decoding=\"async\" class=\"alignnone size-medium wp-image-2698\" src=\"https:\/\/conakrynews.org\/wp-content\/uploads\/2018\/11\/Dind\u00e9r\u00e9-515x290.jpg\" alt=\"\" width=\"515\" height=\"290\" srcset=\"https:\/\/conakrynews.org\/wp-content\/uploads\/2018\/11\/Dind\u00e9r\u00e9-515x290.jpg 515w, https:\/\/conakrynews.org\/wp-content\/uploads\/2018\/11\/Dind\u00e9r\u00e9-768x432.jpg 768w, https:\/\/conakrynews.org\/wp-content\/uploads\/2018\/11\/Dind\u00e9r\u00e9.jpg 777w\" sizes=\"auto, (max-width: 515px) 100vw, 515px\" \/><\/p>\n","protected":false},"excerpt":{"rendered":"<p>Au Burkina Faso, c\u2019est ce lundi 26 novembre que comparait devant le tribunal militaire de Ouagadougou, le g\u00e9n\u00e9ral Gilbert Diend\u00e9r\u00e9. Accus\u00e9 d\u2019attentat \u00e0 la s\u00fbret\u00e9 de l\u2019Etat, meurtres, coup et blessures volontaires entre autres,\u00a0 l\u2019ex-chef d\u2019\u00e9tat-major particulier de Blaise Compaor\u00e9 est pr\u00e9sent\u00e9 comme le cerveau du coup d\u2019Etat avort\u00e9 contre la transition en septembre 2015. [&hellip;]<\/p>\n","protected":false},"author":2,"featured_media":2698,"comment_status":"open","ping_status":"open","sticky":false,"template":"","format":"standard","meta":{"footnotes":""},"categories":[1],"tags":[],"class_list":{"0":"post-2697","1":"post","2":"type-post","3":"status-publish","4":"format-standard","5":"has-post-thumbnail","7":"category-non-classe"},"_links":{"self":[{"href":"https:\/\/conakrynews.org\/index.php\/wp-json\/wp\/v2\/posts\/2697","targetHints":{"allow":["GET"]}}],"collection":[{"href":"https:\/\/conakrynews.org\/index.php\/wp-json\/wp\/v2\/posts"}],"about":[{"href":"https:\/\/conakrynews.org\/index.php\/wp-json\/wp\/v2\/types\/post"}],"author":[{"embeddable":true,"href":"https:\/\/conakrynews.org\/index.php\/wp-json\/wp\/v2\/users\/2"}],"replies":[{"embeddable":true,"href":"https:\/\/conakrynews.org\/index.php\/wp-json\/wp\/v2\/comments?post=2697"}],"version-history":[{"count":0,"href":"https:\/\/conakrynews.org\/index.php\/wp-json\/wp\/v2\/posts\/2697\/revisions"}],"wp:featuredmedia":[{"embeddable":true,"href":"https:\/\/conakrynews.org\/index.php\/wp-json\/wp\/v2\/media\/2698"}],"wp:attachment":[{"href":"https:\/\/conakrynews.org\/index.php\/wp-json\/wp\/v2\/media?parent=2697"}],"wp:term":[{"taxonomy":"category","embeddable":true,"href":"https:\/\/conakrynews.org\/index.php\/wp-json\/wp\/v2\/categories?post=2697"},{"taxonomy":"post_tag","embeddable":true,"href":"https:\/\/conakrynews.org\/index.php\/wp-json\/wp\/v2\/tags?post=2697"}],"curies":[{"name":"wp","href":"https:\/\/api.w.org\/{rel}","templated":true}]}}