{"id":2711,"date":"2018-12-01T12:57:09","date_gmt":"2018-12-01T11:57:09","guid":{"rendered":"https:\/\/conakrynews.org\/?p=2711"},"modified":"2018-12-01T19:46:23","modified_gmt":"2018-12-01T18:46:23","slug":"celebration-de-journee-nationale-de-jeunesse-kassory-fofana-hue-jeunes-cris-injures-ministere-de-jeunesse-de-lemploi-jeune","status":"publish","type":"post","link":"https:\/\/conakrynews.org\/index.php\/celebration-de-journee-nationale-de-jeunesse-kassory-fofana-hue-jeunes-cris-injures-ministere-de-jeunesse-de-lemploi-jeune\/","title":{"rendered":"C\u00e9l\u00e9bration de la journ\u00e9e nationale  de la jeunesse : Kassory   Fofana hu\u00e9 par les jeunes, cris et injures au Minist\u00e8re de la jeunesse et de l\u2019emploi jeunes"},"content":{"rendered":"<p><strong><img loading=\"lazy\" decoding=\"async\" class=\"alignnone size-full wp-image-2717\" src=\"https:\/\/conakrynews.org\/wp-content\/uploads\/2018\/12\/index.jpg\" alt=\"\" width=\"126\" height=\"90\" \/>Ce Vendredi 30 Novembre 2018 \u00e0 Conakry, \u00e0 l\u2019occasion de la c\u00e9r\u00e9monie de c\u00e9l\u00e9bration de la journ\u00e9e nationale de la jeunesse, le Premier Ministre Chef du Gouvernement, Ibrahima Kassory Fofana a pr\u00e9sid\u00e9 ladite c\u00e9r\u00e9monie pour repr\u00e9senter le pr\u00e9sident Alpha Cond\u00e9 qui selon l\u2019agenda devrait prendre part \u00e0 cette f\u00eate importante de la jeunesse mondiale \u00e0 la Bluzone de Kaloum. <\/strong><\/p>\n<p><strong>\u00a0<\/strong><\/p>\n<p>&nbsp;<\/p>\n<p>Des jeunes de plusieurs\u00a0 Communes\u00a0 comme Matam,Kaloum,Matoto et Dixinn \u00e9taient mobilis\u00e9s pour harmoniser cette f\u00eate historique ,mais tr\u00e8s fort malheureusement pour le premier Ministre Chef du Gouvernement ,Kassory Fofana, les jeunes n\u2019ont pas du tout r\u00e9serv\u00e9 un accueil chaleureux \u00e0 l\u2019endroit de l&rsquo;homme de confiance\u00a0 d\u2019Alpha Cond\u00e9 .<\/p>\n<p>D\u00e8s l\u2019arriv\u00e9e de son Cort\u00e8ge , des groupes de jeunes ont hu\u00e9 le ministre avant de Scander des Slogans \u00ab\u00a0Kassory Fofana Zero,Kassory Fofana incapable, les enfants ne vont pas \u00e0 l\u2019\u00e9cole, Alpha Cond\u00e9 Zero\u00a0\u00bb.De par son incapacit\u00e9 \u00e0 r\u00e9soudre les diff\u00e9rentes crises dont celle li\u00e9e \u00e0 l\u2019augmentation du prix du carburant et celle li\u00e9e \u00e0 la gr\u00e8ve des enseignants, ces jeunes n\u2019ont pas manqu\u00e9 de frapper le moral du Ministre Kassory \u00e0 travers les cris et autres gestes avant qu\u2019ils ne soient dispers\u00e9s par la s\u00e9curit\u00e9 de ce dernier.<\/p>\n<p>&nbsp;<\/p>\n<p>&nbsp;<\/p>\n<p>Scandale au Minist\u00e8re de la jeunesse et de l\u2019emploi jeunes<\/p>\n<p>Apr\u00e8s la c\u00e9r\u00e9monie, des groupes de jeunes venus de plusieurs quartiers de Conakry se sont attaqu\u00e9s \u00e0 certains responsables qu\u2019ils accuseraient avoir re\u00e7u des sommes d\u2019argent que le minist\u00e8re \u00a0devrait leur remettre par rapport \u00e0 leur participation \u00e0 la c\u00e9r\u00e9monie. Des cris et injures des jeunes en col\u00e8res\u00a0 ont \u00e9t\u00e9 constat\u00e9 de ce c\u00f4t\u00e9.<\/p>\n<p>Aux derni\u00e8res nouvelles, les leaders de ces jeunes ont \u00e9t\u00e9 re\u00e7us par des cadres dudit minist\u00e8re avant de se replier vers leurs domiciles respectifs.<\/p>\n<p>Sylla Ibrahima Kalil pour <a href=\"https:\/\/conakrynews.org\">www.conakrynews.org<\/a> 625444534<\/p>\n<p>&nbsp;<\/p>\n<p><img loading=\"lazy\" decoding=\"async\" class=\"alignnone size-full wp-image-2717\" src=\"https:\/\/conakrynews.org\/wp-content\/uploads\/2018\/12\/index.jpg\" alt=\"\" width=\"126\" height=\"90\" \/><\/p>\n","protected":false},"excerpt":{"rendered":"<p>Ce Vendredi 30 Novembre 2018 \u00e0 Conakry, \u00e0 l\u2019occasion de la c\u00e9r\u00e9monie de c\u00e9l\u00e9bration de la journ\u00e9e nationale de la jeunesse, le Premier Ministre Chef du Gouvernement, Ibrahima Kassory Fofana a pr\u00e9sid\u00e9 ladite c\u00e9r\u00e9monie pour repr\u00e9senter le pr\u00e9sident Alpha Cond\u00e9 qui selon l\u2019agenda devrait prendre part \u00e0 cette f\u00eate importante de la jeunesse mondiale \u00e0 [&hellip;]<\/p>\n","protected":false},"author":2,"featured_media":2717,"comment_status":"open","ping_status":"open","sticky":false,"template":"","format":"standard","meta":{"footnotes":""},"categories":[1],"tags":[],"class_list":{"0":"post-2711","1":"post","2":"type-post","3":"status-publish","4":"format-standard","5":"has-post-thumbnail","7":"category-non-classe"},"_links":{"self":[{"href":"https:\/\/conakrynews.org\/index.php\/wp-json\/wp\/v2\/posts\/2711","targetHints":{"allow":["GET"]}}],"collection":[{"href":"https:\/\/conakrynews.org\/index.php\/wp-json\/wp\/v2\/posts"}],"about":[{"href":"https:\/\/conakrynews.org\/index.php\/wp-json\/wp\/v2\/types\/post"}],"author":[{"embeddable":true,"href":"https:\/\/conakrynews.org\/index.php\/wp-json\/wp\/v2\/users\/2"}],"replies":[{"embeddable":true,"href":"https:\/\/conakrynews.org\/index.php\/wp-json\/wp\/v2\/comments?post=2711"}],"version-history":[{"count":0,"href":"https:\/\/conakrynews.org\/index.php\/wp-json\/wp\/v2\/posts\/2711\/revisions"}],"wp:featuredmedia":[{"embeddable":true,"href":"https:\/\/conakrynews.org\/index.php\/wp-json\/wp\/v2\/media\/2717"}],"wp:attachment":[{"href":"https:\/\/conakrynews.org\/index.php\/wp-json\/wp\/v2\/media?parent=2711"}],"wp:term":[{"taxonomy":"category","embeddable":true,"href":"https:\/\/conakrynews.org\/index.php\/wp-json\/wp\/v2\/categories?post=2711"},{"taxonomy":"post_tag","embeddable":true,"href":"https:\/\/conakrynews.org\/index.php\/wp-json\/wp\/v2\/tags?post=2711"}],"curies":[{"name":"wp","href":"https:\/\/api.w.org\/{rel}","templated":true}]}}