{"id":27110,"date":"2024-04-08T21:34:18","date_gmt":"2024-04-08T21:34:18","guid":{"rendered":"https:\/\/conakrynews.org\/?p=27110"},"modified":"2024-04-08T21:34:18","modified_gmt":"2024-04-08T21:34:18","slug":"audience-le-premier-ministre-a-recu-le-president-du-groupe-veridos","status":"publish","type":"post","link":"https:\/\/conakrynews.org\/index.php\/audience-le-premier-ministre-a-recu-le-president-du-groupe-veridos\/","title":{"rendered":"Audience: le Premier Ministre a re\u00e7u le Pr\u00e9sident du groupe Veridos"},"content":{"rendered":"<p>Le Premier ministre, Chef du Gouvernement, a re\u00e7u en audience M. Ari BOUZBIB, President du Groupe allemand Veridos, accompagn\u00e9 du Conseiller charg\u00e9 d\u2019affaires de l\u2019Ambassade d\u2019Allemagne en Guin\u00e9e, au palais de la Colombe.<\/p>\n<p>Le groupe Veridos est un acteur mondial dans le domaine de la s\u00e9curisation digitale et de conception de documents s\u00e9curis\u00e9s. Le Pr\u00e9sident s\u00e9journe en Guin\u00e9e dans le cadre d\u2019une \u00e9tude de faisabilit\u00e9 d\u2019un partenariat public-priv\u00e9 avec un acteur guin\u00e9en nomm\u00e9 Digitalis, afin de mettre en place, dans une logique de gagnant-gagnant, un projet de s\u00e9curisation de documents, notamment : le passeport biom\u00e9trique, la carte d\u2019identit\u00e9, la carte de r\u00e9sidence, le e-VISA et le contr\u00f4le aux fronti\u00e8res.<\/p>\n<p>A la sortie de l\u2019audience, M. Ari BOUZBIB a d\u00e9clar\u00e9 : \u00ab Nous sommes int\u00e9ress\u00e9s par tout ce qui touche l\u2019identification unique qui est un \u00e9l\u00e9ment fondamental pour avoir un \u00e9tat civil fiable, informatis\u00e9 et biom\u00e9trique, permettant de mettre en place une politique sociale de bonne gouvernance \u00bb, a-t-il ajout\u00e9.<\/p>\n<p>Dans les jours \u00e0 venir, l\u2019\u00e9quipe du Groupe Veridos, fera part au Chef du Gouvernement d\u2019une offre de leur consortium \u00e0 la fois technique, op\u00e9rationnelle et financi\u00e8re.<\/p>\n<p>Avec CCG<\/p>\n","protected":false},"excerpt":{"rendered":"<p>Le Premier ministre, Chef du Gouvernement, a re\u00e7u en audience M. Ari BOUZBIB, President du Groupe allemand Veridos, accompagn\u00e9 du Conseiller charg\u00e9 d\u2019affaires de l\u2019Ambassade d\u2019Allemagne en Guin\u00e9e, au palais de la Colombe. Le groupe Veridos est un acteur mondial dans le domaine de la s\u00e9curisation digitale et de conception de documents s\u00e9curis\u00e9s. Le Pr\u00e9sident [&hellip;]<\/p>\n","protected":false},"author":2,"featured_media":27111,"comment_status":"closed","ping_status":"closed","sticky":false,"template":"","format":"standard","meta":{"footnotes":""},"categories":[57],"tags":[],"class_list":{"0":"post-27110","1":"post","2":"type-post","3":"status-publish","4":"format-standard","5":"has-post-thumbnail","7":"category-politique"},"_links":{"self":[{"href":"https:\/\/conakrynews.org\/index.php\/wp-json\/wp\/v2\/posts\/27110","targetHints":{"allow":["GET"]}}],"collection":[{"href":"https:\/\/conakrynews.org\/index.php\/wp-json\/wp\/v2\/posts"}],"about":[{"href":"https:\/\/conakrynews.org\/index.php\/wp-json\/wp\/v2\/types\/post"}],"author":[{"embeddable":true,"href":"https:\/\/conakrynews.org\/index.php\/wp-json\/wp\/v2\/users\/2"}],"replies":[{"embeddable":true,"href":"https:\/\/conakrynews.org\/index.php\/wp-json\/wp\/v2\/comments?post=27110"}],"version-history":[{"count":0,"href":"https:\/\/conakrynews.org\/index.php\/wp-json\/wp\/v2\/posts\/27110\/revisions"}],"wp:featuredmedia":[{"embeddable":true,"href":"https:\/\/conakrynews.org\/index.php\/wp-json\/wp\/v2\/media\/27111"}],"wp:attachment":[{"href":"https:\/\/conakrynews.org\/index.php\/wp-json\/wp\/v2\/media?parent=27110"}],"wp:term":[{"taxonomy":"category","embeddable":true,"href":"https:\/\/conakrynews.org\/index.php\/wp-json\/wp\/v2\/categories?post=27110"},{"taxonomy":"post_tag","embeddable":true,"href":"https:\/\/conakrynews.org\/index.php\/wp-json\/wp\/v2\/tags?post=27110"}],"curies":[{"name":"wp","href":"https:\/\/api.w.org\/{rel}","templated":true}]}}