{"id":27115,"date":"2024-04-09T11:59:43","date_gmt":"2024-04-09T11:59:43","guid":{"rendered":"https:\/\/conakrynews.org\/?p=27115"},"modified":"2024-04-09T12:01:35","modified_gmt":"2024-04-09T12:01:35","slug":"climat-la-suisse-condamne-pour-son-inaction-par-la-cedh","status":"publish","type":"post","link":"https:\/\/conakrynews.org\/index.php\/climat-la-suisse-condamne-pour-son-inaction-par-la-cedh\/","title":{"rendered":"Climat :La Suisse  condamn\u00e9 pour son  inaction par la CEDH"},"content":{"rendered":"<p>Le mardi, la Suisse  a  \u00e9t\u00e9  condamn\u00e9  par la Cour europ\u00e9enne des droits de l\u2019Homme   pour violation de la Convention des droits de l\u2019Homme.Une condamnation  qui vient donner  raison \u00e0 une association de femmes \u00e2g\u00e9es qui attaquait l\u2019inaction  de la Suisse  sur des questions  de changements climatiques.Cette m\u00eame  juridiction  a par ailleurs rejet\u00e9 un recours contre la France d\u00e9pos\u00e9 par un ancien maire de Grande-Synthe et a jug\u00e9 irrecevable la requ\u00eate de jeunes Portugais contre 32 \u00c9tats.<\/p>\n<p>Il faut pr\u00e9ciser  que la  Condamnation  de la Suisse  par la  Cour europ\u00e9enne des droits de l\u2019Homme (CEDH)  le mardi 9 avril  2024, est un jugement historique ,parce que c&rsquo;est pour la premi\u00e8re fois qu&rsquo; un \u00c9tat soit condamn\u00e9 pour son  inaction sur des questions climatiques. <\/p>\n<p>Cette d\u00e9cision intervient  au moment  o\u00f9  l&rsquo;humanit\u00e9  a \u00e9t\u00e9 s\u00e9rieusement secou\u00e9e par  une chaleur extr\u00eame pendant  le mois de mars dernier.La d\u00e9cision de la Cour \u00e9tait tr\u00e8s attendue : la CEDH ne s\u2019\u00e9tait encore jamais prononc\u00e9e sur la responsabilit\u00e9 des \u00c9tats en mati\u00e8re d\u2019action contre le changement climatique.<\/p>\n<p>Interrog\u00e9e sur la question, la pr\u00e9sidente de la CEDH, l\u2019Irlandaise Siofra O\u2019Leary, a d\u00e9clar\u00e9 :\u00a0\u00bb Si la Suisse a \u00e9t\u00e9 condamn\u00e9e, deux autres requ\u00eates ont \u00e9t\u00e9 rejet\u00e9es : celle d\u2019un ancien maire \u00e9cologiste d\u2019une commune littorale du nord de la France contre l\u2019\u00c9tat fran\u00e7ais et surtout celle tr\u00e8s m\u00e9diatis\u00e9e de jeunes Portugais contre 32 \u00c9tats\u00a0\u00bb, a- telle  d\u00e9clar\u00e9.<\/p>\n<p>Avant d&rsquo;ajouter :\u00a0\u00bb la CEDH devait dire si les \u00c9tats vis\u00e9s ont enfreint la Convention europ\u00e9enne des droits de l\u2019Homme, en particulier le \u00ab droit \u00e0 la vie \u00bb (article 2) et le \u00ab droit au respect de la vie priv\u00e9e et familiale \u00bb (article 8), en ne luttant pas suffisamment contre le r\u00e9chauffement climatique\u00a0\u00bb, a- telle ajout\u00e9. .<\/p>\n<p>Une Synth\u00e8se de Sylla Ibrahima Kalil,pour www.conakrynews.org <\/p>\n","protected":false},"excerpt":{"rendered":"<p>Le mardi, la Suisse a \u00e9t\u00e9 condamn\u00e9 par la Cour europ\u00e9enne des droits de l\u2019Homme pour violation de la Convention des droits de l\u2019Homme.Une condamnation qui vient donner raison \u00e0 une association de femmes \u00e2g\u00e9es qui attaquait l\u2019inaction de la Suisse sur des questions de changements climatiques.Cette m\u00eame juridiction a par ailleurs rejet\u00e9 un recours [&hellip;]<\/p>\n","protected":false},"author":2,"featured_media":27118,"comment_status":"closed","ping_status":"closed","sticky":false,"template":"","format":"standard","meta":{"footnotes":""},"categories":[60],"tags":[],"class_list":{"0":"post-27115","1":"post","2":"type-post","3":"status-publish","4":"format-standard","5":"has-post-thumbnail","7":"category-environnement"},"_links":{"self":[{"href":"https:\/\/conakrynews.org\/index.php\/wp-json\/wp\/v2\/posts\/27115","targetHints":{"allow":["GET"]}}],"collection":[{"href":"https:\/\/conakrynews.org\/index.php\/wp-json\/wp\/v2\/posts"}],"about":[{"href":"https:\/\/conakrynews.org\/index.php\/wp-json\/wp\/v2\/types\/post"}],"author":[{"embeddable":true,"href":"https:\/\/conakrynews.org\/index.php\/wp-json\/wp\/v2\/users\/2"}],"replies":[{"embeddable":true,"href":"https:\/\/conakrynews.org\/index.php\/wp-json\/wp\/v2\/comments?post=27115"}],"version-history":[{"count":0,"href":"https:\/\/conakrynews.org\/index.php\/wp-json\/wp\/v2\/posts\/27115\/revisions"}],"wp:featuredmedia":[{"embeddable":true,"href":"https:\/\/conakrynews.org\/index.php\/wp-json\/wp\/v2\/media\/27118"}],"wp:attachment":[{"href":"https:\/\/conakrynews.org\/index.php\/wp-json\/wp\/v2\/media?parent=27115"}],"wp:term":[{"taxonomy":"category","embeddable":true,"href":"https:\/\/conakrynews.org\/index.php\/wp-json\/wp\/v2\/categories?post=27115"},{"taxonomy":"post_tag","embeddable":true,"href":"https:\/\/conakrynews.org\/index.php\/wp-json\/wp\/v2\/tags?post=27115"}],"curies":[{"name":"wp","href":"https:\/\/api.w.org\/{rel}","templated":true}]}}