{"id":2727,"date":"2018-12-05T09:25:18","date_gmt":"2018-12-05T08:25:18","guid":{"rendered":"https:\/\/conakrynews.org\/?p=2727"},"modified":"2018-12-05T09:25:18","modified_gmt":"2018-12-05T08:25:18","slug":"conference-economique-africaine-2018-louverture-visas-lintegration-coeur-debats","status":"publish","type":"post","link":"https:\/\/conakrynews.org\/index.php\/conference-economique-africaine-2018-louverture-visas-lintegration-coeur-debats\/","title":{"rendered":"Conf\u00e9rence \u00e9conomique africaine 2018 \u2013 L\u2019ouverture sur les visas et l\u2019int\u00e9gration au c\u0153ur des d\u00e9bats"},"content":{"rendered":"<p><strong>Kigali, Rwanda, le 4 d\u00e9cembre 2018 &#8211;\u00a0<\/strong>Pour de milliers d\u2019Africains, la libre circulation d\u2019un pays \u00e0 l\u2019autre ressemble trop souvent \u00e0 un cauchemar. Qu\u2019il s\u2019agisse de tracasseries aux fronti\u00e8res, de l\u2019absence de r\u00e9seaux routiers et de voies a\u00e9riennes reliant des villes importantes, ou encore de la frustration n\u00e9e d\u2019un refus d\u2019entr\u00e9e dans un pays pour cause de visa, il en r\u00e9sulte au final une restriction \u00e0 la\u00a0<strong>libre circulation des personnes<\/strong>, consid\u00e9r\u00e9e par la Banque africaine de d\u00e9veloppement comme l\u2019un des piliers de l\u2019int\u00e9gration r\u00e9gionale.<\/p>\n<p>La libre circulation des personnes et des biens est intimement li\u00e9e \u00e0 la vision de la Banque de cr\u00e9er en Afrique le prochain grand march\u00e9 mondial. Alors que la\u00a0<u><a href=\"http:\/\/email.prnewswire.com\/wf\/click?upn=7pXYN9UXijMIpxbYHNPIYqk952x-2BLRvJYHrifuJ4c7g76hM7mMHMlmc1IboxaX-2F12OIfzlC2ev-2B2g1hGCFlvIlmP0mYcpl8SAXaradvSnDUdSqjrkgj01ZoEmU0TA1AmkTUWrz19NkMcL-2FrbSfFpCbD8TENPECKwmxEu7sy-2B1aNwtgMKVQhO-2FHDJnCjiqCnAvxnk954D-2FOIZcwYTu2YDrjT9tZe2AvE1s-2FYhWkKn4TU-3D_B0bjkxigMaN4dLHHioMpBHVpo3MSfgOHiaizYeI5UhQFHh3WhbKwNvilr87YEyGMNa0plYQ9-2BN-2FlWPePGjM-2FNBZbKcgeqiGJn9HS54j-2F3-2BiWqQAn9MrtXLCyasm1-2FUOAnqnDdzfz7SgQUPKCs3DToe3FkNLjH7RNHItTwDkrhMJrYguZSkni-2BrL09vgegp-2B-2Blp3hIjzS-2B6My9kJp2xRx58mECRrVO4R6YH3cVyFK8i8inhiFxqi1UUVWNNY20fSnjjjuR2PImBI1LxLbHnRbc-2F48ky672COigPab-2FxPXO1GpWgl8NxwzwCbOG6gr-2BhzoQ1-2FSQ9UKpK8spKTf-2FzF-2FvdIU7bEiM6h4sDUAd3NrDgM-3D\">Conf\u00e9rence \u00e9conomique africaine (AEC) 2018<\/a><\/u>\u00a0s\u2019ouvre dans la capitale rwandaise, Kigali, le th\u00e8me de cette ann\u00e9e, \u00ab\u00a0<u><a href=\"http:\/\/email.prnewswire.com\/wf\/click?upn=7pXYN9UXijMIpxbYHNPIYqk952x-2BLRvJYHrifuJ4c7g76hM7mMHMlmc1IboxaX-2F12OIfzlC2ev-2B2g1hGCFlvIlmP0mYcpl8SAXaradvSnDUdSqjrkgj01ZoEmU0TA1AmkTUWrz19NkMcL-2FrbSfFpCbD8TENPECKwmxEu7sy-2B1aNwtgMKVQhO-2FHDJnCjiqCnANLS2spU3jywOslL-2FEUb-2F2iBoazEnPC5aZ7aI112FCrE-3D_B0bjkxigMaN4dLHHioMpBHVpo3MSfgOHiaizYeI5UhQFHh3WhbKwNvilr87YEyGMNa0plYQ9-2BN-2FlWPePGjM-2FNBZbKcgeqiGJn9HS54j-2F3-2BiWqQAn9MrtXLCyasm1-2FUOAnqnDdzfz7SgQUPKCs3DToe3FkNLjH7RNHItTwDkrhMJrYguZSkni-2BrL09vgegp-2B-2BkV058IRQ-2BMxMNz4EPf1Z6H-2B-2BIU5W-2F6Y9UUIq2N-2BEFI-2FWLwNCHZ7DpqDs1POLI7-2FNKbJsjE-2BqBWgBqitwYlLx2FaVGIS0sjdg-2FhF2OgCynL0KlhbllWYyQ88PHSW4CpOi-2BQU6a0dtFR5EQBpNDtrpfg-2FZTyWj1udyiVYNCf-2FGuhQ-3D\">L\u2019int\u00e9gration r\u00e9gionale et continentale au service du d\u00e9veloppement de l\u2019Afrique<\/a><\/u>\u00a0\u00bb, s\u2019aligne \u00e9galement sur une autre grande priorit\u00e9 de la Banque\u00a0: placer le d\u00e9veloppement des infrastructures au centre des efforts d\u2019int\u00e9gration r\u00e9gionale de l\u2019Afrique.<\/p>\n<p>Le Rwanda, pays h\u00f4te de la Conf\u00e9rence \u2012qui se d\u00e9roule du 3 au 5\u00a0d\u00e9cembre 2018, \u00e0 l\u2019h\u00f4tel Marriott de Kigali \u2012, a pris le premier des mesures audacieuses pour d\u00e9fendre l\u2019int\u00e9gration r\u00e9gionale, en annon\u00e7ant au d\u00e9but de cette ann\u00e9e la d\u00e9livrance de visas d\u2019entr\u00e9e \u00e0 l\u2019arriv\u00e9e sur son territoire pour les voyageurs en provenance de tous les pays d\u2019Afrique.<\/p>\n<p>La troisi\u00e8me \u00e9dition de\u00a0<u><a href=\"http:\/\/email.prnewswire.com\/wf\/click?upn=7pXYN9UXijMIpxbYHNPIYqk952x-2BLRvJYHrifuJ4c7g76hM7mMHMlmc1IboxaX-2F12OIfzlC2ev-2B2g1hGCFlvIlmP0mYcpl8SAXaradvSnDUdSqjrkgj01ZoEmU0TA1AmkTUWrz19NkMcL-2FrbSfFpCbD8TENPECKwmxEu7sy-2B1aNwtgMKVQhO-2FHDJnCjiqCnAIzLGwcCWpVdm9qpRQBcLrdGKAaPxr9UwnLghPZUMoD4-3D_B0bjkxigMaN4dLHHioMpBHVpo3MSfgOHiaizYeI5UhQFHh3WhbKwNvilr87YEyGMNa0plYQ9-2BN-2FlWPePGjM-2FNBZbKcgeqiGJn9HS54j-2F3-2BiWqQAn9MrtXLCyasm1-2FUOAnqnDdzfz7SgQUPKCs3DToe3FkNLjH7RNHItTwDkrhMJrYguZSkni-2BrL09vgegp-2B-2BdhLdK7AgCc3SWCJI5ULLd-2FZXVfhCZPPRk9h-2FUcu1-2BrorUzHNGiyTiZMMzW9TwDFpLURVNM-2Fj-2FSnqHdwStU-2FAf7ylj3hjvH4FwipHmSPCbY6ph-2BPVoZpLfYKiqXvNXi3-2B6gmDLucfLIVOyyrce2JXSegO6xp2YTo0rHckfs-2FXZHY-3D\">l\u2019Indice d\u2019ouverture sur les visas<\/a><\/u><strong>\u00a0<\/strong>de la Banque, publi\u00e9e au deuxi\u00e8me jour de la Conf\u00e9rence, permettra opportun\u00e9ment de recenser les pays africains qui am\u00e9liorent les proc\u00e9dures favorisant la libre circulation des personnes sur le continent.<\/p>\n<p>\u00ab\u00a0L\u2019Indice a contribu\u00e9 \u00e0 mieux sensibiliser l\u2019opinion et \u00e0 conduire les r\u00e9formes de la politique des visas \u00e0 travers le continent dans le but de faciliter la circulation des personnes, ce qui ouvrira de nouvelles perspectives pour le tourisme, le commerce et les investissements intra-africains. Ainsi, la Banque participe directement \u00e0 la r\u00e9alisation des objectifs de l\u2019initiative de l\u2019Union africaine (UA) en faveur d\u2019un passeport africain unique\u00a0\u00bb, a d\u00e9clar\u00e9 lors la s\u00e9ance pl\u00e9ni\u00e8re d\u2019ouverture, Gabriel Negatu, directeur g\u00e9n\u00e9ral de la Banque au Bureau r\u00e9gional de d\u00e9veloppement et de prestation de services pour l\u2019Afrique de l\u2019Est.<\/p>\n<p>S\u2019exprimant au nom du pr\u00e9sident rwandais Paul Kagame, Claudine Uwera, ministre d\u2019\u00c9tat charg\u00e9e de la Planification \u00e9conomique, a d\u00e9clar\u00e9 que la conf\u00e9rence portait sur un th\u00e8me \u00ab\u00a0qui nous tient \u00e0 c\u0153ur\u00a0\u00bb. \u00ab\u00a0Cette conf\u00e9rence est importante pour tracer la voie \u00e0 une int\u00e9gration inclusive\u2026 qui b\u00e9n\u00e9ficiera \u00e0 tous\u00a0\u00bb, a-t-elle affirm\u00e9.<\/p>\n<p>\u00ab\u00a0La gouvernance d\u00e9terminera la voie du d\u00e9veloppement pour nos pays\u00a0\u00bb, a-t-elle ajout\u00e9, soulignant le r\u00f4le tout aussi important de la volont\u00e9 politique et de l\u2019engagement des dirigeants africains.<\/p>\n<p>La Conf\u00e9rence \u00e9conomique africaine, qui se d\u00e9roule chaque ann\u00e9e, est le principal forum du continent favorisant le dialogue et l\u2019\u00e9change de connaissances, dans la recherche de solutions face au d\u00e9fi du d\u00e9veloppement de l\u2019Afrique. Elle r\u00e9unit des universitaires de haut niveau, de hauts repr\u00e9sentants gouvernementaux et des praticiens du d\u00e9veloppement venus du monde entier.<\/p>\n<p>L\u2019AEC 2018 mettra en avant \u00ab\u00a0les initiatives novatrices favorisant l\u2019acc\u00e9l\u00e9ration des progr\u00e8s dans l\u2019int\u00e9gration d\u2019infrastructures inclusives et encourageant l\u2019\u00e9quit\u00e9, notamment \u00e0 travers la suppression des obstacles \u00e0 la circulation des personnes, des biens et des services \u00e0 travers les fronti\u00e8res.\u00a0\u00bb<\/p>\n<p>Les autres partenaires \u00e0 l\u2019organisation de la conf\u00e9rence, le Programme des Nations unies pour le d\u00e9veloppement (PNUD) et la Commission \u00e9conomique des Nations unies pour l\u2019Afrique (UNECA), se sont f\u00e9licit\u00e9s du r\u00f4le de pr\u00e9curseur jou\u00e9 par le Rwanda dans les efforts d\u2019int\u00e9gration de l\u2019Afrique et ont soulign\u00e9 le besoin urgent de poursuivre cette dynamique au service d\u2019une int\u00e9gration inclusive et \u00e9quitable.<\/p>\n<p>\u00ab\u00a0Le gouvernement rwandais passe de la parole aux actes et continue de donner le ton\u00a0\u00bb, a soulign\u00e9 Ahunna Eziakonwa, administratrice adjointe du PNUD et directrice du Bureau r\u00e9gional pour l\u2019Afrique.<\/p>\n<p>S\u2019exprimant \u00e9galement lors de la s\u00e9ance pl\u00e9ni\u00e8re, Giovanie Biha, secr\u00e9taire ex\u00e9cutive adjointe de l\u2019UNECA a not\u00e9 que, m\u00eame s\u2019il restait des progr\u00e8s importants \u00e0 accomplir, \u00ab\u00a0nous allons dans la bonne direction\u00a0\u00bb.<\/p>\n<p>Pour la 13<sup>e<\/sup>\u00a0\u00e9dition de l\u2019AEC, la participation de la Banque est organis\u00e9e sous la direction du D\u00e9partement de la recherche et celui de l\u2019Int\u00e9gration r\u00e9gionale, ce qui montre l\u2019importance qu\u2019accorde l\u2019institution \u00e0 la recherche et \u00e0 la gestion du savoir, en tant que facteurs importants du dialogue politique, de la planification et de la mise en \u0153uvre de politiques efficaces.<\/p>\n<p>Pendant trois jours, les diff\u00e9rentes sessions examineront les cadres sociaux, culturels et politiques d\u2019une int\u00e9gration r\u00e9ussie, en s\u2019appuyant sur la signature, historique, de\u00a0<strong>l\u2019Accord de libre-\u00e9change pour le continent africain (AfCFTA)<\/strong>, sign\u00e9 par 44\u00a0pays africains en mars 2018 \u2013 potentiellement le plus important accord de libre-\u00e9change au monde. Cet accord vise \u00e0 cr\u00e9er un march\u00e9 continental unique pour les biens et les services, auquel s\u2019ajoutera un volet sur la libre circulation des hommes et femmes d\u2019affaires et des investissements en Afrique.<\/p>\n<p>Les participants se pencheront \u00e9galement sur le r\u00f4le du secteur priv\u00e9 et des organisations de la soci\u00e9t\u00e9 civile.<\/p>\n<p>\u00c9tant donn\u00e9 l\u2019urgence de l\u2019int\u00e9gration r\u00e9gionale \u2013 qui n\u2019est plus un choix\u2009\u2012, la conf\u00e9rence\u00a02018 est un rendez-vous incontournable pour ceux qui s\u2019int\u00e9ressent au programme de d\u00e9veloppement de l\u2019Afrique.<\/p>\n<p>\u00ab\u00a0Des pages importantes de l\u2019histoire du d\u00e9veloppement de notre continent s\u2019\u00e9crivent aujourd\u2019hui\u00a0\u00bb, a soulign\u00e9 Claudine Uwera. \u00ab\u00a0Profitons de cette occasion pour faire progresser le continent.\u00a0\u00bb<\/p>\n<p>Contact\u00a0:\u00a0Aristide Ahouassou, Charg\u00e9 de communication, D\u00e9partement de la communication et des relations ext\u00e9rieures\u00a0:\u00a0<u><a href=\"mailto:a.ahouassou@afdb.org\">a.ahouassou@afdb.org<\/a><\/u><\/p>\n<p><img loading=\"lazy\" decoding=\"async\" class=\"alignnone size-medium wp-image-2680\" src=\"https:\/\/conakrynews.org\/wp-content\/uploads\/2018\/11\/logo-bad-515x159.jpg\" alt=\"\" width=\"515\" height=\"159\" srcset=\"https:\/\/conakrynews.org\/wp-content\/uploads\/2018\/11\/logo-bad-515x159.jpg 515w, https:\/\/conakrynews.org\/wp-content\/uploads\/2018\/11\/logo-bad.jpg 672w\" sizes=\"auto, (max-width: 515px) 100vw, 515px\" \/><\/p>\n","protected":false},"excerpt":{"rendered":"<p>Kigali, Rwanda, le 4 d\u00e9cembre 2018 &#8211;\u00a0Pour de milliers d\u2019Africains, la libre circulation d\u2019un pays \u00e0 l\u2019autre ressemble trop souvent \u00e0 un cauchemar. Qu\u2019il s\u2019agisse de tracasseries aux fronti\u00e8res, de l\u2019absence de r\u00e9seaux routiers et de voies a\u00e9riennes reliant des villes importantes, ou encore de la frustration n\u00e9e d\u2019un refus d\u2019entr\u00e9e dans un pays pour [&hellip;]<\/p>\n","protected":false},"author":2,"featured_media":2680,"comment_status":"open","ping_status":"open","sticky":false,"template":"","format":"standard","meta":{"footnotes":""},"categories":[1],"tags":[],"class_list":{"0":"post-2727","1":"post","2":"type-post","3":"status-publish","4":"format-standard","5":"has-post-thumbnail","7":"category-non-classe"},"_links":{"self":[{"href":"https:\/\/conakrynews.org\/index.php\/wp-json\/wp\/v2\/posts\/2727","targetHints":{"allow":["GET"]}}],"collection":[{"href":"https:\/\/conakrynews.org\/index.php\/wp-json\/wp\/v2\/posts"}],"about":[{"href":"https:\/\/conakrynews.org\/index.php\/wp-json\/wp\/v2\/types\/post"}],"author":[{"embeddable":true,"href":"https:\/\/conakrynews.org\/index.php\/wp-json\/wp\/v2\/users\/2"}],"replies":[{"embeddable":true,"href":"https:\/\/conakrynews.org\/index.php\/wp-json\/wp\/v2\/comments?post=2727"}],"version-history":[{"count":0,"href":"https:\/\/conakrynews.org\/index.php\/wp-json\/wp\/v2\/posts\/2727\/revisions"}],"wp:featuredmedia":[{"embeddable":true,"href":"https:\/\/conakrynews.org\/index.php\/wp-json\/wp\/v2\/media\/2680"}],"wp:attachment":[{"href":"https:\/\/conakrynews.org\/index.php\/wp-json\/wp\/v2\/media?parent=2727"}],"wp:term":[{"taxonomy":"category","embeddable":true,"href":"https:\/\/conakrynews.org\/index.php\/wp-json\/wp\/v2\/categories?post=2727"},{"taxonomy":"post_tag","embeddable":true,"href":"https:\/\/conakrynews.org\/index.php\/wp-json\/wp\/v2\/tags?post=2727"}],"curies":[{"name":"wp","href":"https:\/\/api.w.org\/{rel}","templated":true}]}}