{"id":2734,"date":"2018-12-07T10:41:11","date_gmt":"2018-12-07T09:41:11","guid":{"rendered":"https:\/\/conakrynews.org\/?p=2734"},"modified":"2018-12-07T10:41:43","modified_gmt":"2018-12-07T09:41:43","slug":"guinee-nouvelle-marche-prevue-lopposition-republicaine","status":"publish","type":"post","link":"https:\/\/conakrynews.org\/index.php\/guinee-nouvelle-marche-prevue-lopposition-republicaine\/","title":{"rendered":"Guin\u00e9e : Encore une nouvelle  marche pr\u00e9vue par  l\u2019opposition r\u00e9publicaine"},"content":{"rendered":"<p><strong>Ce jeudi 6 d\u00e9cembre 2018 au QG de l\u2019UFDG, les leaders de \u00a0l\u2019opposition r\u00e9publicaine ont \u00a0annonc\u00e9 l\u2019organisation d\u2019une nouvelle \u00a0marche le \u00a0\u00a0jeudi 13 d\u00e9cembre \u00a02018 \u00e0 Conakry.<\/strong><\/p>\n<p>Dans son intervention, le porte-parole \u00a0de l\u2019opposition r\u00e9publicaine, Ahmed Kourouma\u00a0 a d\u00e9clar\u00e9 qu\u2019il n\u2019y aura pas un seul point de d\u00e9part pour cette marche. \u00ab\u00a0\u00a0<em>Plusieurs en droits de la capitale seront retenus comme points de d\u00e9parts \u00a0de cette marche, dont le point de ralliement sera l\u2019esplanade du palais du peuple\u00a0\u00bb, pr\u00e9cis\u00e9 le porte parole de l\u2019opposition R\u00e9publicaine.<\/em><\/p>\n<p>Des quartiers comme \u00a0l\u2019A\u00e9roport, Bonfi, Matam Carrefour Constantin, Col\u00e9ah mosqu\u00e9e, Moussoudougou et Madina, sont provisoirement retenus pour\u00a0 les manifestants \u00a0de l\u2019opposition.<\/p>\n<p>Sylla Ibrahima Kalil pour <a href=\"https:\/\/conakrynews.org\">www.conakrynews.org<\/a> 625444534<\/p>\n<p><img loading=\"lazy\" decoding=\"async\" class=\"alignnone size-medium wp-image-2735\" src=\"https:\/\/conakrynews.org\/wp-content\/uploads\/2018\/12\/Cellou-OR-515x317.jpeg\" alt=\"\" width=\"515\" height=\"317\" srcset=\"https:\/\/conakrynews.org\/wp-content\/uploads\/2018\/12\/Cellou-OR-515x317.jpeg 515w, https:\/\/conakrynews.org\/wp-content\/uploads\/2018\/12\/Cellou-OR-130x80.jpeg 130w, https:\/\/conakrynews.org\/wp-content\/uploads\/2018\/12\/Cellou-OR.jpeg 685w\" sizes=\"auto, (max-width: 515px) 100vw, 515px\" \/><\/p>\n","protected":false},"excerpt":{"rendered":"<p>Ce jeudi 6 d\u00e9cembre 2018 au QG de l\u2019UFDG, les leaders de \u00a0l\u2019opposition r\u00e9publicaine ont \u00a0annonc\u00e9 l\u2019organisation d\u2019une nouvelle \u00a0marche le \u00a0\u00a0jeudi 13 d\u00e9cembre \u00a02018 \u00e0 Conakry. Dans son intervention, le porte-parole \u00a0de l\u2019opposition r\u00e9publicaine, Ahmed Kourouma\u00a0 a d\u00e9clar\u00e9 qu\u2019il n\u2019y aura pas un seul point de d\u00e9part pour cette marche. \u00ab\u00a0\u00a0Plusieurs en droits de [&hellip;]<\/p>\n","protected":false},"author":2,"featured_media":2735,"comment_status":"open","ping_status":"open","sticky":false,"template":"","format":"standard","meta":{"footnotes":""},"categories":[1],"tags":[],"class_list":{"0":"post-2734","1":"post","2":"type-post","3":"status-publish","4":"format-standard","5":"has-post-thumbnail","7":"category-non-classe"},"_links":{"self":[{"href":"https:\/\/conakrynews.org\/index.php\/wp-json\/wp\/v2\/posts\/2734","targetHints":{"allow":["GET"]}}],"collection":[{"href":"https:\/\/conakrynews.org\/index.php\/wp-json\/wp\/v2\/posts"}],"about":[{"href":"https:\/\/conakrynews.org\/index.php\/wp-json\/wp\/v2\/types\/post"}],"author":[{"embeddable":true,"href":"https:\/\/conakrynews.org\/index.php\/wp-json\/wp\/v2\/users\/2"}],"replies":[{"embeddable":true,"href":"https:\/\/conakrynews.org\/index.php\/wp-json\/wp\/v2\/comments?post=2734"}],"version-history":[{"count":0,"href":"https:\/\/conakrynews.org\/index.php\/wp-json\/wp\/v2\/posts\/2734\/revisions"}],"wp:featuredmedia":[{"embeddable":true,"href":"https:\/\/conakrynews.org\/index.php\/wp-json\/wp\/v2\/media\/2735"}],"wp:attachment":[{"href":"https:\/\/conakrynews.org\/index.php\/wp-json\/wp\/v2\/media?parent=2734"}],"wp:term":[{"taxonomy":"category","embeddable":true,"href":"https:\/\/conakrynews.org\/index.php\/wp-json\/wp\/v2\/categories?post=2734"},{"taxonomy":"post_tag","embeddable":true,"href":"https:\/\/conakrynews.org\/index.php\/wp-json\/wp\/v2\/tags?post=2734"}],"curies":[{"name":"wp","href":"https:\/\/api.w.org\/{rel}","templated":true}]}}