{"id":2741,"date":"2018-12-09T16:35:19","date_gmt":"2018-12-09T15:35:19","guid":{"rendered":"https:\/\/conakrynews.org\/?p=2741"},"modified":"2018-12-17T10:55:22","modified_gmt":"2018-12-17T09:55:22","slug":"guinee-celebration-de-journee-mondiale-de-lutte-contre-sida","status":"publish","type":"post","link":"https:\/\/conakrynews.org\/index.php\/guinee-celebration-de-journee-mondiale-de-lutte-contre-sida\/","title":{"rendered":"Guin\u00e9e: C\u00e9l\u00e9bration de la journ\u00e9e mondiale de lutte contre le Sida"},"content":{"rendered":"<p><strong>A l\u2019occasion de la c\u00e9l\u00e9bration de la journ\u00e9e mondiale de la lutte contre le Sida le 1<sup>er<\/sup> d\u00e9cembre de chaque ann\u00e9e, la guin\u00e9e \u00e0 l\u2019instar des \u00a0autres\u00a0 pays a c\u00e9l\u00e9br\u00e9\u00a0\u00a0 cette journ\u00e9e en diff\u00e9r\u00e9e le 08 D\u00e9cembre 2018 \u00e0 Conakry, au centre de Sant\u00e9 Communal de Matam .Organis\u00e9e sous la pr\u00e9sidence de la premi\u00e8re Dame de la R\u00e9publique, Hadja Djen\u00e9 Kaba,la c\u00e9r\u00e9monie a connu la pr\u00e9sence de plusieurs personnalit\u00e9s notamment, les membres du gouvernement, les repr\u00e9sentants des institutions internationales, les corps diplomatiques et consulaires accr\u00e9dit\u00e9s en guin\u00e9e etc\u2026 <\/strong><\/p>\n<p>Parlant des domaines d\u2019intervention de la fondation Prosmi, elle intervienne dans le domaine de la sant\u00e9, l\u2019Education, la protection Sociale et Humanitaire, Autonomisation des femmes, Environnement.<\/p>\n<p>Il Faut noter que plusieurs activit\u00e9s et projets ont \u00e9t\u00e9 r\u00e9alis\u00e9s par la fondation \u00a0Prosmi dans les domaines sus-cit\u00e9s tel que\u00a0: Education, Assistance Humanitaire, Autonomisation F\u00e9minine. En plus de ces activit\u00e9s r\u00e9alis\u00e9es \u00e7a et l\u00e0 surtout dans le domaine de la sant\u00e9, la lutte contre la pand\u00e9mie du si\u00e8cle qu\u2019est le VIH^SIDA est l\u2019une des pr\u00e9occupations majeurs de la Prosmi.<\/p>\n<p>Cela se traduit par son adh\u00e9sion aux organisations panafricaines telles que L\u2019OPDAS et sa participation \u00e0 ces rencontres internationales sur le VIH SIDA. En majeur du sommet SINO Africain qui s\u2019est tenu 29 Aout au 04 septembre 2018 en Beijing, les premi\u00e8res Dames\u00a0 de la R\u00e9publique populaire de Chine se sont pench\u00e9es sur les voies et moyens en vue de parvenir \u00e0 l\u2019\u00e9ducation du VIH SIDA d\u2019ici 2030. Car, le Sida constitue encore un v\u00e9ritable probl\u00e8me mondial de sant\u00e9 publique. Ont d\u00e9note \u00a036,9 millions de personnes vivant avec le VIH, dont 1, 8 millions sont des enfants de moins de 15 Ans. L\u2019Afrique est la r\u00e9gion plus touch\u00e9e avec 25,7 millions de personnes vivant avec le VIH et les deux-tiers des nouvelles infections survenant dans le monde estim\u00e9 \u00e0 1, 8 millions.<\/p>\n<p>Djen\u00e8 Kaba, premi\u00e8re dame de la r\u00e9publique, a d\u00e9clar\u00e9 \u00ab\u00a0 Durant tout le mois de d\u00e9cembre, \u00e0 travers ses activit\u00e9s, l\u2019humanit\u00e9 va montrer \u00a0\u00a0aux personnes infect\u00e9es, \u00a0et affect\u00e9es\u00a0 quelle a leurs cot\u00e9\u00a0 pour leurs soulager\u00a0 dans leur souffrance. \u00a0Malgr\u00e9 tous, \u00a0nous avons\u00a0 des raisons de nous enqu\u00eat\u00e9s \u00a0car 27 %\u00a0 du personnel vivant avec VIH SIDA, \u00a0ne connaissent pas leur \u00a0statut\u00a0.La connaissance de son statut\u00a0 par une personne vivant avec le VIH,\u00a0 lui permet non seulement par la prise de m\u00e9dicaments, \u00a0et de ne \u00a0pas \u00eatre surinfect\u00e9e,\u00a0 et surtout de ne pas proc\u00e9der\u00a0 \u00e0 de nouvelles transmissions. \u00a0Alors J\u2019invite tous les guin\u00e9ens \u00e0 se faire d\u00e9pister pour connaitre leur statut\u00a0\u00bb, -telle d\u00e9clar\u00e9.<\/p>\n<p><strong>Sylla Ibrahima Kalil pour <a href=\"https:\/\/conakrynews.org\">www.conakrynews.org<\/a> 625444534<\/strong><\/p>\n<p><img loading=\"lazy\" decoding=\"async\" class=\"alignnone size-full wp-image-2742\" src=\"https:\/\/conakrynews.org\/wp-content\/uploads\/2018\/12\/iks-p.jpg\" alt=\"\" width=\"204\" height=\"247\" \/><\/p>\n","protected":false},"excerpt":{"rendered":"<p>A l\u2019occasion de la c\u00e9l\u00e9bration de la journ\u00e9e mondiale de la lutte contre le Sida le 1er d\u00e9cembre de chaque ann\u00e9e, la guin\u00e9e \u00e0 l\u2019instar des \u00a0autres\u00a0 pays a c\u00e9l\u00e9br\u00e9\u00a0\u00a0 cette journ\u00e9e en diff\u00e9r\u00e9e le 08 D\u00e9cembre 2018 \u00e0 Conakry, au centre de Sant\u00e9 Communal de Matam .Organis\u00e9e sous la pr\u00e9sidence de la premi\u00e8re Dame [&hellip;]<\/p>\n","protected":false},"author":2,"featured_media":2742,"comment_status":"open","ping_status":"open","sticky":false,"template":"","format":"standard","meta":{"footnotes":""},"categories":[1],"tags":[],"class_list":{"0":"post-2741","1":"post","2":"type-post","3":"status-publish","4":"format-standard","5":"has-post-thumbnail","7":"category-non-classe"},"_links":{"self":[{"href":"https:\/\/conakrynews.org\/index.php\/wp-json\/wp\/v2\/posts\/2741","targetHints":{"allow":["GET"]}}],"collection":[{"href":"https:\/\/conakrynews.org\/index.php\/wp-json\/wp\/v2\/posts"}],"about":[{"href":"https:\/\/conakrynews.org\/index.php\/wp-json\/wp\/v2\/types\/post"}],"author":[{"embeddable":true,"href":"https:\/\/conakrynews.org\/index.php\/wp-json\/wp\/v2\/users\/2"}],"replies":[{"embeddable":true,"href":"https:\/\/conakrynews.org\/index.php\/wp-json\/wp\/v2\/comments?post=2741"}],"version-history":[{"count":0,"href":"https:\/\/conakrynews.org\/index.php\/wp-json\/wp\/v2\/posts\/2741\/revisions"}],"wp:featuredmedia":[{"embeddable":true,"href":"https:\/\/conakrynews.org\/index.php\/wp-json\/wp\/v2\/media\/2742"}],"wp:attachment":[{"href":"https:\/\/conakrynews.org\/index.php\/wp-json\/wp\/v2\/media?parent=2741"}],"wp:term":[{"taxonomy":"category","embeddable":true,"href":"https:\/\/conakrynews.org\/index.php\/wp-json\/wp\/v2\/categories?post=2741"},{"taxonomy":"post_tag","embeddable":true,"href":"https:\/\/conakrynews.org\/index.php\/wp-json\/wp\/v2\/tags?post=2741"}],"curies":[{"name":"wp","href":"https:\/\/api.w.org\/{rel}","templated":true}]}}