{"id":2750,"date":"2018-12-11T18:17:09","date_gmt":"2018-12-11T17:17:09","guid":{"rendered":"https:\/\/conakrynews.org\/?p=2750"},"modified":"2018-12-11T18:17:09","modified_gmt":"2018-12-11T17:17:09","slug":"guinee-lopposition-denonce-violation-de-constitution-gouvernement-dalpha-conde","status":"publish","type":"post","link":"https:\/\/conakrynews.org\/index.php\/guinee-lopposition-denonce-violation-de-constitution-gouvernement-dalpha-conde\/","title":{"rendered":"Guin\u00e9e : l\u2019opposition  d\u00e9nonce une violation de la constitution par le Gouvernement d\u2019Alpha Cond\u00e9"},"content":{"rendered":"<p><strong>Des leaders de l\u2019opposition R\u00e9publicaine \u00e9taient devant la presse ce mardi 11 d\u00e9cembre 2018 \u00e0 Conakry, L\u2019objectif de cette rencontre \u00e9tait \u00a0de faire \u00a0le point sur la situation sociopolitique du pays et celle du secteur \u00e9ducatif guin\u00e9en qui tend vers une ann\u00e9e blanche<\/strong><\/p>\n<p>Tout d\u2019abord, le chef de fil de l\u2019opposition El Hadj Mamadou Cellou Dalein Diallo a expliqu\u00e9 les malentendus qui persistent parfois entre la presse et l\u2019opposition mais \u00e9galement entre l\u2019opinion nationale et internationale et l\u2019opposition, parmi ces malentendus, il y a le choix attribu\u00e9 \u00a0\u00e0 l\u2019opposition de privil\u00e9gier l\u2019accord politique face \u00e0 la loi. Selon lui, bon nombre d\u2019observateurs pensent que l\u2019opposition \u00a0privil\u00e9gie le dialogue politique face \u00e0 la loi bien \u00e9videmment le pouvoir en place d\u00e9fend cela. Une mani\u00e8re de renvoyer toutes les charges \u00e0 l\u2019opposition, a expliqu\u00e9 le Chef de Fil de l\u2019opposition.<\/p>\n<p>Avant de rappeler, les circonstances dans lesquelles l\u2019accord politique a \u00e9t\u00e9 obtenu\u00a0\u00abIl est important de rappeler la gen\u00e8se du dialogue politique,\u00a0le dialogue politique est n\u00e9 de la violation de la loi par les autorit\u00e9s du pays. Alors, on se retrouve dans une autre situation pour dire comment r\u00e9parer cette violation de la loi par ces autorit\u00e9s, c\u2019est en ce moment qu\u2019il y a eu le dialogue politique\u00a0\u00bb, a fait savoir le pr\u00e9sident de l\u2019UFDG.<\/p>\n<p>De poursuivre, il a dit\u00a0:\u00a0\u00abC\u2019est apr\u00e8s avoir us\u00e9 toutes nos forces dans les dialogues politiques et qu\u2019il n\u2019y a pas de suite favorable qu\u2019on a d\u00e9cid\u00e9\u00a0\u00a0 faire recours aux manifestations\u00a0\u00a0 dans les rues. Malheureusement, ces manifestations sont suspendues et avec des r\u00e9pressions sanglantes \u00e0 l\u2019appui \u00e0 travers lesquelles de nos jours nous sommes \u00e0 103 morts. Les manifestations \u00e9tant une loi pr\u00e9vue dans la constitution est en cours de violation suite \u00e0 la suspension par le gouvernement\u00a0\u00bb, a soulign\u00e9 Cellou Dalein.<\/p>\n<p>&nbsp;<\/p>\n<p>Avant de pr\u00e9ciser que s\u2019il y avait t une haute cour de justice, qu\u2019ils auraient traduit le gouvernement du pr\u00e9sident Alpha Cond\u00e9 \u00e0 la justice pour violation de la constitution.<\/p>\n<p>&nbsp;<\/p>\n<p>Par ailleurs, le chef de fil de l\u2019opposition a mis un accent particulier sur la crise qui mine le secteur \u00e9ducatif guin\u00e9en, les 13% du budget allou\u00e9 dans le secteur \u00e9ducatif est tr\u00e8s petit comparativement aux autres pays de la sous-r\u00e9gion.<\/p>\n<p>&nbsp;<\/p>\n<p>Pour finir, le pr\u00e9sident Cellou a exhort\u00e9 au gouvernement guin\u00e9en de faire preuve d\u2019un peu humilit\u00e9 pour \u00e9viter une ann\u00e9e blanche.<\/p>\n<p><strong>\u00a0\u00a0Oumar Konat\u00e9 621077446<\/strong><\/p>\n<p><a href=\"https:\/\/conakrynews.org\/wp-content\/uploads\/2018\/12\/celoou-k.txt\">celoou k<\/a> <img loading=\"lazy\" decoding=\"async\" class=\"alignnone size-medium wp-image-2752\" src=\"https:\/\/conakrynews.org\/wp-content\/uploads\/2018\/12\/cellou-2-515x280.jpg\" alt=\"\" width=\"515\" height=\"280\" srcset=\"https:\/\/conakrynews.org\/wp-content\/uploads\/2018\/12\/cellou-2-515x280.jpg 515w, https:\/\/conakrynews.org\/wp-content\/uploads\/2018\/12\/cellou-2.jpg 735w\" sizes=\"auto, (max-width: 515px) 100vw, 515px\" \/><\/p>\n","protected":false},"excerpt":{"rendered":"<p>Des leaders de l\u2019opposition R\u00e9publicaine \u00e9taient devant la presse ce mardi 11 d\u00e9cembre 2018 \u00e0 Conakry, L\u2019objectif de cette rencontre \u00e9tait \u00a0de faire \u00a0le point sur la situation sociopolitique du pays et celle du secteur \u00e9ducatif guin\u00e9en qui tend vers une ann\u00e9e blanche Tout d\u2019abord, le chef de fil de l\u2019opposition El Hadj Mamadou Cellou [&hellip;]<\/p>\n","protected":false},"author":2,"featured_media":2752,"comment_status":"open","ping_status":"open","sticky":false,"template":"","format":"standard","meta":{"footnotes":""},"categories":[1],"tags":[],"class_list":{"0":"post-2750","1":"post","2":"type-post","3":"status-publish","4":"format-standard","5":"has-post-thumbnail","7":"category-non-classe"},"_links":{"self":[{"href":"https:\/\/conakrynews.org\/index.php\/wp-json\/wp\/v2\/posts\/2750","targetHints":{"allow":["GET"]}}],"collection":[{"href":"https:\/\/conakrynews.org\/index.php\/wp-json\/wp\/v2\/posts"}],"about":[{"href":"https:\/\/conakrynews.org\/index.php\/wp-json\/wp\/v2\/types\/post"}],"author":[{"embeddable":true,"href":"https:\/\/conakrynews.org\/index.php\/wp-json\/wp\/v2\/users\/2"}],"replies":[{"embeddable":true,"href":"https:\/\/conakrynews.org\/index.php\/wp-json\/wp\/v2\/comments?post=2750"}],"version-history":[{"count":0,"href":"https:\/\/conakrynews.org\/index.php\/wp-json\/wp\/v2\/posts\/2750\/revisions"}],"wp:featuredmedia":[{"embeddable":true,"href":"https:\/\/conakrynews.org\/index.php\/wp-json\/wp\/v2\/media\/2752"}],"wp:attachment":[{"href":"https:\/\/conakrynews.org\/index.php\/wp-json\/wp\/v2\/media?parent=2750"}],"wp:term":[{"taxonomy":"category","embeddable":true,"href":"https:\/\/conakrynews.org\/index.php\/wp-json\/wp\/v2\/categories?post=2750"},{"taxonomy":"post_tag","embeddable":true,"href":"https:\/\/conakrynews.org\/index.php\/wp-json\/wp\/v2\/tags?post=2750"}],"curies":[{"name":"wp","href":"https:\/\/api.w.org\/{rel}","templated":true}]}}