{"id":27542,"date":"2024-05-06T12:32:35","date_gmt":"2024-05-06T12:32:35","guid":{"rendered":"https:\/\/conakrynews.org\/?p=27542"},"modified":"2024-05-06T19:11:48","modified_gmt":"2024-05-06T19:11:48","slug":"reboisement-de-la-ville-des-jeunes-de-kaloum-en-collaboration-avec-la-cordination-nationale-guinee-debout-pour-le-developpement-lance-une-vaste-campagne","status":"publish","type":"post","link":"https:\/\/conakrynews.org\/index.php\/reboisement-de-la-ville-des-jeunes-de-kaloum-en-collaboration-avec-la-cordination-nationale-guinee-debout-pour-le-developpement-lance-une-vaste-campagne\/","title":{"rendered":"Reboisement de la ville: Des jeunes  de Kaloum en collaboration avec la Coordination Nationale \u00ab\u00a0Guin\u00e9e debout pour le d\u00e9veloppement\u00a0\u00bb lancent  une vaste campagne"},"content":{"rendered":"<p>Dans le  cadre du reboisement g\u00e9n\u00e9ral  de la commune de Kaloum,  des jeunes de Kaloum  en Collaboration avec la coordination Nationale \u00ab\u00a0Guin\u00e9e Debout pour le D\u00e9veloppement\u00a0\u00bb,ont proc\u00e9d\u00e9 ce dimanche, 5 Avril 2024, au lancement  d&rsquo;une vaste campagne  de reboisement  au quartier Almamya(Kaloum).L&rsquo;Objectif vise \u00e0  planter  plusieurs arbres dans les diff\u00e9rents  quartiers de la commune  afin de lutter  efficacement  contre le r\u00e9chauffement climatique  dans la capitale Conakry.<\/p>\n<p>Prenant la parole, l&rsquo;initiateur de cette campagne de reboisement, Amara Sinkoun Kaba,fils de Kaloum, a pr\u00e9cis\u00e9  que c&rsquo;est une initiative qui a \u00e9t\u00e9  lanc\u00e9 avec le r\u00e9chauffement climatique.\u00a0\u00bb En tant que fils de Kaloum, nous avons constat\u00e9s  sur le terrain  que nos arbres sont entrain  de mourir  et ils ne sont pas renouvel\u00e9s.C&rsquo;est pourquoi, nous avons d\u00e9cid\u00e9s de mettre en place cette initiative citoyenne,parce que ce sont des citoyens qui ont contribu\u00e9 pour venir planter  ces arbres pour  sauver notre environment\u00a0\u00bb,   a  d\u00e9clar\u00e9 Amara Sinkoun Kaba, fils de Kaloum.<\/p>\n<p><img loading=\"lazy\" decoding=\"async\" src=\"https:\/\/conakrynews.org\/wp-content\/uploads\/2024\/05\/20240505_123858-515x244.jpg\" alt=\"\" width=\"515\" height=\"244\" class=\"alignnone size-medium wp-image-27544\" srcset=\"https:\/\/conakrynews.org\/wp-content\/uploads\/2024\/05\/20240505_123858-515x244.jpg 515w, https:\/\/conakrynews.org\/wp-content\/uploads\/2024\/05\/20240505_123858-768x363.jpg 768w, https:\/\/conakrynews.org\/wp-content\/uploads\/2024\/05\/20240505_123858-1536x727.jpg 1536w, https:\/\/conakrynews.org\/wp-content\/uploads\/2024\/05\/20240505_123858-2048x969.jpg 2048w\" sizes=\"auto, (max-width: 515px) 100vw, 515px\" \/><\/p>\n<p>Avant de souligner  que  la nature c&rsquo;est l&rsquo;affaire de tous,et chacun peut faire un peu pour la nature.\u00a0\u00bb Il faudrait pas dire que si l&rsquo;\u00c9tat ne  fait pas , je vais rien faire.On va voir notre pays se g\u00e2ter comme \u00e7a\u00a0\u00bb, dit -il.<\/p>\n<p><img loading=\"lazy\" decoding=\"async\" src=\"https:\/\/conakrynews.org\/wp-content\/uploads\/2024\/05\/20240505_122858-515x244.jpg\" alt=\"\" width=\"515\" height=\"244\" class=\"alignnone size-medium wp-image-27547\" srcset=\"https:\/\/conakrynews.org\/wp-content\/uploads\/2024\/05\/20240505_122858-515x244.jpg 515w, https:\/\/conakrynews.org\/wp-content\/uploads\/2024\/05\/20240505_122858-768x363.jpg 768w, https:\/\/conakrynews.org\/wp-content\/uploads\/2024\/05\/20240505_122858-1536x727.jpg 1536w, https:\/\/conakrynews.org\/wp-content\/uploads\/2024\/05\/20240505_122858-2048x969.jpg 2048w\" sizes=\"auto, (max-width: 515px) 100vw, 515px\" \/><\/p>\n<p>Pour mettre un terme \u00e0 ses propos, il a   salu\u00e9 l&rsquo;implication  efficace des membres  de la coordination nationale \u00ab\u00a0Guin\u00e9e debout pour le d\u00e9veloppement\u00a0\u00bb \u00e0 travers son pr\u00e9sident M.Hamdane Camara.<\/p>\n<p><img loading=\"lazy\" decoding=\"async\" src=\"https:\/\/conakrynews.org\/wp-content\/uploads\/2024\/05\/20240505_121015-515x244.jpg\" alt=\"\" width=\"515\" height=\"244\" class=\"alignnone size-medium wp-image-27549\" srcset=\"https:\/\/conakrynews.org\/wp-content\/uploads\/2024\/05\/20240505_121015-515x244.jpg 515w, https:\/\/conakrynews.org\/wp-content\/uploads\/2024\/05\/20240505_121015-768x363.jpg 768w, https:\/\/conakrynews.org\/wp-content\/uploads\/2024\/05\/20240505_121015-1536x727.jpg 1536w, https:\/\/conakrynews.org\/wp-content\/uploads\/2024\/05\/20240505_121015-2048x969.jpg 2048w\" sizes=\"auto, (max-width: 515px) 100vw, 515px\" \/><\/p>\n<p>Aboubacar Kania Soumah,porte-parole de la Coordination nationale \u00ab\u00a0Guinee debout pour le d\u00e9veloppement\u00a0\u00bb , a affirm\u00e9  que c&rsquo;est une grande satisfaction pour lui aujourd&rsquo;hui de la part  de Sinkoun Kaba,qui est un fils de Kaloum,d&rsquo;avoir eu l&rsquo;initiative de proc\u00e9der au lancement de cette campagne de reboisement  au sein de la commune de Kaloum.\u00a0\u00bb Nous tous,\u00e7a doit \u00eatre l&rsquo;une de nos  pens\u00e9es,pour dire que le r\u00e9chauffement climatique \u00e0 fatigu\u00e9 le monde entier.Aujourd&rsquo;hui,vous avez vu m\u00eame \u00e0 Kaloum on est entrain de d\u00e9grader notre environnement.Et un constat majeur que nous avons fait,partout un arbre est  tomb\u00e9, l&rsquo;\u00c9tat, le Gouvernement ou la mairie ne viennent pas pour le remplacer.Par contre, ils viennent mettre des b\u00e9tons l\u00e0-bas,alors \u00e7a c&rsquo;est tr\u00e8s mal vu par rapport \u00e0 l&rsquo;\u00c9tat de notre nature\u00a0\u00bb, a expliqu\u00e9 le porte-parole de la Cordination nationale \u00ab\u00a0Guin\u00e9e Debout pour le D\u00e9veloppement\u00a0\u00bb.<\/p>\n<p><img loading=\"lazy\" decoding=\"async\" src=\"https:\/\/conakrynews.org\/wp-content\/uploads\/2024\/05\/20240505_120617-515x244.jpg\" alt=\"\" width=\"515\" height=\"244\" class=\"alignnone size-medium wp-image-27552\" srcset=\"https:\/\/conakrynews.org\/wp-content\/uploads\/2024\/05\/20240505_120617-515x244.jpg 515w, https:\/\/conakrynews.org\/wp-content\/uploads\/2024\/05\/20240505_120617-768x363.jpg 768w, https:\/\/conakrynews.org\/wp-content\/uploads\/2024\/05\/20240505_120617-1536x727.jpg 1536w, https:\/\/conakrynews.org\/wp-content\/uploads\/2024\/05\/20240505_120617-2048x969.jpg 2048w\" sizes=\"auto, (max-width: 515px) 100vw, 515px\" \/><\/p>\n<p>\u00a0\u00bb On doit  se donner la main afin de motiver  tous les citoyens pour pr\u00e9parer  le reboisement pour les grandes pluies,pour que Kaloum  reprenne son ancien visage\u00a0\u00bb a  invit\u00e9 les  citoyens de Kaloum, le porte-parole de la Coordination Nationale \u00ab\u00a0Guin\u00e9e Debout pour le D\u00e9veloppement\u00a0\u00bb<\/p>\n<p><img loading=\"lazy\" decoding=\"async\" src=\"https:\/\/conakrynews.org\/wp-content\/uploads\/2024\/05\/20240505_122951-515x244.jpg\" alt=\"\" width=\"515\" height=\"244\" class=\"alignnone size-medium wp-image-27554\" srcset=\"https:\/\/conakrynews.org\/wp-content\/uploads\/2024\/05\/20240505_122951-515x244.jpg 515w, https:\/\/conakrynews.org\/wp-content\/uploads\/2024\/05\/20240505_122951-768x363.jpg 768w, https:\/\/conakrynews.org\/wp-content\/uploads\/2024\/05\/20240505_122951-1536x727.jpg 1536w, https:\/\/conakrynews.org\/wp-content\/uploads\/2024\/05\/20240505_122951-2048x969.jpg 2048w\" sizes=\"auto, (max-width: 515px) 100vw, 515px\" \/><\/p>\n<p>Pour sa part, Mme M&rsquo;Balia Camara,citoyenne  de Kaloum,   a rappel\u00e9  que  notre pays est s\u00e9rieusement  secou\u00e9 aujourd&rsquo;hui   par la chaleur.Selon elle, cette campagne  de reboisement est une tr\u00e8s bonne initiative qui va permettre \u00e0 notre pays d&rsquo;\u00eatre \u00e0  l&rsquo;abri de la   chaleur \u00e9norme.\u00a0\u00bbCar,actuellement il fait tr\u00e8s chaud \u00e0 Conakry.Et cette chaleur cause assez de maladies aujourd&rsquo;hui aux pauvres  citoyens de la capitale\u00a0\u00bb,  a fait savoir Mme M&rsquo;Balia Camara.<\/p>\n<p>Avant d&rsquo;inviter les autorit\u00e9s \u00e0  prendre des dispositions idoines  pour mettre en place une meilleure politique de reboisement  dans notre pays.<\/p>\n<p>Sylla Ibrahima Kalil,pour www. conakrynews.org 625444534<\/p>\n","protected":false},"excerpt":{"rendered":"<p>Dans le cadre du reboisement g\u00e9n\u00e9ral de la commune de Kaloum, des jeunes de Kaloum en Collaboration avec la coordination Nationale \u00ab\u00a0Guin\u00e9e Debout pour le D\u00e9veloppement\u00a0\u00bb,ont proc\u00e9d\u00e9 ce dimanche, 5 Avril 2024, au lancement d&rsquo;une vaste campagne de reboisement au quartier Almamya(Kaloum).L&rsquo;Objectif vise \u00e0 planter plusieurs arbres dans les diff\u00e9rents quartiers de la commune afin [&hellip;]<\/p>\n","protected":false},"author":2,"featured_media":27557,"comment_status":"closed","ping_status":"closed","sticky":false,"template":"","format":"standard","meta":{"footnotes":""},"categories":[60],"tags":[],"class_list":{"0":"post-27542","1":"post","2":"type-post","3":"status-publish","4":"format-standard","5":"has-post-thumbnail","7":"category-environnement"},"_links":{"self":[{"href":"https:\/\/conakrynews.org\/index.php\/wp-json\/wp\/v2\/posts\/27542","targetHints":{"allow":["GET"]}}],"collection":[{"href":"https:\/\/conakrynews.org\/index.php\/wp-json\/wp\/v2\/posts"}],"about":[{"href":"https:\/\/conakrynews.org\/index.php\/wp-json\/wp\/v2\/types\/post"}],"author":[{"embeddable":true,"href":"https:\/\/conakrynews.org\/index.php\/wp-json\/wp\/v2\/users\/2"}],"replies":[{"embeddable":true,"href":"https:\/\/conakrynews.org\/index.php\/wp-json\/wp\/v2\/comments?post=27542"}],"version-history":[{"count":0,"href":"https:\/\/conakrynews.org\/index.php\/wp-json\/wp\/v2\/posts\/27542\/revisions"}],"wp:featuredmedia":[{"embeddable":true,"href":"https:\/\/conakrynews.org\/index.php\/wp-json\/wp\/v2\/media\/27557"}],"wp:attachment":[{"href":"https:\/\/conakrynews.org\/index.php\/wp-json\/wp\/v2\/media?parent=27542"}],"wp:term":[{"taxonomy":"category","embeddable":true,"href":"https:\/\/conakrynews.org\/index.php\/wp-json\/wp\/v2\/categories?post=27542"},{"taxonomy":"post_tag","embeddable":true,"href":"https:\/\/conakrynews.org\/index.php\/wp-json\/wp\/v2\/tags?post=27542"}],"curies":[{"name":"wp","href":"https:\/\/api.w.org\/{rel}","templated":true}]}}