{"id":2778,"date":"2018-12-20T02:21:59","date_gmt":"2018-12-20T01:21:59","guid":{"rendered":"https:\/\/conakrynews.org\/?p=2778"},"modified":"2018-12-20T02:21:59","modified_gmt":"2018-12-20T01:21:59","slug":"semaine-nationale-de-citoyennete-de-paix-remise-gilets-aux-conducteurs-taxis-motos-cadres-departement","status":"publish","type":"post","link":"https:\/\/conakrynews.org\/index.php\/semaine-nationale-de-citoyennete-de-paix-remise-gilets-aux-conducteurs-taxis-motos-cadres-departement\/","title":{"rendered":"Semaine nationale de la Citoyennet\u00e9 et de la paix : Remise des gilets aux  conducteurs des taxis motos  par des  cadres du d\u00e9partement"},"content":{"rendered":"<p><strong>Dans le cadre de la troisi\u00e8me \u00e9dition de la Semaine nationale de la Citoyennet\u00e9 et de la paix (SENACIP), des cadres du minist\u00e8re de de l\u2019Unit\u00e9 Nationale et de la Citoyennet\u00e9 \u00a0ont entam\u00e9 ce mercredi 19 D\u00e9cembre 2018 \u00e0 Conakry, une s\u00e9rie d\u2019activit\u00e9s de d\u2019activit\u00e9s de sensibilisation par rapport aux sujets de\u00a0\u00a0 citoyennet\u00e9 au sein de la capitale Conakry non seulement mais aussi dans toute la guin\u00e9e enti\u00e8re. Aujourd\u2019hui, une \u00e9quipe pr\u00e9sid\u00e9 par le Chef de Cabinet du d\u00e9partement ont proc\u00e9d\u00e9 \u00e0 la remise de gilets aux conducteurs de taxi-motos afin de les inviter \u00e0 s\u2019inscrire dans le programme de l\u2019action citoyenne tout en respectant le code de bonne conduite de la circulation routi\u00e8re.<\/p>\n<p><\/strong>Apr\u00e8s leur passage au sein des \u00e9tablissements scolaires \u00a0le mardi dernier sur des questions relatives \u00e0 l\u2019action citoyenne, les du minist\u00e8re ont proc\u00e9d\u00e9 \u00e0 une campagne de sensibilisation aupr\u00e8s des motards dans trois communes sur cinq. Des messages concernant le port de gilets, de casques et des surcharges abusives ont \u00e9t\u00e9 \u00e0 l\u2019ordre du jour.<\/p>\n<p>,Amirou Diawara, chef de cabinet du minist\u00e8re de la citoyennet\u00e9 et de l\u2019Unit\u00e9 nationale, a d\u00e9clar\u00e9 que les conducteurs de moto ont \u00e9t\u00e9 choisis parce qu\u2019ils constituent un probl\u00e8me pour les usagers de la route.<\/p>\n<p>\u00ab\u00a0On s\u2019est dit qu\u2019il vaut mieux travailler avec eux cette ann\u00e9e. Pendant les deux jours d\u2019immersion, je pense qu\u2019eux-m\u00eames vont participer \u00e0 la campagne de sensibilisation. On leur a distribu\u00e9 des gilets o\u00f9 s\u2019est \u00e9crit \u2018\u2019Je respecte le code de la route\u2019\u2019\u00a0\u00bb,\u00a0\u00a0 a pr\u00e9cis\u00e9 Amirou Diawara.<\/p>\n<p>Avant d\u2019ajouter \u00a0: \u00ab\u00a0Le premier message, c\u2019est le port des casques. On leur a dit de prendre des engagements \u00e0 partir du 1<sup>er<\/sup> janvier, ils vont tous porter des casques, des clients porteront aussi des casques, et ils ne vont plus faire de surcharge, ils vont respecter le code de route et ensuite ils ne vont plus se mettre \u00e0 insulter les usagers de la route\u00a0\u00bb, a-t-il \u00e9num\u00e9r\u00e9.<\/p>\n<p>Siba Guilavogui, conducteur de moto \u00e0 Lansanayah barrage, estime que c\u2019est un bon geste et s\u2019engage \u00e0 une utilisation correcte conform\u00e9ment au respect du code de la route.<\/p>\n<p>\u00ab\u00a0Je suis tr\u00e8s contents en recevant ce gilet qui est tr\u00e8s important moi. \u00c7a me motivera davantage de renforcer le travail. Puisque le taxi moto me fait une rentabilit\u00e9. Et si je vois aujourd\u2019hui le minist\u00e8re qui nous fait un cadeau de gilets \u00e7a me r\u00e9conforte. Donc \u00e0 partir de maintenant je m\u2019engage en tant que citoyen \u00e0 changer de comportement dans la circulation en respectant le code de route, le port de casque\u00a0\u00bb, a expliqu\u00e9 le conducteur de taxi moto.<\/p>\n<p>Content de ce geste, Alpha cabinet Camara, coordinateur de Taxi moto au Gouvernorat de la ville de Conakry, se dit content parce que la citoyennet\u00e9 concerne tout le monde. Sur ce, il s\u2019engage afin que le message pr\u00f4n\u00e9 par les autorit\u00e9s soit appliqu\u00e9 \u00e0 la lettre.<\/p>\n<p>\u00ab\u00a0Je ferais tout pour renforcer cette campagne de sensibilisation afin de permettre aux jeunes de limiter la vitesse pour \u00e9viter les accidents de la circulation. \u00c0 partir de maintenant, ils vont porter des casques, des gilets et \u00e9viter les surcharges. Nous allons nous battre pour que cette action soit continuelle\u00a0\u00bb, a affirm\u00e9 le coordinateur des taxis motos au gouvernorat de Conakry.<\/p>\n<p><strong>Sylla Ibrahima Kalil pour <a href=\"https:\/\/conakrynews.org\">www.conakrynews.org<\/a> 625444534<\/p>\n<p><\/strong><\/p>\n<p>&nbsp;<\/p>\n<p><img loading=\"lazy\" decoding=\"async\" class=\"alignright size-medium wp-image-2779\" src=\"https:\/\/conakrynews.org\/wp-content\/uploads\/2018\/12\/conducteur-taxi-375x375.jpg\" alt=\"\" width=\"375\" height=\"375\" srcset=\"https:\/\/conakrynews.org\/wp-content\/uploads\/2018\/12\/conducteur-taxi-375x375.jpg 375w, https:\/\/conakrynews.org\/wp-content\/uploads\/2018\/12\/conducteur-taxi-70x70.jpg 70w, https:\/\/conakrynews.org\/wp-content\/uploads\/2018\/12\/conducteur-taxi-768x768.jpg 768w, https:\/\/conakrynews.org\/wp-content\/uploads\/2018\/12\/conducteur-taxi.jpg 960w\" sizes=\"auto, (max-width: 375px) 100vw, 375px\" \/><\/p>\n","protected":false},"excerpt":{"rendered":"<p>Dans le cadre de la troisi\u00e8me \u00e9dition de la Semaine nationale de la Citoyennet\u00e9 et de la paix (SENACIP), des cadres du minist\u00e8re de de l\u2019Unit\u00e9 Nationale et de la Citoyennet\u00e9 \u00a0ont entam\u00e9 ce mercredi 19 D\u00e9cembre 2018 \u00e0 Conakry, une s\u00e9rie d\u2019activit\u00e9s de d\u2019activit\u00e9s de sensibilisation par rapport aux sujets de\u00a0\u00a0 citoyennet\u00e9 au sein [&hellip;]<\/p>\n","protected":false},"author":2,"featured_media":2779,"comment_status":"open","ping_status":"open","sticky":false,"template":"","format":"standard","meta":{"footnotes":""},"categories":[1],"tags":[],"class_list":{"0":"post-2778","1":"post","2":"type-post","3":"status-publish","4":"format-standard","5":"has-post-thumbnail","7":"category-non-classe"},"_links":{"self":[{"href":"https:\/\/conakrynews.org\/index.php\/wp-json\/wp\/v2\/posts\/2778","targetHints":{"allow":["GET"]}}],"collection":[{"href":"https:\/\/conakrynews.org\/index.php\/wp-json\/wp\/v2\/posts"}],"about":[{"href":"https:\/\/conakrynews.org\/index.php\/wp-json\/wp\/v2\/types\/post"}],"author":[{"embeddable":true,"href":"https:\/\/conakrynews.org\/index.php\/wp-json\/wp\/v2\/users\/2"}],"replies":[{"embeddable":true,"href":"https:\/\/conakrynews.org\/index.php\/wp-json\/wp\/v2\/comments?post=2778"}],"version-history":[{"count":0,"href":"https:\/\/conakrynews.org\/index.php\/wp-json\/wp\/v2\/posts\/2778\/revisions"}],"wp:featuredmedia":[{"embeddable":true,"href":"https:\/\/conakrynews.org\/index.php\/wp-json\/wp\/v2\/media\/2779"}],"wp:attachment":[{"href":"https:\/\/conakrynews.org\/index.php\/wp-json\/wp\/v2\/media?parent=2778"}],"wp:term":[{"taxonomy":"category","embeddable":true,"href":"https:\/\/conakrynews.org\/index.php\/wp-json\/wp\/v2\/categories?post=2778"},{"taxonomy":"post_tag","embeddable":true,"href":"https:\/\/conakrynews.org\/index.php\/wp-json\/wp\/v2\/tags?post=2778"}],"curies":[{"name":"wp","href":"https:\/\/api.w.org\/{rel}","templated":true}]}}