{"id":2787,"date":"2018-12-23T11:13:42","date_gmt":"2018-12-23T10:13:42","guid":{"rendered":"https:\/\/conakrynews.org\/?p=2787"},"modified":"2018-12-24T09:12:17","modified_gmt":"2018-12-24T08:12:17","slug":"boramaya-wawa-commemoration-10eme-anniversaire-de-mort-feu-president-lansana-conte","status":"publish","type":"post","link":"https:\/\/conakrynews.org\/index.php\/boramaya-wawa-commemoration-10eme-anniversaire-de-mort-feu-president-lansana-conte\/","title":{"rendered":"Bouramaya \u2018\u2019Wawa\u2019\u2019 : Comm\u00e9moration du 10\u00e8me anniversaire de la Mort du \u2018\u2019feu\u2019\u2019 Pr\u00e9sident Lansana Cont\u00e9"},"content":{"rendered":"<p><strong>Depuis sa mort le 22 D\u00e9cembre 2008, chaque ann\u00e9e, les parents et proches du \u2018\u2019Feu\u2019\u2019 pr\u00e9sident Lansana Cont\u00e9 organisent une c\u00e9r\u00e9monie de pri\u00e8re et b\u00e9n\u00e9diction \u00e0 Bouramaya pour rendre hommage \u00e0 la m\u00e9moire de l\u2019illustre disparu. Ce Samedi 22 D\u00e9cembre 2018, les membres de la famille, les proches et les guin\u00e9ens\u00a0\u00a0 ont c\u00e9l\u00e9br\u00e9 le 10<sup>\u00e8me<\/sup> anniversaire du \u2018\u2019Feu\u2019\u2019 pr\u00e9sident Lansanna Cont\u00e9 dans son village natal \u00e0 \u2018\u2019 WAWA\u2019\u2019.Ce 10<sup>\u00e8me<\/sup> Fidaou pour saluer la m\u00e9moire du pr\u00e9sident \u2018\u2019feu G\u00e9n\u00e9ral Lansana Cont\u00e9 a connu la pr\u00e9sence plusieurs cadres et des personnalit\u00e9s du Gouvernement notamment,le chef de fil de l\u2019opposition, Cellou Dalein Diallo,Sydia Tour\u00e9 ,<\/strong>pr\u00e9sident de l\u2019UFR, le premier ministre Chef du gouvernement, Ibrahima Kassory Fonana ,madame la ministre de l\u2019action sociale, de la promotion f\u00e9minine et de l\u2019enfance etc\u2026<\/p>\n<p>&nbsp;<\/p>\n<p>Pr\u00e9sent \u00e0 la c\u00e9r\u00e9monie, le d\u00e9put\u00e9 Aboubacar Soumah,a fait un rappel historique sur la vie de l\u2019homme\u00a0\u00ab\u00a0Nous n\u2019avons pas \u00e0 pr\u00e9senter aux guin\u00e9ens le g\u00e9n\u00e9ral Lansana Cont\u00e9, il a \u00e9t\u00e9 le p\u00e8re fondateur de la d\u00e9mocratie multipartisme en guin\u00e9e et le p\u00e8re du lib\u00e9ralisme \u00e9conomique en guin\u00e9e. Si les guin\u00e9ens ont connu la libert\u00e9 de financement, c\u2019est gr\u00e2ce au \u2018\u2019feu \u2018\u2019 G\u00e9n\u00e9ral Lansana Cont\u00e9. Car il avait lib\u00e9r\u00e9 les guin\u00e9ens dans tous les sens. Il a essay\u00e9 d\u2019imprimer l\u2019unit\u00e9 nationale et la coh\u00e9sion sociale au sein de la guin\u00e9e. Il a essay\u00e9 de faire en sorte que tout soit au profit des guin\u00e9ens. Donc, je prie que son \u00e2me repose en paix\u00a0\u00bb.<\/p>\n<p>&nbsp;<\/p>\n<p>&nbsp;<\/p>\n<p>Cellou Dalein Diallo,pr\u00e9sident de l\u2019Union des forces R\u00e9publicaines et chef de fil de l\u2019opposition et \u00e9galement ancien collaborateur du defunt , a d\u00e9clar\u00e9 \u00e0 cette occasion \u00a0\u00ab\u00a0 C\u2019est la libert\u00e9, la d\u00e9mocratie que le G\u00e9n\u00e9ral Lansana Cont\u00e9 a instaur\u00e9 en guin\u00e9e. C\u2019\u00e9tait un homme humble et tr\u00e8s attach\u00e9 \u00e0 la justice, car il avait horreur de l\u2019injustice. Il \u00e9tait attach\u00e9 \u00e0 l\u2019Unit\u00e9 de la nation, \u00e0 la paix. Il y a eu des agressions rebelles en Guin\u00e9e mais gr\u00e2ce \u00e0 la politique du G\u00e9n\u00e9ral Lansana Cont\u00e9, la guin\u00e9e a pu triompher la r\u00e9bellion. Il a pu pr\u00e9server l\u2019int\u00e9grit\u00e9 territoriale et le bien -\u00eatre de la guin\u00e9e et des guin\u00e9ens sans exception\u00a0\u00bb.<\/p>\n<p>&nbsp;<\/p>\n<p>&nbsp;<\/p>\n<p>Mohamed Cont\u00e9, fils du G\u00e9n\u00e9ral Lansana Cont\u00e9, je me joins \u00e0 la famille pour remercier tous ceux qui ont effectu\u00e9 des d\u00e9placements pour ce 10 \u00e8me Fidaou \u00e0 la m\u00e9moire de notre cher p\u00e8re. Notre p\u00e8re \u00e9tait une personne ouverte qui \u00e9tait au service de tout le monde. Il \u00e9tait un homme indulgent et tr\u00e8s humble.<\/p>\n<p>&nbsp;<\/p>\n<p>&nbsp;<\/p>\n<p>Etant l\u2019un des organisateurs de ce 10 \u00e8me Fidaou sur la disparition du \u2018\u2019feu G\u00e9n\u00e9ral Lansana Cont\u00e9, Fod\u00e9 Bangoura, actuellement pr\u00e9sident du parti de l\u2019Unit\u00e9 et du Progr\u00e8s (PUP) et ancien compagnon du d\u00e9funt, a salu\u00e9 la m\u00e9moire de l\u2019illustre disparu. \u00ab\u00a0Je prie Dieu qu\u2019il re\u00e7oit l\u2019\u00e2me de l\u2019illustre disparu dans son paradis. Nous sommes en train de c\u00e9l\u00e9brer le 10 anniversaire de l\u2019homme, dix ans c\u2019est peu mais c\u2019est encore beaucoup. Depuis hier, des guin\u00e9ens et guin\u00e9ennes venus de toutes les r\u00e9gions du pays sont arriv\u00e9s \u00e0 Boramaya pour des lectures de saint coran et des conf\u00e9rences islamiques ax\u00e9es sur la vie de notre regrett\u00e9. Ensuite pour faire des pri\u00e8res et des b\u00e9n\u00e9dictions pour la paix et l\u2019unit\u00e9 nationale au sein de notre pays\u00a0\u00bb.<\/p>\n<p><strong>Sylla Ibrahima Kalil pour <a href=\"https:\/\/conakrynews.org\">www.conakrynews.org<\/a> 625444534<\/strong><\/p>\n<p><strong>\u00a0<\/strong><\/p>\n<p><img loading=\"lazy\" decoding=\"async\" class=\"alignright size-medium wp-image-2788\" src=\"https:\/\/conakrynews.org\/wp-content\/uploads\/2018\/12\/wawa-375x375.jpg\" alt=\"\" width=\"375\" height=\"375\" srcset=\"https:\/\/conakrynews.org\/wp-content\/uploads\/2018\/12\/wawa-375x375.jpg 375w, https:\/\/conakrynews.org\/wp-content\/uploads\/2018\/12\/wawa-70x70.jpg 70w, https:\/\/conakrynews.org\/wp-content\/uploads\/2018\/12\/wawa-768x768.jpg 768w, https:\/\/conakrynews.org\/wp-content\/uploads\/2018\/12\/wawa.jpg 960w\" sizes=\"auto, (max-width: 375px) 100vw, 375px\" \/><\/p>\n","protected":false},"excerpt":{"rendered":"<p>Depuis sa mort le 22 D\u00e9cembre 2008, chaque ann\u00e9e, les parents et proches du \u2018\u2019Feu\u2019\u2019 pr\u00e9sident Lansana Cont\u00e9 organisent une c\u00e9r\u00e9monie de pri\u00e8re et b\u00e9n\u00e9diction \u00e0 Bouramaya pour rendre hommage \u00e0 la m\u00e9moire de l\u2019illustre disparu. Ce Samedi 22 D\u00e9cembre 2018, les membres de la famille, les proches et les guin\u00e9ens\u00a0\u00a0 ont c\u00e9l\u00e9br\u00e9 le 10\u00e8me [&hellip;]<\/p>\n","protected":false},"author":2,"featured_media":2788,"comment_status":"open","ping_status":"open","sticky":false,"template":"","format":"standard","meta":{"footnotes":""},"categories":[1],"tags":[],"class_list":{"0":"post-2787","1":"post","2":"type-post","3":"status-publish","4":"format-standard","5":"has-post-thumbnail","7":"category-non-classe"},"_links":{"self":[{"href":"https:\/\/conakrynews.org\/index.php\/wp-json\/wp\/v2\/posts\/2787","targetHints":{"allow":["GET"]}}],"collection":[{"href":"https:\/\/conakrynews.org\/index.php\/wp-json\/wp\/v2\/posts"}],"about":[{"href":"https:\/\/conakrynews.org\/index.php\/wp-json\/wp\/v2\/types\/post"}],"author":[{"embeddable":true,"href":"https:\/\/conakrynews.org\/index.php\/wp-json\/wp\/v2\/users\/2"}],"replies":[{"embeddable":true,"href":"https:\/\/conakrynews.org\/index.php\/wp-json\/wp\/v2\/comments?post=2787"}],"version-history":[{"count":0,"href":"https:\/\/conakrynews.org\/index.php\/wp-json\/wp\/v2\/posts\/2787\/revisions"}],"wp:featuredmedia":[{"embeddable":true,"href":"https:\/\/conakrynews.org\/index.php\/wp-json\/wp\/v2\/media\/2788"}],"wp:attachment":[{"href":"https:\/\/conakrynews.org\/index.php\/wp-json\/wp\/v2\/media?parent=2787"}],"wp:term":[{"taxonomy":"category","embeddable":true,"href":"https:\/\/conakrynews.org\/index.php\/wp-json\/wp\/v2\/categories?post=2787"},{"taxonomy":"post_tag","embeddable":true,"href":"https:\/\/conakrynews.org\/index.php\/wp-json\/wp\/v2\/tags?post=2787"}],"curies":[{"name":"wp","href":"https:\/\/api.w.org\/{rel}","templated":true}]}}