{"id":27894,"date":"2024-06-01T15:48:53","date_gmt":"2024-06-01T15:48:53","guid":{"rendered":"https:\/\/conakrynews.org\/?p=27894"},"modified":"2024-06-01T15:48:53","modified_gmt":"2024-06-01T15:48:53","slug":"le-president-senegalais-juge-une-reconcilitation-possible-entre-pays-du-sahel-et-cedeao","status":"publish","type":"post","link":"https:\/\/conakrynews.org\/index.php\/le-president-senegalais-juge-une-reconcilitation-possible-entre-pays-du-sahel-et-cedeao\/","title":{"rendered":"Le pr\u00e9sident s\u00e9n\u00e9galais juge une r\u00e9concilitation possible entre pays du Sahel et Cedeao"},"content":{"rendered":"<p>Le nouveau pr\u00e9sident du S\u00e9n\u00e9gal Bassirou Diomaye Faye a jug\u00e9 possible jeudi \u00e0 Bamako et Ouagadougou une r\u00e9conciliation entre la Communaut\u00e9 des Etats ouest-africains et les trois pays du Sahel qui ont rompu avec la Cedeao sous la conduite des juntes qui les dirigent.<\/p>\n<p>M. Faye, investi en avril, s\u2019est rendu jeudi chez le voisin malien avant d\u2019atterrir au Burkina Faso, effectuant sa premi\u00e8re visite dans deux des trois \u00c9tats qui, avec le Niger, ont annonc\u00e9 en janvier leur sortie de la Cedeao, l\u2019accusant d\u2019\u00eatre inf\u00e9od\u00e9e \u00e0 l\u2019ancienne puissance coloniale fran\u00e7aise et de ne pas les avoir assez soutenus contre le jihadisme.<\/p>\n<p>M. Faye a dit avoir longuement parl\u00e9 de la Cedeao avec le chef de la junte malienne, le colonel Assimi Go\u00efta. La position malienne, \u00ab quoique rigide, n\u2019est pas totalement inflexible \u00bb, a-t-il dit \u00e0 la presse au c\u00f4t\u00e9 du colonel Go\u00efta. La Cedeao est \u00ab tr\u00e8s malmen\u00e9e \u00bb, mais \u00ab nous ne devons pas nous r\u00e9signer et dire qu\u2019on ne peut plus rien faire. Il y a des difficult\u00e9s, il faut parler aux uns et aux autres et les comprendre et \u00e0 partir du niveau de compr\u00e9hension et des \u00e9carts de position, voir ce qu\u2019il est possible de b\u00e2tir \u00e0 partir du socle qui est existant \u00bb, a-t-il dit.<\/p>\n<p>\u00ab Je ne d\u00e9sesp\u00e8re pas de voir la Cedeao repartir sur des bases nouvelles qui nous \u00e9vitent la situation que nous traversons aujourd\u2019hui \u00bb, a-t-il dit sans pr\u00e9ciser la forme d\u2019une \u00e9ventuelle r\u00e9conciliation. Il avait dit vouloir faire revenir au sein de la Cedeao ces trois pays.<\/p>\n<p>M. Faye a cependant assur\u00e9 ne pas \u00eatre venu \u00e0 Bamako en tant que \u00ab m\u00e9diateur de la Cedeao \u00bb, mais pour une \u00ab prise de contact \u00bb qui l\u2019a conduit dans plusieurs autres pays ouest-africains auparavant. \u00ab Je ne suis mandat\u00e9 par aucune instance de la Cedeao \u00bb, a-t-il insist\u00e9.<\/p>\n<p>Arriv\u00e9 au Burkina dans l\u2019apr\u00e8s-midi, M. Faye a \u00e9t\u00e9 accueilli \u00e0 Ouagadougou par le chef du pouvoir militaire, le capitaine Ibrahim Traor\u00e9. Les relations entre ce pays et la Cedeao ont \u00e9galement \u00e9t\u00e9 \u00e9voqu\u00e9es. \u00ab Je comprends aujourd\u2019hui que les positions soient quelque peu fig\u00e9es, mais je per\u00e7ois dans chacune de ces positions une fen\u00eatre d\u2019ouverture qui permet de nouer un fil de dialogue \u00bb, a d\u00e9clar\u00e9 le pr\u00e9sident s\u00e9n\u00e9galais, cit\u00e9 dans un communiqu\u00e9 du pouvoir burkinab\u00e8.<\/p>\n<p>Selon la m\u00eame source, M. Faye a affirm\u00e9 \u00ab l\u2019engagement \u00bb de son pays \u00ab aux c\u00f4t\u00e9s \u00bb du Burkina. Les deux \u00c9tats souhaitent \u00ab raffermir \u00bb leurs \u00ab relations \u00bb, notamment sur \u00ab le plan commercial \u00bb, selon ce texte.<\/p>\n<p>Bassirou Diomaye Faye a \u00e9t\u00e9 \u00e9lu en promettant la rupture avec l\u2019ancien syst\u00e8me. Le chef de l\u2019\u00c9tat pr\u00eache le panafricanisme et le souverainisme qui sont aussi des mots d\u2019ordre des r\u00e9gimes militaires qui ont pris le pouvoir lors de putschs successifs au Mali, au Burkina et au Niger depuis 2020.<\/p>\n<p>Le S\u00e9n\u00e9gal partage des centaines de kilom\u00e8tres de fronti\u00e8res avec le Mali et entretient avec lui d\u2019importantes relations commerciales et humaines. La situation s\u00e9curitaire au Mali et au Sahel et le risque de propagation au S\u00e9n\u00e9gal r\u00e9put\u00e9 pour sa stabilit\u00e9 sont de longue date une pr\u00e9occupation forte \u00e0 Dakar.<\/p>\n<p>AFP<\/p>\n","protected":false},"excerpt":{"rendered":"<p>Le nouveau pr\u00e9sident du S\u00e9n\u00e9gal Bassirou Diomaye Faye a jug\u00e9 possible jeudi \u00e0 Bamako et Ouagadougou une r\u00e9conciliation entre la Communaut\u00e9 des Etats ouest-africains et les trois pays du Sahel qui ont rompu avec la Cedeao sous la conduite des juntes qui les dirigent. M. Faye, investi en avril, s\u2019est rendu jeudi chez le voisin [&hellip;]<\/p>\n","protected":false},"author":2,"featured_media":27895,"comment_status":"closed","ping_status":"closed","sticky":false,"template":"","format":"standard","meta":{"footnotes":""},"categories":[57],"tags":[],"class_list":{"0":"post-27894","1":"post","2":"type-post","3":"status-publish","4":"format-standard","5":"has-post-thumbnail","7":"category-politique"},"_links":{"self":[{"href":"https:\/\/conakrynews.org\/index.php\/wp-json\/wp\/v2\/posts\/27894","targetHints":{"allow":["GET"]}}],"collection":[{"href":"https:\/\/conakrynews.org\/index.php\/wp-json\/wp\/v2\/posts"}],"about":[{"href":"https:\/\/conakrynews.org\/index.php\/wp-json\/wp\/v2\/types\/post"}],"author":[{"embeddable":true,"href":"https:\/\/conakrynews.org\/index.php\/wp-json\/wp\/v2\/users\/2"}],"replies":[{"embeddable":true,"href":"https:\/\/conakrynews.org\/index.php\/wp-json\/wp\/v2\/comments?post=27894"}],"version-history":[{"count":0,"href":"https:\/\/conakrynews.org\/index.php\/wp-json\/wp\/v2\/posts\/27894\/revisions"}],"wp:featuredmedia":[{"embeddable":true,"href":"https:\/\/conakrynews.org\/index.php\/wp-json\/wp\/v2\/media\/27895"}],"wp:attachment":[{"href":"https:\/\/conakrynews.org\/index.php\/wp-json\/wp\/v2\/media?parent=27894"}],"wp:term":[{"taxonomy":"category","embeddable":true,"href":"https:\/\/conakrynews.org\/index.php\/wp-json\/wp\/v2\/categories?post=27894"},{"taxonomy":"post_tag","embeddable":true,"href":"https:\/\/conakrynews.org\/index.php\/wp-json\/wp\/v2\/tags?post=27894"}],"curies":[{"name":"wp","href":"https:\/\/api.w.org\/{rel}","templated":true}]}}