{"id":27906,"date":"2024-06-02T14:08:18","date_gmt":"2024-06-02T14:08:18","guid":{"rendered":"https:\/\/conakrynews.org\/?p=27906"},"modified":"2024-06-02T14:08:18","modified_gmt":"2024-06-02T14:08:18","slug":"apres-le-sacre-du-real-madrid-voici-le-classements-des-joueurs-africains-qui-ont-gagne-la-ligue-des-champions-2","status":"publish","type":"post","link":"https:\/\/conakrynews.org\/index.php\/apres-le-sacre-du-real-madrid-voici-le-classements-des-joueurs-africains-qui-ont-gagne-la-ligue-des-champions-2\/","title":{"rendered":"Apr\u00e8s le\u00a0sacre du Real Madrid, voici le classements des joueurs africains qui ont gagn\u00e9 la Ligue des champions  \u00a0"},"content":{"rendered":"<div id=\"td-mobile-nav\">\n<div class=\"td-mobile-container\">\n<div class=\"td-menu-socials-wrap\">\n<div class=\"td-menu-socials\"><\/div>\n<div class=\"td-mobile-close\"><\/div>\n<\/div>\n<\/div>\n<\/div>\n<div id=\"td-outer-wrap\" class=\"td-theme-wrap\">\n<div class=\"td-main-content-wrap td-container-wrap\">\n<div class=\"td-container td-post-template-2\">\n<article id=\"post-25018\" class=\"post-25018 post type-post status-publish format-standard has-post-thumbnail hentry category-actu category-sport\">\n<div class=\"td-pb-row\">\n<div class=\"td-pb-span12\">\n<div class=\"td-post-header\">\n<header class=\"td-post-title\">\n<div class=\"td-module-meta-info\">\n<div class=\"td-post-author-name\">\n<div class=\"td-author-line\"><\/div>\n<\/div>\n<\/div>\n<\/header>\n<\/div>\n<\/div>\n<\/div>\n<div class=\"td-pb-row\">\n<div class=\"td-pb-span8 td-main-content\" role=\"main\">\n<div class=\"td-ss-main-content\">\n<div class=\"td-post-sharing td-post-sharing-top \">\n<div class=\"td-default-sharing\"><i class=\"td-icon-facebook\"><\/i>\u00a0<i class=\"td-icon-twitter\"><\/i>\u00a0<i class=\"td-icon-googleplus\"><\/i>\u00a0<i class=\"td-icon-pinterest\"><\/i>\u00a0<i class=\"td-icon-whatsapp\"><\/i><\/div>\n<\/div>\n<div class=\"td-post-content\">\n<div class=\"td-post-featured-image\"><\/div>\n<div class=\"td-a-rec td-a-rec-id-content_top  td_uid_2_665c7bad0ef2d_rand td_block_template_1\"><\/div>\n<div class=\"wp-site-blocks\">\n<header class=\"wp-block-template-part\">\n<div class=\"wp-block-group has-background is-vertical is-content-justification-center is-nowrap is-layout-flex wp-container-core-group-is-layout-1 wp-block-group-is-layout-flex\"><\/div>\n<\/header>\n<div class=\"wp-block-group has-global-padding is-layout-constrained wp-container-core-group-is-layout-5 wp-block-group-is-layout-constrained\">\n<div class=\"wp-block-columns is-layout-flex wp-container-core-columns-is-layout-1 wp-block-columns-is-layout-flex\">\n<div class=\"wp-block-column bloc_detail_article is-layout-flow wp-block-column-is-layout-flow\">\n<div class=\"entry-content wp-block-post-content is-layout-flow wp-block-post-content-is-layout-flow\">\n<p><strong><a href=\"https:\/\/www.afriquesports.net\/ligue-des-champions\/cest-fait-le-real-madrid-sacre-champion-deurope-pour-la-15e-fois\">Le Real Madrid a remport\u00e9 ce samedi sa 15e Ligue<\/a><\/strong><strong><a href=\"https:\/\/www.afriquesports.net\/ligue-des-champions\/cest-fait-le-real-madrid-sacre-champion-deurope-pour-la-15e-fois\">\u00a0des champions en battant le Borussia Dortmund 2-0.<\/a>\u00a0Le Marocain de la Casa Blanca, Brahim Diaz, a ainsi rejoint la prestigieuse liste des footballeurs africains ayant remport\u00e9 la coupe aux grandes oreilles.<\/strong><\/p>\n<div class=\"device-desktop device-mobile device-tablet ads\" data-actirise-slot=\"top-content\"><\/div>\n<p>L\u2019Afrique, avec sa richesse de talents footballistiques, a produit des joueurs qui se sont impos\u00e9s au plus haut niveau. Leurs r\u00e9alisations ont non seulement rehauss\u00e9 la r\u00e9putation du football africain, mais ont \u00e9galement contribu\u00e9 \u00e0 briser les barri\u00e8res et \u00e0 d\u00e9montrer que les joueurs africains pouvaient rivaliser avec les meilleurs du monde. Voici un aper\u00e7u des 25 footballeurs africains qui ont remport\u00e9 la plus prestigieuse des comp\u00e9titions europ\u00e9ennes.<\/p>\n<div data-hbdbrk-parent=\"true\" data-actirise=\"true\" data-actirise-template=\"loader\">\n<div id=\"id-b514c210-28cd-59d1-a6da-7fe4c954acb5-0\" data-hbdbrk=\"b514c210-28cd-59d1-a6da-7fe4c954acb5\" data-hbdbrk-name=\"intext\">\n<div class=\"head\" data-actirise=\"true\">Ad<\/div>\n<div class=\"loader-grow\"><\/div>\n<\/div>\n<\/div>\n<p>Avant 2018, les statistiques de\u00a0<a href=\"https:\/\/www.google.com\/search?gs_ssp=eJzj4tDP1TdINiw0MGD0YilNTUsEACQDBGM&amp;q=uefa&amp;rlz=1C1PNBB_enSN1051SN1051&amp;oq=uef&amp;gs_lcrp=EgZjaHJvbWUqDQgBEC4YgwEYsQMYgAQyBggAEEUYOTINCAEQLhiDARixAxiABDIGCAIQRRg8MgYIAxBFGDwyBggEEEUYPDIGCAUQRRg8MgYIBhBFGDwyBggHEEUYPNIBCDM4NTVqMGo0qAIAsAIB&amp;sourceid=chrome&amp;ie=UTF-8\" target=\"_blank\" rel=\"nofollow noopener\">l\u2019UEFA<\/a>\u00a0ne prennent en compte que les joueurs ayant particip\u00e9 \u00e0 la finale.<\/p>\n<p>Le Ghan\u00e9en Ibrahim Tanko (Borussia Dortmund, 1996\/97), le Camerounais Geremi Njitap (Real Madrid, 1999\/2000 et 2001\/02), le S\u00e9n\u00e9galais Salif Diao (Liverpool FC, 2004\/05) et le K\u00e9nyan McDonald Mariga (Inter Milan, 2009\/10) ne sont ainsi pas consid\u00e9r\u00e9s comme des vainqueurs par l\u2019instance europ\u00e9enne.<\/p>\n<p>[totalpoll id=\u00a0\u00bb794558\u2033]<\/p>\n<h4 class=\"wp-block-heading\">Bruce Grobbelaar (Zimbabwe)<\/h4>\n<figure class=\"wp-block-image size-large\"><img loading=\"lazy\" decoding=\"async\" class=\"wp-image-807984 entered lazyloaded td-animation-stack-type0-2\" title=\"Apr\u00e8s le\u00a0sacre du Real Madrid, voici le classements des joueurs africains qui ont gagn\u00e9 la Ligue des champions 2\" src=\"https:\/\/i0.wp.com\/www.afriquesports.net\/wp-content\/uploads\/2024\/06\/FBFCgrIXoAEgv-R-1624x1624.jpeg.webp?resize=696%2C696&amp;ssl=1\" alt=\"Voici le classements des 25 joueurs africains qui ont gagn\u00e9 la Ligue des champions\" width=\"696\" height=\"696\" data-lazy-srcset=\"https:\/\/i0.wp.com\/www.afriquesports.net\/wp-content\/uploads\/2024\/06\/FBFCgrIXoAEgv-R-1624x1624.jpeg.webp?resize=696%2C696&amp;ssl=1 1624w, https:\/\/www.afriquesports.net\/wp-content\/uploads\/2024\/06\/FBFCgrIXoAEgv-R-700x700.jpeg.webp 700w, https:\/\/www.afriquesports.net\/wp-content\/uploads\/2024\/06\/FBFCgrIXoAEgv-R-200x200.jpeg.webp 200w, https:\/\/www.afriquesports.net\/wp-content\/uploads\/2024\/06\/FBFCgrIXoAEgv-R-768x768.jpeg.webp 768w, https:\/\/www.afriquesports.net\/wp-content\/uploads\/2024\/06\/FBFCgrIXoAEgv-R-1536x1536.jpeg.webp 1536w, https:\/\/www.afriquesports.net\/wp-content\/uploads\/2024\/06\/FBFCgrIXoAEgv-R.jpeg.webp 2048w\" data-lazy-sizes=\"(max-width: 1624px) 100vw, 1624px\" data-lazy-src=\"https:\/\/i0.wp.com\/www.afriquesports.net\/wp-content\/uploads\/2024\/06\/FBFCgrIXoAEgv-R-1624x1624.jpeg.webp?resize=696%2C696&amp;ssl=1\" data-lazy-src-webp=\"https:\/\/i0.wp.com\/www.afriquesports.net\/wp-content\/uploads\/2024\/06\/FBFCgrIXoAEgv-R-1624x1624.jpeg.webp?resize=696%2C696&amp;ssl=1\" data-lazy-srcset-webp=\"https:\/\/i0.wp.com\/www.afriquesports.net\/wp-content\/uploads\/2024\/06\/FBFCgrIXoAEgv-R-1624x1624.jpeg.webp?resize=696%2C696&amp;ssl=1 1624w, https:\/\/www.afriquesports.net\/wp-content\/uploads\/2024\/06\/FBFCgrIXoAEgv-R-700x700.jpeg.webp 700w, https:\/\/www.afriquesports.net\/wp-content\/uploads\/2024\/06\/FBFCgrIXoAEgv-R-200x200.jpeg.webp 200w, https:\/\/www.afriquesports.net\/wp-content\/uploads\/2024\/06\/FBFCgrIXoAEgv-R-768x768.jpeg.webp 768w, https:\/\/www.afriquesports.net\/wp-content\/uploads\/2024\/06\/FBFCgrIXoAEgv-R-1536x1536.jpeg.webp 1536w, https:\/\/www.afriquesports.net\/wp-content\/uploads\/2024\/06\/FBFCgrIXoAEgv-R.jpeg.webp 2048w\" data-ll-status=\"loaded\" data-hbdbrk-img=\"1\" data-recalc-dims=\"1\" \/><\/figure>\n<div data-hbdbrk-parent=\"true\" data-actirise=\"true\" data-actirise-template=\"loader\">\n<div id=\"id-b514c210-28cd-59d1-a6da-7fe4c954acb5-1\" data-hbdbrk=\"b514c210-28cd-59d1-a6da-7fe4c954acb5\" data-hbdbrk-name=\"intext\">\n<div class=\"head\" data-actirise=\"true\">Ad<\/div>\n<div class=\"loader-grow\"><\/div>\n<\/div>\n<\/div>\n<p>Bruce Grobbelaar, gardien des Reds, a marqu\u00e9 l\u2019histoire en devenant le premier Africain \u00e0 jouer et \u00e0 remporter une finale de Ligue des champions. C\u2019\u00e9tait lors de la finale opposant l\u2019AS Roma et Liverpool FC en 1983\/84 (1-1, 4-2 aux tirs au but). L\u2019ann\u00e9e suivante, lors de la finale contre la Juventus en 1984\/85 (d\u00e9faite 1-0), il est \u00e9galement devenu le premier joueur africain \u00e0 perdre une finale. Cependant, il restera \u00e0 jamais le pionnier africain \u00e0 avoir remport\u00e9 ce prestigieux titre continental.<\/p>\n<h4 class=\"wp-block-heading\">Rabah Madjer (Alg\u00e9rie)<\/h4>\n<figure class=\"wp-block-image size-full is-resized\"><img loading=\"lazy\" decoding=\"async\" class=\"wp-image-807985 entered lazyloaded td-animation-stack-type0-2\" title=\"Apr\u00e8s le\u00a0sacre du Real Madrid, voici le classements des joueurs africains qui ont gagn\u00e9 la Ligue des champions 3\" src=\"https:\/\/i0.wp.com\/www.afriquesports.net\/wp-content\/uploads\/2024\/06\/Rabah-Madjer.jpg.webp?resize=612%2C408&amp;ssl=1\" alt=\"Rabah Madjer (Alg\u00e9rie)\" width=\"612\" height=\"408\" data-lazy-srcset=\"https:\/\/i0.wp.com\/www.afriquesports.net\/wp-content\/uploads\/2024\/06\/Rabah-Madjer.jpg.webp?resize=612%2C408&amp;ssl=1 612w, https:\/\/www.afriquesports.net\/wp-content\/uploads\/2024\/06\/Rabah-Madjer-200x133.jpg.webp 200w\" data-lazy-sizes=\"(max-width: 612px) 100vw, 612px\" data-lazy-src=\"https:\/\/i0.wp.com\/www.afriquesports.net\/wp-content\/uploads\/2024\/06\/Rabah-Madjer.jpg.webp?resize=612%2C408&amp;ssl=1\" data-lazy-src-webp=\"https:\/\/i0.wp.com\/www.afriquesports.net\/wp-content\/uploads\/2024\/06\/Rabah-Madjer.jpg.webp?resize=612%2C408&amp;ssl=1\" data-lazy-srcset-webp=\"https:\/\/i0.wp.com\/www.afriquesports.net\/wp-content\/uploads\/2024\/06\/Rabah-Madjer.jpg.webp?resize=612%2C408&amp;ssl=1 612w, https:\/\/www.afriquesports.net\/wp-content\/uploads\/2024\/06\/Rabah-Madjer-200x133.jpg.webp 200w\" data-ll-status=\"loaded\" data-hbdbrk-img=\"3\" data-recalc-dims=\"1\" \/><\/figure>\n<div data-hbdbrk-parent=\"true\" data-actirise=\"true\" data-actirise-template=\"loader\">\n<div id=\"id-b514c210-28cd-59d1-a6da-7fe4c954acb5-2\" data-hbdbrk=\"b514c210-28cd-59d1-a6da-7fe4c954acb5\" data-hbdbrk-name=\"intext\"><\/div>\n<\/div>\n<p>Rabah Madjer a marqu\u00e9 une page m\u00e9morable de sa carri\u00e8re en remportant la Ligue des champions avec le FC Porto lors de la saison 1986\/87. Lors de la finale face au Bayern Munich (2-1), l\u2019international alg\u00e9rien (86 s\u00e9lections, 28 buts) est entr\u00e9 dans la l\u00e9gende en devenant le premier Africain \u00e0 marquer en finale de la Ligue des champions. Et quel but ! Il a donn\u00e9 la victoire \u00e0 son \u00e9quipe gr\u00e2ce \u00e0 une fantastique et improbable talonnade qui porte d\u00e9sormais son nom, inscrivant ainsi un des buts les plus iconiques de l\u2019histoire de la comp\u00e9tition.<\/p>\n<h4 class=\"wp-block-heading\">Abedi Pel\u00e9 (Ghana)<\/h4>\n<figure class=\"wp-block-image size-full is-resized\"><img loading=\"lazy\" decoding=\"async\" class=\"wp-image-807986 entered lazyloaded td-animation-stack-type0-2\" title=\"Apr\u00e8s le\u00a0sacre du Real Madrid, voici le classements des joueurs africains qui ont gagn\u00e9 la Ligue des champions 4\" src=\"https:\/\/i0.wp.com\/www.afriquesports.net\/wp-content\/uploads\/2024\/06\/gettyimages-52784819-612x612-1.jpg.webp?resize=612%2C427&amp;ssl=1\" alt=\"Abedi Pel\u00e9 (Ghana)\" width=\"612\" height=\"427\" data-lazy-srcset=\"https:\/\/i0.wp.com\/www.afriquesports.net\/wp-content\/uploads\/2024\/06\/gettyimages-52784819-612x612-1.jpg.webp?resize=612%2C427&amp;ssl=1 612w, https:\/\/www.afriquesports.net\/wp-content\/uploads\/2024\/06\/gettyimages-52784819-612x612-1-200x140.jpg.webp 200w\" data-lazy-sizes=\"(max-width: 612px) 100vw, 612px\" data-lazy-src=\"https:\/\/i0.wp.com\/www.afriquesports.net\/wp-content\/uploads\/2024\/06\/gettyimages-52784819-612x612-1.jpg.webp?resize=612%2C427&amp;ssl=1\" data-lazy-src-webp=\"https:\/\/i0.wp.com\/www.afriquesports.net\/wp-content\/uploads\/2024\/06\/gettyimages-52784819-612x612-1.jpg.webp?resize=612%2C427&amp;ssl=1\" data-lazy-srcset-webp=\"https:\/\/i0.wp.com\/www.afriquesports.net\/wp-content\/uploads\/2024\/06\/gettyimages-52784819-612x612-1.jpg.webp?resize=612%2C427&amp;ssl=1 612w, https:\/\/www.afriquesports.net\/wp-content\/uploads\/2024\/06\/gettyimages-52784819-612x612-1-200x140.jpg.webp 200w\" data-ll-status=\"loaded\" data-hbdbrk-img=\"3\" data-recalc-dims=\"1\" \/><\/figure>\n<div data-hbdbrk-parent=\"true\" data-actirise=\"true\" data-actirise-template=\"loader\">\n<div id=\"id-b514c210-28cd-59d1-a6da-7fe4c954acb5-3\" data-hbdbrk=\"b514c210-28cd-59d1-a6da-7fe4c954acb5\" data-hbdbrk-name=\"intext\"><\/div>\n<\/div>\n<p>Abedi Pel\u00e9, l\u00e9gende du football ghan\u00e9en (73 s\u00e9lections, 19 buts), a remport\u00e9 la Ligue des champions avec l\u2019Olympique de Marseille lors de la saison 1992\/93. En finale, les Olympiens ont triomph\u00e9 1-0 contre l\u2019AC Milan, gr\u00e2ce \u00e0 un but de la t\u00eate de Basile Boli, marqu\u00e9 sur un corner tir\u00e9 par Abedi Pel\u00e9. Le natif d\u2019Accra a \u00e9galement remport\u00e9 trois Ballons d\u2019Or africains cons\u00e9cutifs entre 1991 et 1993, ce qui a consolid\u00e9 son statut d\u2019ic\u00f4ne du football africain \u00e0 cette \u00e9poque.<\/p>\n<h4 class=\"wp-block-heading\">Finidi George (Nigeria)<\/h4>\n<figure class=\"wp-block-image size-full is-resized\"><img loading=\"lazy\" decoding=\"async\" class=\"wp-image-807987 entered lazyloaded td-animation-stack-type0-2\" title=\"Apr\u00e8s le\u00a0sacre du Real Madrid, voici le classements des joueurs africains qui ont gagn\u00e9 la Ligue des champions 5\" src=\"https:\/\/i0.wp.com\/www.afriquesports.net\/wp-content\/uploads\/2024\/06\/gettyimages-1616062-612x612-1.jpg.webp?resize=612%2C427&amp;ssl=1\" alt=\"Finidi George (Nigeria)\" width=\"612\" height=\"427\" data-lazy-srcset=\"https:\/\/i0.wp.com\/www.afriquesports.net\/wp-content\/uploads\/2024\/06\/gettyimages-1616062-612x612-1.jpg.webp?resize=612%2C427&amp;ssl=1 612w, https:\/\/www.afriquesports.net\/wp-content\/uploads\/2024\/06\/gettyimages-1616062-612x612-1-200x140.jpg.webp 200w\" data-lazy-sizes=\"(max-width: 612px) 100vw, 612px\" data-lazy-src=\"https:\/\/i0.wp.com\/www.afriquesports.net\/wp-content\/uploads\/2024\/06\/gettyimages-1616062-612x612-1.jpg.webp?resize=612%2C427&amp;ssl=1\" data-lazy-src-webp=\"https:\/\/i0.wp.com\/www.afriquesports.net\/wp-content\/uploads\/2024\/06\/gettyimages-1616062-612x612-1.jpg.webp?resize=612%2C427&amp;ssl=1\" data-lazy-srcset-webp=\"https:\/\/i0.wp.com\/www.afriquesports.net\/wp-content\/uploads\/2024\/06\/gettyimages-1616062-612x612-1.jpg.webp?resize=612%2C427&amp;ssl=1 612w, https:\/\/www.afriquesports.net\/wp-content\/uploads\/2024\/06\/gettyimages-1616062-612x612-1-200x140.jpg.webp 200w\" data-ll-status=\"loaded\" data-hbdbrk-img=\"3\" data-recalc-dims=\"1\" \/><\/figure>\n<div data-hbdbrk-parent=\"true\" data-actirise=\"true\" data-actirise-template=\"loader\">\n<div id=\"id-b514c210-28cd-59d1-a6da-7fe4c954acb5-4\" data-hbdbrk=\"b514c210-28cd-59d1-a6da-7fe4c954acb5\" data-hbdbrk-name=\"intext\"><\/div>\n<\/div>\n<p>Finidi George, ancien milieu de terrain offensif des Super Eagles (62 s\u00e9lections, 6 buts), a remport\u00e9 la Ligue des champions avec l\u2019Ajax Amsterdam lors de la saison 1994\/95. Son talent et sa d\u00e9termination ont jou\u00e9 un r\u00f4le cl\u00e9 dans la r\u00e9ussite de l\u2019\u00e9quipe, qui a remport\u00e9 la finale contre l\u2019AC Milan 1-0. Il a jou\u00e9 l\u2019int\u00e9gralit\u00e9 de la rencontre. L\u2019ann\u00e9e suivante, il a de nouveau atteint la finale de la Ligue des champions avec l\u2019Ajax Amsterdam, mais cette fois-ci, l\u2019\u00e9quipe s\u2019est inclin\u00e9e face \u00e0 la Juventus Turin (1-1, 2 tab \u00e0 4).<\/p>\n<h4 class=\"wp-block-heading\">Nwankwo Kanu (Nigeria)<\/h4>\n<figure class=\"wp-block-image size-full is-resized\"><img loading=\"lazy\" decoding=\"async\" class=\"wp-image-807988 entered lazyloaded td-animation-stack-type0-2\" title=\"Apr\u00e8s le\u00a0sacre du Real Madrid, voici le classements des joueurs africains qui ont gagn\u00e9 la Ligue des champions 6\" src=\"https:\/\/i0.wp.com\/www.afriquesports.net\/wp-content\/uploads\/2024\/06\/Nwankwo-Kanu.jpg.webp?resize=612%2C408&amp;ssl=1\" alt=\"Nwankwo Kanu (Nigeria)\" width=\"612\" height=\"408\" data-lazy-srcset=\"https:\/\/i0.wp.com\/www.afriquesports.net\/wp-content\/uploads\/2024\/06\/Nwankwo-Kanu.jpg.webp?resize=612%2C408&amp;ssl=1 612w, https:\/\/www.afriquesports.net\/wp-content\/uploads\/2024\/06\/Nwankwo-Kanu-200x133.jpg.webp 200w\" data-lazy-sizes=\"(max-width: 612px) 100vw, 612px\" data-lazy-src=\"https:\/\/i0.wp.com\/www.afriquesports.net\/wp-content\/uploads\/2024\/06\/Nwankwo-Kanu.jpg.webp?resize=612%2C408&amp;ssl=1\" data-lazy-src-webp=\"https:\/\/i0.wp.com\/www.afriquesports.net\/wp-content\/uploads\/2024\/06\/Nwankwo-Kanu.jpg.webp?resize=612%2C408&amp;ssl=1\" data-lazy-srcset-webp=\"https:\/\/i0.wp.com\/www.afriquesports.net\/wp-content\/uploads\/2024\/06\/Nwankwo-Kanu.jpg.webp?resize=612%2C408&amp;ssl=1 612w, https:\/\/www.afriquesports.net\/wp-content\/uploads\/2024\/06\/Nwankwo-Kanu-200x133.jpg.webp 200w\" data-hbdbrk-img=\"3\" data-ll-status=\"loaded\" data-recalc-dims=\"1\" \/><\/figure>\n<div data-hbdbrk-parent=\"true\" data-actirise=\"true\" data-actirise-template=\"loader\">\n<div id=\"id-b514c210-28cd-59d1-a6da-7fe4c954acb5-5\" data-hbdbrk=\"b514c210-28cd-59d1-a6da-7fe4c954acb5\" data-hbdbrk-name=\"intext\"><\/div>\n<\/div>\n<p>Le c\u00e9l\u00e8bre Nwankwo Kanu, alors \u00e2g\u00e9 de moins de 19 ans, faisait partie de l\u2019\u00e9pop\u00e9e de l\u2019Ajax lors de la saison 1994\/95. Ce grand attaquant, au sens propre comme au figur\u00e9, est entr\u00e9 en jeu \u00e0 la place de Clarence Seedorf \u00e0 la 53e minute de la finale. Il a assist\u00e9 \u00e0 la victoire d\u00e9cisive de Patrick Kluivert, qui a marqu\u00e9 le but crucial \u00e0 la 83e minute, offrant ainsi la coupe aux grandes oreilles \u00e0 l\u2019Ajax. L\u2019ann\u00e9e suivante, Kanu a jou\u00e9 l\u2019int\u00e9gralit\u00e9 de la finale face \u00e0 la Juventus (1-1, 2 tab \u00e0 4), mais a d\u00fb se contenter de la m\u00e9daille de finaliste. Malgr\u00e9 sa longue carri\u00e8re achev\u00e9e en 2012, il n\u2019aura plus l\u2019occasion de jouer une finale de Ligue des champions.<\/p>\n<h4 class=\"wp-block-heading\">Samuel Kuffour (Ghana)<\/h4>\n<figure class=\"wp-block-image size-large\"><img loading=\"lazy\" decoding=\"async\" class=\"wp-image-807992 entered lazyloaded td-animation-stack-type0-2\" title=\"Apr\u00e8s le\u00a0sacre du Real Madrid, voici le classements des joueurs africains qui ont gagn\u00e9 la Ligue des champions 7\" src=\"https:\/\/i0.wp.com\/www.afriquesports.net\/wp-content\/uploads\/2024\/06\/03a57e9ac88b481c8c53d0b765d048d821d74171-1624x914.jpg.webp?resize=696%2C392&amp;ssl=1\" alt=\"Samuel Kuffour (Ghana)\" width=\"696\" height=\"392\" data-lazy-srcset=\"https:\/\/i0.wp.com\/www.afriquesports.net\/wp-content\/uploads\/2024\/06\/03a57e9ac88b481c8c53d0b765d048d821d74171-1624x914.jpg.webp?resize=696%2C392&amp;ssl=1 1624w, https:\/\/www.afriquesports.net\/wp-content\/uploads\/2024\/06\/03a57e9ac88b481c8c53d0b765d048d821d74171-700x394.jpg.webp 700w, https:\/\/www.afriquesports.net\/wp-content\/uploads\/2024\/06\/03a57e9ac88b481c8c53d0b765d048d821d74171-200x113.jpg.webp 200w, https:\/\/www.afriquesports.net\/wp-content\/uploads\/2024\/06\/03a57e9ac88b481c8c53d0b765d048d821d74171-768x432.jpg.webp 768w, https:\/\/www.afriquesports.net\/wp-content\/uploads\/2024\/06\/03a57e9ac88b481c8c53d0b765d048d821d74171-1536x864.jpg.webp 1536w, https:\/\/www.afriquesports.net\/wp-content\/uploads\/2024\/06\/03a57e9ac88b481c8c53d0b765d048d821d74171.jpg.webp 1920w\" data-lazy-sizes=\"(max-width: 1624px) 100vw, 1624px\" data-lazy-src=\"https:\/\/i0.wp.com\/www.afriquesports.net\/wp-content\/uploads\/2024\/06\/03a57e9ac88b481c8c53d0b765d048d821d74171-1624x914.jpg.webp?resize=696%2C392&amp;ssl=1\" data-lazy-src-webp=\"https:\/\/i0.wp.com\/www.afriquesports.net\/wp-content\/uploads\/2024\/06\/03a57e9ac88b481c8c53d0b765d048d821d74171-1624x914.jpg.webp?resize=696%2C392&amp;ssl=1\" data-lazy-srcset-webp=\"https:\/\/i0.wp.com\/www.afriquesports.net\/wp-content\/uploads\/2024\/06\/03a57e9ac88b481c8c53d0b765d048d821d74171-1624x914.jpg.webp?resize=696%2C392&amp;ssl=1 1624w, https:\/\/www.afriquesports.net\/wp-content\/uploads\/2024\/06\/03a57e9ac88b481c8c53d0b765d048d821d74171-700x394.jpg.webp 700w, https:\/\/www.afriquesports.net\/wp-content\/uploads\/2024\/06\/03a57e9ac88b481c8c53d0b765d048d821d74171-200x113.jpg.webp 200w, https:\/\/www.afriquesports.net\/wp-content\/uploads\/2024\/06\/03a57e9ac88b481c8c53d0b765d048d821d74171-768x432.jpg.webp 768w, https:\/\/www.afriquesports.net\/wp-content\/uploads\/2024\/06\/03a57e9ac88b481c8c53d0b765d048d821d74171-1536x864.jpg.webp 1536w, https:\/\/www.afriquesports.net\/wp-content\/uploads\/2024\/06\/03a57e9ac88b481c8c53d0b765d048d821d74171.jpg.webp 1920w\" data-ll-status=\"loaded\" data-recalc-dims=\"1\" \/><\/figure>\n<div data-hbdbrk-parent=\"true\" data-actirise=\"true\" data-actirise-template=\"loader\">\n<div id=\"id-b514c210-28cd-59d1-a6da-7fe4c954acb5-6\" data-hbdbrk=\"b514c210-28cd-59d1-a6da-7fe4c954acb5\" data-hbdbrk-name=\"intext\"><\/div>\n<\/div>\n<p>Samuel Kuffour, c\u00e9l\u00e8bre d\u00e9fenseur ghan\u00e9en (59 s\u00e9lections, 3 buts), a pass\u00e9 onze saisons au Bayern Munich. En 2001, \u00e0 24 ans, il a jou\u00e9 un r\u00f4le crucial dans la victoire des Bavarois en Ligue des champions. Lors de la finale contre Valence (1-1, 5 tab \u00e0 4), bien que Kuffour n\u2019ait pas \u00e9t\u00e9 parmi les tireurs lors de la s\u00e9ance de tirs au but, il a disput\u00e9 l\u2019int\u00e9gralit\u00e9 de la rencontre au stade Giuseppe-Meazza de Milan.<\/p>\n<h4 class=\"wp-block-heading\">Benni McCarthy (Afrique du Sud)<\/h4>\n<figure class=\"wp-block-image size-large\"><img loading=\"lazy\" decoding=\"async\" class=\"wp-image-807993 entered lazyloaded td-animation-stack-type0-2\" title=\"Apr\u00e8s le\u00a0sacre du Real Madrid, voici le classements des joueurs africains qui ont gagn\u00e9 la Ligue des champions 8\" src=\"https:\/\/i0.wp.com\/www.afriquesports.net\/wp-content\/uploads\/2024\/06\/Benni-McCarthy-1624x1086.jpg.webp?resize=696%2C465&amp;ssl=1\" alt=\"Benni McCarthy (Afrique du Sud)\" width=\"696\" height=\"465\" data-lazy-srcset=\"https:\/\/i0.wp.com\/www.afriquesports.net\/wp-content\/uploads\/2024\/06\/Benni-McCarthy-1624x1086.jpg.webp?resize=696%2C465&amp;ssl=1 1624w, https:\/\/www.afriquesports.net\/wp-content\/uploads\/2024\/06\/Benni-McCarthy-700x468.jpg.webp 700w, https:\/\/www.afriquesports.net\/wp-content\/uploads\/2024\/06\/Benni-McCarthy-200x134.jpg.webp 200w, https:\/\/www.afriquesports.net\/wp-content\/uploads\/2024\/06\/Benni-McCarthy-768x514.jpg.webp 768w, https:\/\/www.afriquesports.net\/wp-content\/uploads\/2024\/06\/Benni-McCarthy-1536x1028.jpg.webp 1536w, https:\/\/www.afriquesports.net\/wp-content\/uploads\/2024\/06\/Benni-McCarthy.jpg.webp 2048w\" data-lazy-sizes=\"(max-width: 1624px) 100vw, 1624px\" data-lazy-src=\"https:\/\/i0.wp.com\/www.afriquesports.net\/wp-content\/uploads\/2024\/06\/Benni-McCarthy-1624x1086.jpg.webp?resize=696%2C465&amp;ssl=1\" data-lazy-src-webp=\"https:\/\/i0.wp.com\/www.afriquesports.net\/wp-content\/uploads\/2024\/06\/Benni-McCarthy-1624x1086.jpg.webp?resize=696%2C465&amp;ssl=1\" data-lazy-srcset-webp=\"https:\/\/i0.wp.com\/www.afriquesports.net\/wp-content\/uploads\/2024\/06\/Benni-McCarthy-1624x1086.jpg.webp?resize=696%2C465&amp;ssl=1 1624w, https:\/\/www.afriquesports.net\/wp-content\/uploads\/2024\/06\/Benni-McCarthy-700x468.jpg.webp 700w, https:\/\/www.afriquesports.net\/wp-content\/uploads\/2024\/06\/Benni-McCarthy-200x134.jpg.webp 200w, https:\/\/www.afriquesports.net\/wp-content\/uploads\/2024\/06\/Benni-McCarthy-768x514.jpg.webp 768w, https:\/\/www.afriquesports.net\/wp-content\/uploads\/2024\/06\/Benni-McCarthy-1536x1028.jpg.webp 1536w, https:\/\/www.afriquesports.net\/wp-content\/uploads\/2024\/06\/Benni-McCarthy.jpg.webp 2048w\" data-ll-status=\"loaded\" data-hbdbrk-img=\"3\" data-recalc-dims=\"1\" \/><\/figure>\n<div data-hbdbrk-parent=\"true\" data-actirise=\"true\" data-actirise-template=\"loader\">\n<div id=\"id-b514c210-28cd-59d1-a6da-7fe4c954acb5-7\" data-hbdbrk=\"b514c210-28cd-59d1-a6da-7fe4c954acb5\" data-hbdbrk-name=\"intext\"><\/div>\n<\/div>\n<p>Benni McCarthy, avec ses 80 s\u00e9lections et 32 buts pour l\u2019Afrique du Sud, a eu une carri\u00e8re de club remarquable. Le sommet de sa carri\u00e8re est sans doute la victoire en Ligue des champions 2003-2004 avec le FC Porto. Lors de la finale contre l\u2019AS Monaco (0-3), McCarthy est entr\u00e9 en jeu \u00e0 la 78\u00e8me minute en remplacement du Br\u00e9silien Derlei. Plus t\u00f4t dans le tournoi, il avait inscrit un but d\u00e9cisif contre Manchester United lors des huiti\u00e8mes de finale aller (1-1) et avait marqu\u00e9 un doubl\u00e9 face au Partizan Belgrade en phase de groupes (2-1).<\/p>\n<h4 class=\"wp-block-heading\">Djimi Traor\u00e9 (Mali)<\/h4>\n<figure class=\"wp-block-image size-full\"><img loading=\"lazy\" decoding=\"async\" class=\"wp-image-807994 entered lazyloaded td-animation-stack-type0-2\" title=\"Apr\u00e8s le\u00a0sacre du Real Madrid, voici le classements des joueurs africains qui ont gagn\u00e9 la Ligue des champions 9\" src=\"https:\/\/i0.wp.com\/www.afriquesports.net\/wp-content\/uploads\/2024\/06\/Djimi-Traore.jpeg?resize=696%2C391&amp;ssl=1\" alt=\"Djimi Traor\u00e9 (Mali)\" width=\"696\" height=\"391\" data-lazy-srcset=\"https:\/\/i0.wp.com\/www.afriquesports.net\/wp-content\/uploads\/2024\/06\/Djimi-Traore.jpeg?resize=696%2C391&amp;ssl=1 1260w, https:\/\/www.afriquesports.net\/wp-content\/uploads\/2024\/06\/Djimi-Traore-700x393.jpeg.webp 700w, https:\/\/www.afriquesports.net\/wp-content\/uploads\/2024\/06\/Djimi-Traore-200x112.jpeg.webp 200w, https:\/\/www.afriquesports.net\/wp-content\/uploads\/2024\/06\/Djimi-Traore-768x432.jpeg.webp 768w\" data-lazy-sizes=\"(max-width: 1260px) 100vw, 1260px\" data-lazy-src=\"https:\/\/i0.wp.com\/www.afriquesports.net\/wp-content\/uploads\/2024\/06\/Djimi-Traore.jpeg?resize=696%2C391&amp;ssl=1\" data-lazy-srcset-webp=\"https:\/\/i0.wp.com\/www.afriquesports.net\/wp-content\/uploads\/2024\/06\/Djimi-Traore.jpeg?resize=696%2C391&amp;ssl=1 1260w, https:\/\/www.afriquesports.net\/wp-content\/uploads\/2024\/06\/Djimi-Traore-700x393.jpeg.webp 700w, https:\/\/www.afriquesports.net\/wp-content\/uploads\/2024\/06\/Djimi-Traore-200x112.jpeg.webp 200w, https:\/\/www.afriquesports.net\/wp-content\/uploads\/2024\/06\/Djimi-Traore-768x432.jpeg.webp 768w\" data-ll-status=\"loaded\" data-recalc-dims=\"1\" \/><\/figure>\n<div data-hbdbrk-parent=\"true\" data-actirise=\"true\" data-actirise-template=\"loader\">\n<div id=\"id-b514c210-28cd-59d1-a6da-7fe4c954acb5-8\" data-hbdbrk=\"b514c210-28cd-59d1-a6da-7fe4c954acb5\" data-hbdbrk-name=\"intext\"><\/div>\n<\/div>\n<p>Djimi Traor\u00e9, malgr\u00e9 une carri\u00e8re internationale \u00e9ph\u00e9m\u00e8re avec le Mali (6 s\u00e9lections, 1 but), a marqu\u00e9 les esprits lors de son passage \u00e0 Liverpool (141 matchs, 1 but). En 2005, il a remport\u00e9 la Ligue des champions avec les Reds dans une finale m\u00e9morable contre le Milan AC. Malgr\u00e9 un d\u00e9ficit de trois buts \u00e0 la mi-temps, Liverpool a r\u00e9ussi \u00e0 revenir et \u00e0 s\u2019imposer aux tirs au but (4-2), faisant de Traor\u00e9 le premier joueur malien \u00e0 remporter cette comp\u00e9tition.<\/p>\n<h4 class=\"wp-block-heading\">Samuel Eto\u2019o (Cameroun)<\/h4>\n<figure class=\"wp-block-image size-full\"><img loading=\"lazy\" decoding=\"async\" class=\"wp-image-807995 entered lazyloaded td-animation-stack-type0-2\" title=\"Apr\u00e8s le\u00a0sacre du Real Madrid, voici le classements des joueurs africains qui ont gagn\u00e9 la Ligue des champions 10\" src=\"https:\/\/i0.wp.com\/www.afriquesports.net\/wp-content\/uploads\/2024\/06\/samuel_etoo_et_la_ligue_des_champions.jpg.webp?resize=696%2C464&amp;ssl=1\" alt=\"Samuel Eto'o (Cameroun)\" width=\"696\" height=\"464\" data-lazy-srcset=\"https:\/\/i0.wp.com\/www.afriquesports.net\/wp-content\/uploads\/2024\/06\/samuel_etoo_et_la_ligue_des_champions.jpg.webp?resize=696%2C464&amp;ssl=1 1000w, https:\/\/www.afriquesports.net\/wp-content\/uploads\/2024\/06\/samuel_etoo_et_la_ligue_des_champions-700x466.jpg.webp 700w, https:\/\/www.afriquesports.net\/wp-content\/uploads\/2024\/06\/samuel_etoo_et_la_ligue_des_champions-200x133.jpg.webp 200w, https:\/\/www.afriquesports.net\/wp-content\/uploads\/2024\/06\/samuel_etoo_et_la_ligue_des_champions-768x511.jpg.webp 768w\" data-lazy-sizes=\"(max-width: 1000px) 100vw, 1000px\" data-lazy-src=\"https:\/\/i0.wp.com\/www.afriquesports.net\/wp-content\/uploads\/2024\/06\/samuel_etoo_et_la_ligue_des_champions.jpg.webp?resize=696%2C464&amp;ssl=1\" data-lazy-src-webp=\"https:\/\/i0.wp.com\/www.afriquesports.net\/wp-content\/uploads\/2024\/06\/samuel_etoo_et_la_ligue_des_champions.jpg.webp?resize=696%2C464&amp;ssl=1\" data-lazy-srcset-webp=\"https:\/\/i0.wp.com\/www.afriquesports.net\/wp-content\/uploads\/2024\/06\/samuel_etoo_et_la_ligue_des_champions.jpg.webp?resize=696%2C464&amp;ssl=1 1000w, https:\/\/www.afriquesports.net\/wp-content\/uploads\/2024\/06\/samuel_etoo_et_la_ligue_des_champions-700x466.jpg.webp 700w, https:\/\/www.afriquesports.net\/wp-content\/uploads\/2024\/06\/samuel_etoo_et_la_ligue_des_champions-200x133.jpg.webp 200w, https:\/\/www.afriquesports.net\/wp-content\/uploads\/2024\/06\/samuel_etoo_et_la_ligue_des_champions-768x511.jpg.webp 768w\" data-ll-status=\"loaded\" data-hbdbrk-img=\"3\" data-recalc-dims=\"1\" \/><\/figure>\n<div data-hbdbrk-parent=\"true\" data-actirise=\"true\" data-actirise-template=\"loader\">\n<div id=\"id-b514c210-28cd-59d1-a6da-7fe4c954acb5-9\" data-hbdbrk=\"b514c210-28cd-59d1-a6da-7fe4c954acb5\" data-hbdbrk-name=\"intext\"><\/div>\n<\/div>\n<p>Samuel Eto\u2019o, l\u2019embl\u00e9matique footballeur camerounais, a marqu\u00e9 l\u2019histoire de la Ligue des champions en remportant le prestigieux troph\u00e9e \u00e0 trois reprises, un record pour un Africain. Il a triomph\u00e9 avec le FC Barcelone lors des saisons 2005\/06 (victoire 2-1 contre Arsenal) et 2008\/09 (victoire 2-0 contre Manchester United), marquant \u00e0 chaque fois un but en finale. Il a ajout\u00e9 une autre victoire \u00e0 son palmar\u00e8s avec le succ\u00e8s de l\u2019Inter en 2009\/10 face au Bayern Munich (2-0), d\u00e9livrant une passe d\u00e9cisive pour Diego Milito. Avec 33 buts, Eto\u2019o est le troisi\u00e8me meilleur buteur africain de l\u2019histoire de la Ligue des champions.<\/p>\n<h4 class=\"wp-block-heading\">Yaya Tour\u00e9 (C\u00f4te d\u2019Ivoire)<\/h4>\n<figure class=\"wp-block-image size-full\"><img loading=\"lazy\" decoding=\"async\" class=\"wp-image-807996 entered lazyloaded td-animation-stack-type0-2\" title=\"Apr\u00e8s le\u00a0sacre du Real Madrid, voici le classements des joueurs africains qui ont gagn\u00e9 la Ligue des champions 11\" src=\"https:\/\/i0.wp.com\/www.afriquesports.net\/wp-content\/uploads\/2024\/06\/Yaya-Toure.jpg.webp?resize=696%2C464&amp;ssl=1\" alt=\"Yaya Tour\u00e9 (C\u00f4te d'Ivoire)\" width=\"696\" height=\"464\" data-lazy-srcset=\"https:\/\/i0.wp.com\/www.afriquesports.net\/wp-content\/uploads\/2024\/06\/Yaya-Toure.jpg.webp?resize=696%2C464&amp;ssl=1 1200w, https:\/\/www.afriquesports.net\/wp-content\/uploads\/2024\/06\/Yaya-Toure-700x467.jpg.webp 700w, https:\/\/www.afriquesports.net\/wp-content\/uploads\/2024\/06\/Yaya-Toure-200x133.jpg.webp 200w, https:\/\/www.afriquesports.net\/wp-content\/uploads\/2024\/06\/Yaya-Toure-768x512.jpg.webp 768w\" data-lazy-sizes=\"(max-width: 1200px) 100vw, 1200px\" data-lazy-src=\"https:\/\/i0.wp.com\/www.afriquesports.net\/wp-content\/uploads\/2024\/06\/Yaya-Toure.jpg.webp?resize=696%2C464&amp;ssl=1\" data-lazy-src-webp=\"https:\/\/i0.wp.com\/www.afriquesports.net\/wp-content\/uploads\/2024\/06\/Yaya-Toure.jpg.webp?resize=696%2C464&amp;ssl=1\" data-lazy-srcset-webp=\"https:\/\/i0.wp.com\/www.afriquesports.net\/wp-content\/uploads\/2024\/06\/Yaya-Toure.jpg.webp?resize=696%2C464&amp;ssl=1 1200w, https:\/\/www.afriquesports.net\/wp-content\/uploads\/2024\/06\/Yaya-Toure-700x467.jpg.webp 700w, https:\/\/www.afriquesports.net\/wp-content\/uploads\/2024\/06\/Yaya-Toure-200x133.jpg.webp 200w, https:\/\/www.afriquesports.net\/wp-content\/uploads\/2024\/06\/Yaya-Toure-768x512.jpg.webp 768w\" data-ll-status=\"loaded\" data-hbdbrk-img=\"3\" data-recalc-dims=\"1\" \/><\/figure>\n<div data-hbdbrk-parent=\"true\" data-actirise=\"true\" data-actirise-template=\"loader\">\n<div id=\"id-b514c210-28cd-59d1-a6da-7fe4c954acb5-10\" data-hbdbrk=\"b514c210-28cd-59d1-a6da-7fe4c954acb5\" data-hbdbrk-name=\"intext\"><\/div>\n<\/div>\n<p>Yaya Tour\u00e9, l\u00e9gende de la C\u00f4te d\u2019Ivoire (102 s\u00e9lections, 19 buts), est surtout connu pour son long passage \u00e0 Manchester City entre 2010 et 2018 (316 matchs, 79 buts). Avant cela, il avait brill\u00e9 au FC Barcelone, o\u00f9 il a remport\u00e9 la Ligue des champions en 2009. Titulaire, il a disput\u00e9 12 rencontres lors de cette \u00e9dition victorieuse, y compris la finale contre Manchester United (2-0), jouant au poste de d\u00e9fenseur central.<\/p>\n<h4 class=\"wp-block-heading\">Seydou Keita (Mali)<\/h4>\n<figure class=\"wp-block-image size-full\"><img loading=\"lazy\" decoding=\"async\" class=\"wp-image-807997 entered lazyloaded td-animation-stack-type0-2\" title=\"Apr\u00e8s le\u00a0sacre du Real Madrid, voici le classements des joueurs africains qui ont gagn\u00e9 la Ligue des champions 12\" src=\"https:\/\/i0.wp.com\/www.afriquesports.net\/wp-content\/uploads\/2024\/06\/Seydou-Keita.jpg.webp?resize=686%2C386&amp;ssl=1\" alt=\"Seydou Keita (Mali)\" width=\"686\" height=\"386\" data-lazy-srcset=\"https:\/\/i0.wp.com\/www.afriquesports.net\/wp-content\/uploads\/2024\/06\/Seydou-Keita.jpg.webp?resize=686%2C386&amp;ssl=1 686w, https:\/\/www.afriquesports.net\/wp-content\/uploads\/2024\/06\/Seydou-Keita-200x113.jpg.webp 200w\" data-lazy-sizes=\"(max-width: 686px) 100vw, 686px\" data-lazy-src=\"https:\/\/i0.wp.com\/www.afriquesports.net\/wp-content\/uploads\/2024\/06\/Seydou-Keita.jpg.webp?resize=686%2C386&amp;ssl=1\" data-lazy-src-webp=\"https:\/\/i0.wp.com\/www.afriquesports.net\/wp-content\/uploads\/2024\/06\/Seydou-Keita.jpg.webp?resize=686%2C386&amp;ssl=1\" data-lazy-srcset-webp=\"https:\/\/i0.wp.com\/www.afriquesports.net\/wp-content\/uploads\/2024\/06\/Seydou-Keita.jpg.webp?resize=686%2C386&amp;ssl=1 686w, https:\/\/www.afriquesports.net\/wp-content\/uploads\/2024\/06\/Seydou-Keita-200x113.jpg.webp 200w\" data-ll-status=\"loaded\" data-recalc-dims=\"1\" \/><\/figure>\n<div data-hbdbrk-parent=\"true\" data-actirise=\"true\" data-actirise-template=\"loader\">\n<div id=\"id-b514c210-28cd-59d1-a6da-7fe4c954acb5-11\" data-hbdbrk=\"b514c210-28cd-59d1-a6da-7fe4c954acb5\" data-hbdbrk-name=\"intext\"><\/div>\n<\/div>\n<p>Seydou Keita, ancien milieu de terrain du FC Barcelone, de S\u00e9ville et de l\u2019AS Rome, a connu l\u2019apog\u00e9e de sa carri\u00e8re avec les Blaugrana, remportant la Ligue des champions \u00e0 deux reprises (2009 et 2011). Lors de la finale de 2009 contre Manchester United (2-0), il est entr\u00e9 en jeu \u00e0 la 72\u00e8me minute. Deux ans plus tard, contre le m\u00eame adversaire (3-1), il a fait son apparition \u00e0 la 86\u00e8me minute.<\/p>\n<h4 class=\"wp-block-heading\">Sulley Muntari (Ghana)<\/h4>\n<figure class=\"wp-block-image size-full\"><img loading=\"lazy\" decoding=\"async\" class=\"wp-image-807998 entered lazyloaded td-animation-stack-type0-2\" title=\"Apr\u00e8s le\u00a0sacre du Real Madrid, voici le classements des joueurs africains qui ont gagn\u00e9 la Ligue des champions 13\" src=\"https:\/\/i0.wp.com\/www.afriquesports.net\/wp-content\/uploads\/2024\/06\/Sulley-Muntari.jpg.webp?resize=696%2C365&amp;ssl=1\" alt=\"Sulley Muntari (Ghana)\" width=\"696\" height=\"365\" data-lazy-srcset=\"https:\/\/i0.wp.com\/www.afriquesports.net\/wp-content\/uploads\/2024\/06\/Sulley-Muntari.jpg.webp?resize=696%2C365&amp;ssl=1 1120w, https:\/\/www.afriquesports.net\/wp-content\/uploads\/2024\/06\/Sulley-Muntari-700x368.jpg.webp 700w, https:\/\/www.afriquesports.net\/wp-content\/uploads\/2024\/06\/Sulley-Muntari-200x105.jpg.webp 200w, https:\/\/www.afriquesports.net\/wp-content\/uploads\/2024\/06\/Sulley-Muntari-768x403.jpg.webp 768w\" data-lazy-sizes=\"(max-width: 1120px) 100vw, 1120px\" data-lazy-src=\"https:\/\/i0.wp.com\/www.afriquesports.net\/wp-content\/uploads\/2024\/06\/Sulley-Muntari.jpg.webp?resize=696%2C365&amp;ssl=1\" data-lazy-src-webp=\"https:\/\/i0.wp.com\/www.afriquesports.net\/wp-content\/uploads\/2024\/06\/Sulley-Muntari.jpg.webp?resize=696%2C365&amp;ssl=1\" data-lazy-srcset-webp=\"https:\/\/i0.wp.com\/www.afriquesports.net\/wp-content\/uploads\/2024\/06\/Sulley-Muntari.jpg.webp?resize=696%2C365&amp;ssl=1 1120w, https:\/\/www.afriquesports.net\/wp-content\/uploads\/2024\/06\/Sulley-Muntari-700x368.jpg.webp 700w, https:\/\/www.afriquesports.net\/wp-content\/uploads\/2024\/06\/Sulley-Muntari-200x105.jpg.webp 200w, https:\/\/www.afriquesports.net\/wp-content\/uploads\/2024\/06\/Sulley-Muntari-768x403.jpg.webp 768w\" data-ll-status=\"loaded\" data-recalc-dims=\"1\" \/><\/figure>\n<div data-hbdbrk-parent=\"true\" data-actirise=\"true\" data-actirise-template=\"loader\">\n<div id=\"id-b514c210-28cd-59d1-a6da-7fe4c954acb5-12\" data-hbdbrk=\"b514c210-28cd-59d1-a6da-7fe4c954acb5\" data-hbdbrk-name=\"intext\"><\/div>\n<\/div>\n<p>Sulley Muntari, pilier des Black Stars entre 2002 et 2014 (84 s\u00e9lections, 22 buts), a \u00e9galement eu une carri\u00e8re en club impressionnante. Il a pass\u00e9 quatre ans \u00e0 l\u2019Inter Milan, o\u00f9 il a remport\u00e9 la Ligue des champions en 2009\/10. Lors de la finale contre le Bayern Munich (2-0), Muntari est entr\u00e9 en jeu \u00e0 la 79\u00e8me minute en remplacement de Goran Pandev.<\/p>\n<div>\n<div><span class=\"ctaText\">Lire aussi:<\/span>\u00a0\u00a0<span class=\"postTitle\">L\u2019interview hallucinante de Rodrygo, il n\u2019est pas s\u00fbr de rester au Real Madrid !<\/span><\/div>\n<\/div>\n<h4 class=\"wp-block-heading\">John Obi Mikel (Nigeria)<\/h4>\n<figure class=\"wp-block-image size-full is-resized\"><img loading=\"lazy\" decoding=\"async\" class=\"wp-image-807999 entered lazyloaded td-animation-stack-type0-2\" title=\"Apr\u00e8s le\u00a0sacre du Real Madrid, voici le classements des joueurs africains qui ont gagn\u00e9 la Ligue des champions 14\" src=\"https:\/\/i0.wp.com\/www.afriquesports.net\/wp-content\/uploads\/2024\/06\/John-Obi-Mikel.jpg.webp?resize=624%2C351&amp;ssl=1\" alt=\"John Obi Mikel (Nigeria)\" width=\"624\" height=\"351\" data-lazy-srcset=\"https:\/\/i0.wp.com\/www.afriquesports.net\/wp-content\/uploads\/2024\/06\/John-Obi-Mikel.jpg.webp?resize=624%2C351&amp;ssl=1 624w, https:\/\/www.afriquesports.net\/wp-content\/uploads\/2024\/06\/John-Obi-Mikel-200x113.jpg.webp 200w\" data-lazy-sizes=\"(max-width: 624px) 100vw, 624px\" data-lazy-src=\"https:\/\/i0.wp.com\/www.afriquesports.net\/wp-content\/uploads\/2024\/06\/John-Obi-Mikel.jpg.webp?resize=624%2C351&amp;ssl=1\" data-lazy-src-webp=\"https:\/\/i0.wp.com\/www.afriquesports.net\/wp-content\/uploads\/2024\/06\/John-Obi-Mikel.jpg.webp?resize=624%2C351&amp;ssl=1\" data-lazy-srcset-webp=\"https:\/\/i0.wp.com\/www.afriquesports.net\/wp-content\/uploads\/2024\/06\/John-Obi-Mikel.jpg.webp?resize=624%2C351&amp;ssl=1 624w, https:\/\/www.afriquesports.net\/wp-content\/uploads\/2024\/06\/John-Obi-Mikel-200x113.jpg.webp 200w\" data-ll-status=\"loaded\" data-recalc-dims=\"1\" \/><\/figure>\n<div data-hbdbrk-parent=\"true\" data-actirise=\"true\" data-actirise-template=\"loader\">\n<div id=\"id-b514c210-28cd-59d1-a6da-7fe4c954acb5-13\" data-hbdbrk=\"b514c210-28cd-59d1-a6da-7fe4c954acb5\" data-hbdbrk-name=\"intext\"><\/div>\n<\/div>\n<p>John Obi Mikel est un nom bien connu des fans de Chelsea. Avec 372 matchs et 6 buts en plus d\u2019une d\u00e9cennie (2006-2017) avec le club londonien, le milieu de terrain nig\u00e9rian a \u00e9t\u00e9 un \u00e9l\u00e9ment cl\u00e9 de l\u2019\u00e9quipe. Apr\u00e8s un premier \u00e9chec en finale en 2008 contre Manchester United, Mikel a remport\u00e9 la Ligue des champions en 2012 face au Bayern Munich (1-1, 3 tab \u00e0 4), disputant l\u2019int\u00e9gralit\u00e9 de la finale.<\/p>\n<h4 class=\"wp-block-heading\">Salomon Kalou (C\u00f4te d\u2019Ivoire)<\/h4>\n<figure class=\"wp-block-image size-full is-resized\"><img loading=\"lazy\" decoding=\"async\" class=\"wp-image-808001 entered lazyloaded td-animation-stack-type0-2\" title=\"Apr\u00e8s le\u00a0sacre du Real Madrid, voici le classements des joueurs africains qui ont gagn\u00e9 la Ligue des champions 15\" src=\"https:\/\/i0.wp.com\/www.afriquesports.net\/wp-content\/uploads\/2024\/06\/Salomon-Kalou.jpg.webp?resize=640%2C360&amp;ssl=1\" alt=\"Salomon Kalou (C\u00f4te d'Ivoire)\" width=\"640\" height=\"360\" data-lazy-srcset=\"https:\/\/i0.wp.com\/www.afriquesports.net\/wp-content\/uploads\/2024\/06\/Salomon-Kalou.jpg.webp?resize=640%2C360&amp;ssl=1 640w, https:\/\/www.afriquesports.net\/wp-content\/uploads\/2024\/06\/Salomon-Kalou-200x113.jpg.webp 200w\" data-lazy-sizes=\"(max-width: 640px) 100vw, 640px\" data-lazy-src=\"https:\/\/i0.wp.com\/www.afriquesports.net\/wp-content\/uploads\/2024\/06\/Salomon-Kalou.jpg.webp?resize=640%2C360&amp;ssl=1\" data-lazy-src-webp=\"https:\/\/i0.wp.com\/www.afriquesports.net\/wp-content\/uploads\/2024\/06\/Salomon-Kalou.jpg.webp?resize=640%2C360&amp;ssl=1\" data-lazy-srcset-webp=\"https:\/\/i0.wp.com\/www.afriquesports.net\/wp-content\/uploads\/2024\/06\/Salomon-Kalou.jpg.webp?resize=640%2C360&amp;ssl=1 640w, https:\/\/www.afriquesports.net\/wp-content\/uploads\/2024\/06\/Salomon-Kalou-200x113.jpg.webp 200w\" data-ll-status=\"loaded\" data-recalc-dims=\"1\" \/><\/figure>\n<div data-hbdbrk-parent=\"true\" data-actirise=\"true\" data-actirise-template=\"loader\">\n<div id=\"id-b514c210-28cd-59d1-a6da-7fe4c954acb5-14\" data-hbdbrk=\"b514c210-28cd-59d1-a6da-7fe4c954acb5\" data-hbdbrk-name=\"intext\"><\/div>\n<\/div>\n<p>Salomon Kalou, tout comme Didier Drogba et John Obi Mikel, a connu une carri\u00e8re fructueuse \u00e0 Chelsea, marquant 60 buts en 254 matchs. Il a v\u00e9cu la d\u00e9sillusion de 2008 en finale de la Ligue des champions (entrant en jeu \u00e0 la 92\u00e8me minute) et la victoire en 2012 (titulaire puis remplac\u00e9 \u00e0 la 84\u00e8me minute). Kalou a \u00e9galement marqu\u00e9 l\u2019histoire en tant que l\u2019un des grands talents ivoiriens (97 s\u00e9lections, 28 buts) de sa g\u00e9n\u00e9ration.<\/p>\n<h4 class=\"wp-block-heading\">Didier Drogba (C\u00f4te d\u2019Ivoire)<\/h4>\n<figure class=\"wp-block-image size-full\"><img loading=\"lazy\" decoding=\"async\" class=\"wp-image-808002 entered lazyloaded td-animation-stack-type0-2\" title=\"Apr\u00e8s le\u00a0sacre du Real Madrid, voici le classements des joueurs africains qui ont gagn\u00e9 la Ligue des champions 16\" src=\"https:\/\/i0.wp.com\/www.afriquesports.net\/wp-content\/uploads\/2024\/06\/Didier-Drogba.jpg.webp?resize=696%2C387&amp;ssl=1\" alt=\"Didier Drogba (C\u00f4te d'Ivoire)\" width=\"696\" height=\"387\" data-lazy-srcset=\"https:\/\/i0.wp.com\/www.afriquesports.net\/wp-content\/uploads\/2024\/06\/Didier-Drogba.jpg.webp?resize=696%2C387&amp;ssl=1 810w, https:\/\/www.afriquesports.net\/wp-content\/uploads\/2024\/06\/Didier-Drogba-700x389.jpg.webp 700w, https:\/\/www.afriquesports.net\/wp-content\/uploads\/2024\/06\/Didier-Drogba-200x111.jpg.webp 200w, https:\/\/www.afriquesports.net\/wp-content\/uploads\/2024\/06\/Didier-Drogba-768x427.jpg.webp 768w\" data-lazy-sizes=\"(max-width: 810px) 100vw, 810px\" data-lazy-src=\"https:\/\/i0.wp.com\/www.afriquesports.net\/wp-content\/uploads\/2024\/06\/Didier-Drogba.jpg.webp?resize=696%2C387&amp;ssl=1\" data-lazy-src-webp=\"https:\/\/i0.wp.com\/www.afriquesports.net\/wp-content\/uploads\/2024\/06\/Didier-Drogba.jpg.webp?resize=696%2C387&amp;ssl=1\" data-lazy-srcset-webp=\"https:\/\/i0.wp.com\/www.afriquesports.net\/wp-content\/uploads\/2024\/06\/Didier-Drogba.jpg.webp?resize=696%2C387&amp;ssl=1 810w, https:\/\/www.afriquesports.net\/wp-content\/uploads\/2024\/06\/Didier-Drogba-700x389.jpg.webp 700w, https:\/\/www.afriquesports.net\/wp-content\/uploads\/2024\/06\/Didier-Drogba-200x111.jpg.webp 200w, https:\/\/www.afriquesports.net\/wp-content\/uploads\/2024\/06\/Didier-Drogba-768x427.jpg.webp 768w\" data-ll-status=\"loaded\" data-recalc-dims=\"1\" \/><\/figure>\n<div data-hbdbrk-parent=\"true\" data-actirise=\"true\" data-actirise-template=\"loader\">\n<div id=\"id-b514c210-28cd-59d1-a6da-7fe4c954acb5-15\" data-hbdbrk=\"b514c210-28cd-59d1-a6da-7fe4c954acb5\" data-hbdbrk-name=\"intext\"><\/div>\n<\/div>\n<p>Didier Drogba, l\u2019illustre footballeur ivoirien, a \u00e9crit sa l\u00e9gende en remportant la Ligue des champions avec Chelsea lors de la saison 2011-2012. Dans une finale \u00e9pique contre le Bayern Munich, l\u2019ancienne star de l\u2019OM avait inscrit un but crucial \u00e0 la 88e minute, permettant \u00e0 Chelsea d\u2019\u00e9galiser et d\u2019aller en prolongation. Les Blues ont finalement triomph\u00e9 lors de la s\u00e9ance de tirs au but (4-3), avec Drogba marquant le tir d\u00e9cisif pour s\u2019emparer du titre tant convoit\u00e9. La d\u00e9termination, la force physique et le sens du but de Drogba ont \u00e9t\u00e9 des atouts pr\u00e9cieux pour mener son \u00e9quipe \u00e0 la victoire et \u00e9crire un chapitre inoubliable de sa carri\u00e8re. \u00c0 noter \u00e9galement qu\u2019avec 44 buts, il est le second meilleur buteur africain de l\u2019histoire de la Ligue des champions.<\/p>\n<div data-hbdbrk-parent=\"true\" data-actirise=\"true\" data-actirise-template=\"loader\">\n<div id=\"id-b514c210-28cd-59d1-a6da-7fe4c954acb5-16\" data-hbdbrk=\"b514c210-28cd-59d1-a6da-7fe4c954acb5\" data-hbdbrk-name=\"intext\"><\/div>\n<\/div>\n<h4 class=\"wp-block-heading\">Munir El Haddadi (Maroc)<\/h4>\n<figure class=\"wp-block-image size-full is-resized\"><img loading=\"lazy\" decoding=\"async\" class=\"wp-image-808004 entered lazyloaded td-animation-stack-type0-2\" title=\"Apr\u00e8s le\u00a0sacre du Real Madrid, voici le classements des joueurs africains qui ont gagn\u00e9 la Ligue des champions 17\" src=\"https:\/\/i0.wp.com\/www.afriquesports.net\/wp-content\/uploads\/2024\/06\/Munir-El-Haddadi-champions-league.jpg?resize=612%2C408&amp;ssl=1\" alt=\"Munir El Haddadi (Maroc)\" width=\"612\" height=\"408\" data-lazy-srcset=\"https:\/\/i0.wp.com\/www.afriquesports.net\/wp-content\/uploads\/2024\/06\/Munir-El-Haddadi-champions-league.jpg?resize=612%2C408&amp;ssl=1 612w, https:\/\/www.afriquesports.net\/wp-content\/uploads\/2024\/06\/Munir-El-Haddadi-champions-league-200x133.jpg.webp 200w\" data-lazy-sizes=\"(max-width: 612px) 100vw, 612px\" data-lazy-src=\"https:\/\/i0.wp.com\/www.afriquesports.net\/wp-content\/uploads\/2024\/06\/Munir-El-Haddadi-champions-league.jpg?resize=612%2C408&amp;ssl=1\" data-lazy-srcset-webp=\"https:\/\/i0.wp.com\/www.afriquesports.net\/wp-content\/uploads\/2024\/06\/Munir-El-Haddadi-champions-league.jpg?resize=612%2C408&amp;ssl=1 612w, https:\/\/www.afriquesports.net\/wp-content\/uploads\/2024\/06\/Munir-El-Haddadi-champions-league-200x133.jpg.webp 200w\" data-ll-status=\"loaded\" data-hbdbrk-img=\"3\" data-recalc-dims=\"1\" \/><\/figure>\n<p>Munir El Haddadi doit-il \u00eatre inclus dans la liste des Africains ayant gagn\u00e9 la Ligue des champions ? Le d\u00e9bat est ouvert ! Lorsqu\u2019il a soulev\u00e9 le troph\u00e9e en 2015, le jeune espoir du FC Barcelone \u00e9tait en effet de nationalit\u00e9 sportive espagnole et il a opt\u00e9 pour le Maroc seulement six ans plus tard, en 2021. Lors de cette campagne victorieuse, le Blaugrana n\u2019aura pris part qu\u2019\u00e0 3 matchs, les 3 premiers de la phase de groupes.<\/p>\n<div data-hbdbrk-parent=\"true\" data-actirise=\"true\" data-actirise-template=\"loader\">\n<div id=\"id-b514c210-28cd-59d1-a6da-7fe4c954acb5-17\" data-hbdbrk=\"b514c210-28cd-59d1-a6da-7fe4c954acb5\" data-hbdbrk-name=\"intext\"><\/div>\n<\/div>\n<h4 class=\"wp-block-heading\">Achraf Hakimi (Maroc)<\/h4>\n<figure class=\"wp-block-image size-full\"><img loading=\"lazy\" decoding=\"async\" class=\"wp-image-808005 entered lazyloaded td-animation-stack-type0-2\" title=\"Apr\u00e8s le\u00a0sacre du Real Madrid, voici le classements des joueurs africains qui ont gagn\u00e9 la Ligue des champions 18\" src=\"https:\/\/i0.wp.com\/www.afriquesports.net\/wp-content\/uploads\/2024\/06\/Achraf-Hakimi.jpg.webp?resize=696%2C694&amp;ssl=1\" alt=\"Achraf Hakimi (Maroc)\" width=\"696\" height=\"694\" data-lazy-srcset=\"https:\/\/i0.wp.com\/www.afriquesports.net\/wp-content\/uploads\/2024\/06\/Achraf-Hakimi.jpg.webp?resize=696%2C694&amp;ssl=1 1163w, https:\/\/www.afriquesports.net\/wp-content\/uploads\/2024\/06\/Achraf-Hakimi-700x698.jpg.webp 700w, https:\/\/www.afriquesports.net\/wp-content\/uploads\/2024\/06\/Achraf-Hakimi-200x199.jpg.webp 200w, https:\/\/www.afriquesports.net\/wp-content\/uploads\/2024\/06\/Achraf-Hakimi-768x765.jpg.webp 768w\" data-lazy-sizes=\"(max-width: 1163px) 100vw, 1163px\" data-lazy-src=\"https:\/\/i0.wp.com\/www.afriquesports.net\/wp-content\/uploads\/2024\/06\/Achraf-Hakimi.jpg.webp?resize=696%2C694&amp;ssl=1\" data-lazy-src-webp=\"https:\/\/i0.wp.com\/www.afriquesports.net\/wp-content\/uploads\/2024\/06\/Achraf-Hakimi.jpg.webp?resize=696%2C694&amp;ssl=1\" data-lazy-srcset-webp=\"https:\/\/i0.wp.com\/www.afriquesports.net\/wp-content\/uploads\/2024\/06\/Achraf-Hakimi.jpg.webp?resize=696%2C694&amp;ssl=1 1163w, https:\/\/www.afriquesports.net\/wp-content\/uploads\/2024\/06\/Achraf-Hakimi-700x698.jpg.webp 700w, https:\/\/www.afriquesports.net\/wp-content\/uploads\/2024\/06\/Achraf-Hakimi-200x199.jpg.webp 200w, https:\/\/www.afriquesports.net\/wp-content\/uploads\/2024\/06\/Achraf-Hakimi-768x765.jpg.webp 768w\" data-ll-status=\"loaded\" data-hbdbrk-img=\"3\" data-recalc-dims=\"1\" \/><\/figure>\n<p>Achraf Hakimi, qui \u00e9volue cette saison du c\u00f4t\u00e9 du Paris-Saint-Germain, a jadis remport\u00e9 le titre tant convoit\u00e9 par le club de la capitale fran\u00e7aise. C\u2019\u00e9tait lors de la saison 2017-2018, dans les rangs du Real Madrid, qui s\u2019\u00e9tait adjug\u00e9 le troph\u00e9e devant Liverpool (3-1). L\u2019international marocain (62 s\u00e9lections, 8 buts) n\u2019\u00e9tait pas encore une star plan\u00e9taire \u00e0 cette \u00e9poque. Sa contribution \u00e0 la victoire finale a \u00e9t\u00e9 relativement maigre (2 matchs dans la comp\u00e9tition). Il n\u2019\u00e9tait d\u2019ailleurs pas sur la feuille de match face aux Reds mais pourra, quoi qu\u2019il arrive, se targuer d\u2019avoir remport\u00e9 la coupe aux grandes oreilles.<\/p>\n<div data-hbdbrk-parent=\"true\" data-actirise=\"true\" data-actirise-template=\"loader\">\n<div id=\"id-b514c210-28cd-59d1-a6da-7fe4c954acb5-18\" data-hbdbrk=\"b514c210-28cd-59d1-a6da-7fe4c954acb5\" data-hbdbrk-name=\"intext\"><\/div>\n<\/div>\n<h4 class=\"wp-block-heading\">Sadio Man\u00e9 (S\u00e9n\u00e9gal)<\/h4>\n<figure class=\"wp-block-image size-full\"><img loading=\"lazy\" decoding=\"async\" class=\"wp-image-808006 entered lazyloaded td-animation-stack-type0-2\" title=\"Apr\u00e8s le\u00a0sacre du Real Madrid, voici le classements des joueurs africains qui ont gagn\u00e9 la Ligue des champions 19\" src=\"https:\/\/i0.wp.com\/www.afriquesports.net\/wp-content\/uploads\/2024\/06\/Sadio-Mane.jpeg.webp?resize=696%2C392&amp;ssl=1\" alt=\"Sadio Man\u00e9 (S\u00e9n\u00e9gal)\" width=\"696\" height=\"392\" data-lazy-srcset=\"https:\/\/i0.wp.com\/www.afriquesports.net\/wp-content\/uploads\/2024\/06\/Sadio-Mane.jpeg.webp?resize=696%2C392&amp;ssl=1 912w, https:\/\/www.afriquesports.net\/wp-content\/uploads\/2024\/06\/Sadio-Mane-700x394.jpeg.webp 700w, https:\/\/www.afriquesports.net\/wp-content\/uploads\/2024\/06\/Sadio-Mane-200x113.jpeg.webp 200w, https:\/\/www.afriquesports.net\/wp-content\/uploads\/2024\/06\/Sadio-Mane-768x432.jpeg.webp 768w\" data-lazy-sizes=\"(max-width: 912px) 100vw, 912px\" data-lazy-src=\"https:\/\/i0.wp.com\/www.afriquesports.net\/wp-content\/uploads\/2024\/06\/Sadio-Mane.jpeg.webp?resize=696%2C392&amp;ssl=1\" data-lazy-src-webp=\"https:\/\/i0.wp.com\/www.afriquesports.net\/wp-content\/uploads\/2024\/06\/Sadio-Mane.jpeg.webp?resize=696%2C392&amp;ssl=1\" data-lazy-srcset-webp=\"https:\/\/i0.wp.com\/www.afriquesports.net\/wp-content\/uploads\/2024\/06\/Sadio-Mane.jpeg.webp?resize=696%2C392&amp;ssl=1 912w, https:\/\/www.afriquesports.net\/wp-content\/uploads\/2024\/06\/Sadio-Mane-700x394.jpeg.webp 700w, https:\/\/www.afriquesports.net\/wp-content\/uploads\/2024\/06\/Sadio-Mane-200x113.jpeg.webp 200w, https:\/\/www.afriquesports.net\/wp-content\/uploads\/2024\/06\/Sadio-Mane-768x432.jpeg.webp 768w\" data-ll-status=\"loaded\" data-recalc-dims=\"1\" \/><\/figure>\n<p>Sadio Man\u00e9, le talentueux footballeur s\u00e9n\u00e9galais, a connu une cons\u00e9cration majeure en remportant la Ligue des champions avec Liverpool lors de la saison 2018-2019. Lors de cette \u00e9pop\u00e9e m\u00e9morable, Man\u00e9 a \u00e9t\u00e9 un atout essentiel des Reds, contribuant \u00e0 la victoire avec sa vitesse, sa technique et son instinct de buteur. En finale contre Tottenham, Liverpool s\u2019est impos\u00e9 sur un score de 2-0, avec un but d\u00e9cisif de Mohamed Salah et une autre r\u00e9alisation de Divock Origi. La performance de Man\u00e9 tout au long de la comp\u00e9tition (4 buts) a \u00e9t\u00e9 largement salu\u00e9e par les observateurs et les fans. Avec 26 buts dans sa carri\u00e8re en Ligue des champions, il se classe en quatri\u00e8me position des buteurs africains les plus prolifiques de l\u2019histoire de la comp\u00e9tition.<\/p>\n<div data-hbdbrk-parent=\"true\" data-actirise=\"true\" data-actirise-template=\"loader\">\n<div id=\"id-b514c210-28cd-59d1-a6da-7fe4c954acb5-19\" data-hbdbrk=\"b514c210-28cd-59d1-a6da-7fe4c954acb5\" data-hbdbrk-name=\"intext\"><\/div>\n<\/div>\n<h4 class=\"wp-block-heading\">Mohamed Salah (\u00c9gypte)<\/h4>\n<figure class=\"wp-block-image size-full\"><img loading=\"lazy\" decoding=\"async\" class=\"wp-image-808007 entered lazyloaded td-animation-stack-type0-2\" title=\"Apr\u00e8s le\u00a0sacre du Real Madrid, voici le classements des joueurs africains qui ont gagn\u00e9 la Ligue des champions 20\" src=\"https:\/\/i0.wp.com\/www.afriquesports.net\/wp-content\/uploads\/2024\/06\/Mohamed-Salah.jpg?resize=696%2C465&amp;ssl=1\" alt=\"Mohamed Salah (\u00c9gypte)\" width=\"696\" height=\"465\" data-lazy-srcset=\"https:\/\/i0.wp.com\/www.afriquesports.net\/wp-content\/uploads\/2024\/06\/Mohamed-Salah.jpg?resize=696%2C465&amp;ssl=1 1200w, https:\/\/www.afriquesports.net\/wp-content\/uploads\/2024\/06\/Mohamed-Salah-700x467.jpg.webp 700w, https:\/\/www.afriquesports.net\/wp-content\/uploads\/2024\/06\/Mohamed-Salah-200x134.jpg.webp 200w, https:\/\/www.afriquesports.net\/wp-content\/uploads\/2024\/06\/Mohamed-Salah-768x513.jpg.webp 768w\" data-lazy-sizes=\"(max-width: 1200px) 100vw, 1200px\" data-lazy-src=\"https:\/\/i0.wp.com\/www.afriquesports.net\/wp-content\/uploads\/2024\/06\/Mohamed-Salah.jpg?resize=696%2C465&amp;ssl=1\" data-lazy-srcset-webp=\"https:\/\/i0.wp.com\/www.afriquesports.net\/wp-content\/uploads\/2024\/06\/Mohamed-Salah.jpg?resize=696%2C465&amp;ssl=1 1200w, https:\/\/www.afriquesports.net\/wp-content\/uploads\/2024\/06\/Mohamed-Salah-700x467.jpg.webp 700w, https:\/\/www.afriquesports.net\/wp-content\/uploads\/2024\/06\/Mohamed-Salah-200x134.jpg.webp 200w, https:\/\/www.afriquesports.net\/wp-content\/uploads\/2024\/06\/Mohamed-Salah-768x513.jpg.webp 768w\" data-ll-status=\"loaded\" data-hbdbrk-img=\"3\" data-recalc-dims=\"1\" \/><\/figure>\n<p>Mohamed Salah, star des Pharaons, \u00e9tait \u00e9galement de l\u2019aventure avec Liverpool \u00e0 l\u2019occasion de la saison 2018-2019. Lors de la finale contre Tottenham Hotspur, l\u2019ancien Romain a inscrit un but crucial d\u00e8s la deuxi\u00e8me minute de jeu, ouvrant la voie \u00e0 la victoire finale de son \u00e9quipe (2-0). La performance exceptionnelle de Salah durant le tournoi (5 buts) n\u2019a fait que mettre encore un peu plus en lumi\u00e8re ses qualit\u00e9s techniques, sa vitesse et son instinct de buteur. Avec ses 48 buts en Ligue des champions, il est le meilleur buteur africain du tournoi, juste devant Didier Drogba (44 buts) et Samuel Eto\u2019o (33 buts).<\/p>\n<div data-hbdbrk-parent=\"true\" data-actirise=\"true\" data-actirise-template=\"loader\">\n<div id=\"id-b514c210-28cd-59d1-a6da-7fe4c954acb5-20\" data-hbdbrk=\"b514c210-28cd-59d1-a6da-7fe4c954acb5\" data-hbdbrk-name=\"intext\"><\/div>\n<\/div>\n<h4 class=\"wp-block-heading\">Naby Keita (Guin\u00e9e)<\/h4>\n<figure class=\"wp-block-image size-large\"><img loading=\"lazy\" decoding=\"async\" class=\"wp-image-808008 entered lazyloaded td-animation-stack-type0-2\" title=\"Apr\u00e8s le\u00a0sacre du Real Madrid, voici le classements des joueurs africains qui ont gagn\u00e9 la Ligue des champions 21\" src=\"https:\/\/i0.wp.com\/www.afriquesports.net\/wp-content\/uploads\/2024\/06\/Naby-Keita-1624x1503.jpeg.webp?resize=696%2C644&amp;ssl=1\" alt=\"Naby Keita (Guin\u00e9e)\" width=\"696\" height=\"644\" data-lazy-srcset=\"https:\/\/i0.wp.com\/www.afriquesports.net\/wp-content\/uploads\/2024\/06\/Naby-Keita-1624x1503.jpeg.webp?resize=696%2C644&amp;ssl=1 1624w, https:\/\/www.afriquesports.net\/wp-content\/uploads\/2024\/06\/Naby-Keita-700x648.jpeg.webp 700w, https:\/\/www.afriquesports.net\/wp-content\/uploads\/2024\/06\/Naby-Keita-200x185.jpeg.webp 200w, https:\/\/www.afriquesports.net\/wp-content\/uploads\/2024\/06\/Naby-Keita-768x711.jpeg.webp 768w, https:\/\/www.afriquesports.net\/wp-content\/uploads\/2024\/06\/Naby-Keita-1536x1421.jpeg.webp 1536w, https:\/\/www.afriquesports.net\/wp-content\/uploads\/2024\/06\/Naby-Keita-2048x1895.jpeg.webp 2048w\" data-lazy-sizes=\"(max-width: 1624px) 100vw, 1624px\" data-lazy-src=\"https:\/\/i0.wp.com\/www.afriquesports.net\/wp-content\/uploads\/2024\/06\/Naby-Keita-1624x1503.jpeg.webp?resize=696%2C644&amp;ssl=1\" data-lazy-src-webp=\"https:\/\/i0.wp.com\/www.afriquesports.net\/wp-content\/uploads\/2024\/06\/Naby-Keita-1624x1503.jpeg.webp?resize=696%2C644&amp;ssl=1\" data-lazy-srcset-webp=\"https:\/\/i0.wp.com\/www.afriquesports.net\/wp-content\/uploads\/2024\/06\/Naby-Keita-1624x1503.jpeg.webp?resize=696%2C644&amp;ssl=1 1624w, https:\/\/www.afriquesports.net\/wp-content\/uploads\/2024\/06\/Naby-Keita-700x648.jpeg.webp 700w, https:\/\/www.afriquesports.net\/wp-content\/uploads\/2024\/06\/Naby-Keita-200x185.jpeg.webp 200w, https:\/\/www.afriquesports.net\/wp-content\/uploads\/2024\/06\/Naby-Keita-768x711.jpeg.webp 768w, https:\/\/www.afriquesports.net\/wp-content\/uploads\/2024\/06\/Naby-Keita-1536x1421.jpeg.webp 1536w, https:\/\/www.afriquesports.net\/wp-content\/uploads\/2024\/06\/Naby-Keita-2048x1895.jpeg.webp 2048w\" data-ll-status=\"loaded\" data-hbdbrk-img=\"3\" data-recalc-dims=\"1\" \/><\/figure>\n<p>Naby Keita a connu une fin d\u2019aventure compliqu\u00e9e avec Liverpool car min\u00e9 par les blessures. Pourtant, sa saison 2018-2019, sa premi\u00e8re sous la tunique des Reds, \u00e9tait plut\u00f4t prometteuse (33 matchs toutes comp\u00e9titions confondues). Cette ann\u00e9e-l\u00e0, l\u2019international guin\u00e9en avait notamment remport\u00e9 la Ligue des champions en disputant 6 matchs dans cette comp\u00e9tition. Il n\u2019\u00e9tait toutefois pas pr\u00e9sent sur la feuille de match lors de la finale contre Tottenham (2-0).<\/p>\n<div data-hbdbrk-parent=\"true\" data-actirise=\"true\" data-actirise-template=\"loader\">\n<div id=\"id-b514c210-28cd-59d1-a6da-7fe4c954acb5-21\" data-hbdbrk=\"b514c210-28cd-59d1-a6da-7fe4c954acb5\" data-hbdbrk-name=\"intext\"><\/div>\n<\/div>\n<h4 class=\"wp-block-heading\">Jo\u00ebl Matip (Cameroun)<\/h4>\n<figure class=\"wp-block-image size-full\"><img loading=\"lazy\" decoding=\"async\" class=\"wp-image-808010 entered lazyloaded td-animation-stack-type0-2\" title=\"Apr\u00e8s le\u00a0sacre du Real Madrid, voici le classements des joueurs africains qui ont gagn\u00e9 la Ligue des champions 22\" src=\"https:\/\/i0.wp.com\/www.afriquesports.net\/wp-content\/uploads\/2024\/06\/Joel-Matip.jpg?resize=696%2C465&amp;ssl=1\" alt=\"Jo\u00ebl Matip (Cameroun)\" width=\"696\" height=\"465\" data-lazy-srcset=\"https:\/\/i0.wp.com\/www.afriquesports.net\/wp-content\/uploads\/2024\/06\/Joel-Matip.jpg?resize=696%2C465&amp;ssl=1 1200w, https:\/\/www.afriquesports.net\/wp-content\/uploads\/2024\/06\/Joel-Matip-700x467.jpg.webp 700w, https:\/\/www.afriquesports.net\/wp-content\/uploads\/2024\/06\/Joel-Matip-200x134.jpg.webp 200w, https:\/\/www.afriquesports.net\/wp-content\/uploads\/2024\/06\/Joel-Matip-768x513.jpg.webp 768w\" data-lazy-sizes=\"(max-width: 1200px) 100vw, 1200px\" data-lazy-src=\"https:\/\/i0.wp.com\/www.afriquesports.net\/wp-content\/uploads\/2024\/06\/Joel-Matip.jpg?resize=696%2C465&amp;ssl=1\" data-lazy-srcset-webp=\"https:\/\/i0.wp.com\/www.afriquesports.net\/wp-content\/uploads\/2024\/06\/Joel-Matip.jpg?resize=696%2C465&amp;ssl=1 1200w, https:\/\/www.afriquesports.net\/wp-content\/uploads\/2024\/06\/Joel-Matip-700x467.jpg.webp 700w, https:\/\/www.afriquesports.net\/wp-content\/uploads\/2024\/06\/Joel-Matip-200x134.jpg.webp 200w, https:\/\/www.afriquesports.net\/wp-content\/uploads\/2024\/06\/Joel-Matip-768x513.jpg.webp 768w\" data-ll-status=\"loaded\" data-hbdbrk-img=\"3\" data-recalc-dims=\"1\" \/><\/figure>\n<p>Jo\u00ebl Matip, lui, \u00e9tait bien pr\u00e9sent sur le terrain face au club londonien lors de cette \u00e9pique finale 100 % anglaise en 2019. Le Camerounais (27 s\u00e9lections, 1 but), en froid avec la s\u00e9lection depuis des ann\u00e9es, a pass\u00e9 pas moins de 8 ans \u00e0 Liverpool. Le d\u00e9fenseur au grand gabarit (1 m\u00e8tre 95) a fait ses adieux en mai 2024.<\/p>\n<h4 class=\"wp-block-heading\">Edouard Mendy (S\u00e9n\u00e9gal)<\/h4>\n<div data-hbdbrk-parent=\"true\" data-actirise=\"true\" data-actirise-template=\"loader\">\n<div id=\"id-b514c210-28cd-59d1-a6da-7fe4c954acb5-22\" data-hbdbrk=\"b514c210-28cd-59d1-a6da-7fe4c954acb5\" data-hbdbrk-name=\"intext\"><\/div>\n<\/div>\n<figure class=\"wp-block-image size-full\"><img loading=\"lazy\" decoding=\"async\" class=\"wp-image-808011 entered lazyloaded td-animation-stack-type0-2\" title=\"Apr\u00e8s le\u00a0sacre du Real Madrid, voici le classements des joueurs africains qui ont gagn\u00e9 la Ligue des champions 23\" src=\"https:\/\/i0.wp.com\/www.afriquesports.net\/wp-content\/uploads\/2024\/06\/Edouard-Mendy.jpg.webp?resize=696%2C464&amp;ssl=1\" alt=\"Edouard Mendy (S\u00e9n\u00e9gal)\" width=\"696\" height=\"464\" data-lazy-srcset=\"https:\/\/i0.wp.com\/www.afriquesports.net\/wp-content\/uploads\/2024\/06\/Edouard-Mendy.jpg.webp?resize=696%2C464&amp;ssl=1 1200w, https:\/\/www.afriquesports.net\/wp-content\/uploads\/2024\/06\/Edouard-Mendy-700x467.jpg.webp 700w, https:\/\/www.afriquesports.net\/wp-content\/uploads\/2024\/06\/Edouard-Mendy-200x133.jpg.webp 200w, https:\/\/www.afriquesports.net\/wp-content\/uploads\/2024\/06\/Edouard-Mendy-768x512.jpg.webp 768w\" data-lazy-sizes=\"(max-width: 1200px) 100vw, 1200px\" data-lazy-src=\"https:\/\/i0.wp.com\/www.afriquesports.net\/wp-content\/uploads\/2024\/06\/Edouard-Mendy.jpg.webp?resize=696%2C464&amp;ssl=1\" data-lazy-src-webp=\"https:\/\/i0.wp.com\/www.afriquesports.net\/wp-content\/uploads\/2024\/06\/Edouard-Mendy.jpg.webp?resize=696%2C464&amp;ssl=1\" data-lazy-srcset-webp=\"https:\/\/i0.wp.com\/www.afriquesports.net\/wp-content\/uploads\/2024\/06\/Edouard-Mendy.jpg.webp?resize=696%2C464&amp;ssl=1 1200w, https:\/\/www.afriquesports.net\/wp-content\/uploads\/2024\/06\/Edouard-Mendy-700x467.jpg.webp 700w, https:\/\/www.afriquesports.net\/wp-content\/uploads\/2024\/06\/Edouard-Mendy-200x133.jpg.webp 200w, https:\/\/www.afriquesports.net\/wp-content\/uploads\/2024\/06\/Edouard-Mendy-768x512.jpg.webp 768w\" data-ll-status=\"loaded\" data-hbdbrk-img=\"3\" data-recalc-dims=\"1\" \/><\/figure>\n<p>La saison 2020-21 a vu Edouard Mendy soulever la Ligue des champions avec Chelsea, apr\u00e8s la victoire en finale face \u00e0 Manchester City (1-0). L\u2019international s\u00e9n\u00e9galais (28 s\u00e9lections) avait disput\u00e9 12 matchs dans le tournoi et s\u2019\u00e9tait montr\u00e9 tout simplement monstrueux. Ses performances XXL lui avaient notamment permis d\u2019\u00eatre sacr\u00e9 meilleur gardien de la saison par l\u2019UEFA.<\/p>\n<div data-hbdbrk-parent=\"true\" data-actirise=\"true\" data-actirise-template=\"loader\">\n<div id=\"id-b514c210-28cd-59d1-a6da-7fe4c954acb5-23\" data-hbdbrk=\"b514c210-28cd-59d1-a6da-7fe4c954acb5\" data-hbdbrk-name=\"intext\"><\/div>\n<\/div>\n<h4 class=\"wp-block-heading\">Hakim Ziyech (Maroc)<\/h4>\n<figure class=\"wp-block-image size-full\"><img loading=\"lazy\" decoding=\"async\" class=\"wp-image-808012 entered lazyloaded td-animation-stack-type0-2\" title=\"Apr\u00e8s le\u00a0sacre du Real Madrid, voici le classements des joueurs africains qui ont gagn\u00e9 la Ligue des champions 24\" src=\"https:\/\/i0.wp.com\/www.afriquesports.net\/wp-content\/uploads\/2024\/06\/Hakim-Ziyech.jpg.webp?resize=696%2C464&amp;ssl=1\" alt=\"Hakim Ziyech (Maroc)\" width=\"696\" height=\"464\" data-lazy-srcset=\"https:\/\/i0.wp.com\/www.afriquesports.net\/wp-content\/uploads\/2024\/06\/Hakim-Ziyech.jpg.webp?resize=696%2C464&amp;ssl=1 1200w, https:\/\/www.afriquesports.net\/wp-content\/uploads\/2024\/06\/Hakim-Ziyech-700x467.jpg.webp 700w, https:\/\/www.afriquesports.net\/wp-content\/uploads\/2024\/06\/Hakim-Ziyech-200x133.jpg.webp 200w, https:\/\/www.afriquesports.net\/wp-content\/uploads\/2024\/06\/Hakim-Ziyech-768x512.jpg.webp 768w\" data-lazy-sizes=\"(max-width: 1200px) 100vw, 1200px\" data-lazy-src=\"https:\/\/i0.wp.com\/www.afriquesports.net\/wp-content\/uploads\/2024\/06\/Hakim-Ziyech.jpg.webp?resize=696%2C464&amp;ssl=1\" data-lazy-src-webp=\"https:\/\/i0.wp.com\/www.afriquesports.net\/wp-content\/uploads\/2024\/06\/Hakim-Ziyech.jpg.webp?resize=696%2C464&amp;ssl=1\" data-lazy-srcset-webp=\"https:\/\/i0.wp.com\/www.afriquesports.net\/wp-content\/uploads\/2024\/06\/Hakim-Ziyech.jpg.webp?resize=696%2C464&amp;ssl=1 1200w, https:\/\/www.afriquesports.net\/wp-content\/uploads\/2024\/06\/Hakim-Ziyech-700x467.jpg.webp 700w, https:\/\/www.afriquesports.net\/wp-content\/uploads\/2024\/06\/Hakim-Ziyech-200x133.jpg.webp 200w, https:\/\/www.afriquesports.net\/wp-content\/uploads\/2024\/06\/Hakim-Ziyech-768x512.jpg.webp 768w\" data-ll-status=\"loaded\" data-hbdbrk-img=\"3\" data-recalc-dims=\"1\" \/><\/figure>\n<p>M\u00eame si son passage \u00e0 Chelsea laissera clairement un go\u00fbt d\u2019\u00e9chec, le virtuose marocain sera tout de m\u00eame parvenu \u00e0 d\u00e9crocher la Ligue des champions en 2021 avec les Blues. Lors de cette \u00e9dition, il avait jou\u00e9 9 matchs (1 but) au total, mais n\u2019\u00e9tait toutefois pas entr\u00e9 en jeu lors de la finale.<\/p>\n<h4 class=\"wp-block-heading\">Riyad Mahrez (Alg\u00e9rie)<\/h4>\n<div data-hbdbrk-parent=\"true\" data-actirise=\"true\" data-actirise-template=\"loader\">\n<div id=\"id-b514c210-28cd-59d1-a6da-7fe4c954acb5-24\" data-hbdbrk=\"b514c210-28cd-59d1-a6da-7fe4c954acb5\" data-hbdbrk-name=\"intext\"><\/div>\n<\/div>\n<figure class=\"wp-block-image size-full\"><img loading=\"lazy\" decoding=\"async\" class=\"wp-image-808013 entered lazyloaded td-animation-stack-type0-2\" title=\"Apr\u00e8s le\u00a0sacre du Real Madrid, voici le classements des joueurs africains qui ont gagn\u00e9 la Ligue des champions 25\" src=\"https:\/\/i0.wp.com\/www.afriquesports.net\/wp-content\/uploads\/2024\/06\/Riyad-Mahrez.jpg.webp?resize=696%2C464&amp;ssl=1\" alt=\"Riyad Mahrez (Alg\u00e9rie)\" width=\"696\" height=\"464\" data-lazy-srcset=\"https:\/\/i0.wp.com\/www.afriquesports.net\/wp-content\/uploads\/2024\/06\/Riyad-Mahrez.jpg.webp?resize=696%2C464&amp;ssl=1 1200w, https:\/\/www.afriquesports.net\/wp-content\/uploads\/2024\/06\/Riyad-Mahrez-700x467.jpg.webp 700w, https:\/\/www.afriquesports.net\/wp-content\/uploads\/2024\/06\/Riyad-Mahrez-200x133.jpg.webp 200w, https:\/\/www.afriquesports.net\/wp-content\/uploads\/2024\/06\/Riyad-Mahrez-768x512.jpg.webp 768w\" data-lazy-sizes=\"(max-width: 1200px) 100vw, 1200px\" data-lazy-src=\"https:\/\/i0.wp.com\/www.afriquesports.net\/wp-content\/uploads\/2024\/06\/Riyad-Mahrez.jpg.webp?resize=696%2C464&amp;ssl=1\" data-lazy-src-webp=\"https:\/\/i0.wp.com\/www.afriquesports.net\/wp-content\/uploads\/2024\/06\/Riyad-Mahrez.jpg.webp?resize=696%2C464&amp;ssl=1\" data-lazy-srcset-webp=\"https:\/\/i0.wp.com\/www.afriquesports.net\/wp-content\/uploads\/2024\/06\/Riyad-Mahrez.jpg.webp?resize=696%2C464&amp;ssl=1 1200w, https:\/\/www.afriquesports.net\/wp-content\/uploads\/2024\/06\/Riyad-Mahrez-700x467.jpg.webp 700w, https:\/\/www.afriquesports.net\/wp-content\/uploads\/2024\/06\/Riyad-Mahrez-200x133.jpg.webp 200w, https:\/\/www.afriquesports.net\/wp-content\/uploads\/2024\/06\/Riyad-Mahrez-768x512.jpg.webp 768w\" data-ll-status=\"loaded\" data-hbdbrk-img=\"3\" data-recalc-dims=\"1\" \/><\/figure>\n<p>\u00c0 32 ans, l\u2019ailier alg\u00e9rien a touch\u00e9 le Graal en 2023 avec le sacre de son Manchester City en finale contre l\u2019Inter Milan (1-0). Si souvent d\u00e9cisif lors des campagnes pr\u00e9c\u00e9dentes, c\u2019est toutefois depuis le banc que l\u2019Alg\u00e9rien aura assist\u00e9 au sacre des siens. Auteur de 3 buts et 2 passes d\u00e9cisives, le Fennec aura en effet d\u00fb se contenter des miettes durant la derni\u00e8re ligne droite (0 minute jou\u00e9e en quart de finale, 11 en demies et donc 0 en finale).<\/p>\n<div data-hbdbrk-parent=\"true\" data-actirise=\"true\" data-actirise-template=\"loader\">\n<div id=\"id-b514c210-28cd-59d1-a6da-7fe4c954acb5-25\" data-hbdbrk=\"b514c210-28cd-59d1-a6da-7fe4c954acb5\" data-hbdbrk-name=\"intext\"><\/div>\n<\/div>\n<h4 class=\"wp-block-heading\">Brahim Diaz (Maroc)<\/h4>\n<figure class=\"wp-block-image size-full\"><img loading=\"lazy\" decoding=\"async\" class=\"wp-image-808014 entered lazyloaded td-animation-stack-type0-2\" title=\"Apr\u00e8s le\u00a0sacre du Real Madrid, voici le classements des joueurs africains qui ont gagn\u00e9 la Ligue des champions 26\" src=\"https:\/\/i0.wp.com\/www.afriquesports.net\/wp-content\/uploads\/2024\/06\/Brahim-Diaz.jpg.webp?resize=667%2C375&amp;ssl=1\" alt=\"Brahim Diaz (Maroc)\" width=\"667\" height=\"375\" data-lazy-srcset=\"https:\/\/i0.wp.com\/www.afriquesports.net\/wp-content\/uploads\/2024\/06\/Brahim-Diaz.jpg.webp?resize=667%2C375&amp;ssl=1 667w, https:\/\/www.afriquesports.net\/wp-content\/uploads\/2024\/06\/Brahim-Diaz-200x112.jpg.webp 200w\" data-lazy-sizes=\"(max-width: 667px) 100vw, 667px\" data-lazy-src=\"https:\/\/i0.wp.com\/www.afriquesports.net\/wp-content\/uploads\/2024\/06\/Brahim-Diaz.jpg.webp?resize=667%2C375&amp;ssl=1\" data-lazy-src-webp=\"https:\/\/i0.wp.com\/www.afriquesports.net\/wp-content\/uploads\/2024\/06\/Brahim-Diaz.jpg.webp?resize=667%2C375&amp;ssl=1\" data-lazy-srcset-webp=\"https:\/\/i0.wp.com\/www.afriquesports.net\/wp-content\/uploads\/2024\/06\/Brahim-Diaz.jpg.webp?resize=667%2C375&amp;ssl=1 667w, https:\/\/www.afriquesports.net\/wp-content\/uploads\/2024\/06\/Brahim-Diaz-200x112.jpg.webp 200w\" data-ll-status=\"loaded\" data-recalc-dims=\"1\" \/><\/figure>\n<p>Devenu international marocain trois mois plus t\u00f4t, en mars, le milieu offensif de 24 ans a soulev\u00e9 la Ligue des champions le 1er juin 2024 suite \u00e0 la victoire du Real Madrid contre le Borussia Dortmund en finale \u00e0 Wembley (2-0). M\u00eame s\u2019il n\u2019a pas jou\u00e9 la finale, le Lion de l\u2019Atlas aura eu son importance durant cette campagne europ\u00e9enne avec 3 titularisations et 6 entr\u00e9es en jeu pour une passe d\u00e9cisive et deux buts, dont celui qui a offert la victoire aux Merengue sur la pelouse du RB Leipzig (1-0) en huiti\u00e8mes de finale aller.<\/p>\n<div data-hbdbrk-parent=\"true\" data-actirise=\"true\" data-actirise-template=\"loader\">\n<div id=\"id-b514c210-28cd-59d1-a6da-7fe4c954acb5-26\" data-hbdbrk=\"b514c210-28cd-59d1-a6da-7fe4c954acb5\" data-hbdbrk-name=\"intext\"><\/div>\n<\/div>\n<\/div>\n<\/div>\n<div class=\"wp-block-column is-layout-flow wp-block-column-is-layout-flow\">\n<div class=\"wp-block-group has-global-padding is-layout-constrained wp-block-group-is-layout-constrained\">\n<div class=\"widget popular-posts\">\n<div class=\"item-position\"><\/div>\n<div class=\"item-data\"><\/div>\n<\/div>\n<\/div>\n<\/div>\n<\/div>\n<\/div>\n<\/div>\n<div id=\"jp-relatedposts\" class=\"jp-relatedposts\">\n<h3 class=\"jp-relatedposts-headline\"><\/h3>\n<\/div>\n<\/div>\n<\/div>\n<\/div>\n<\/div>\n<\/article>\n<\/div>\n<\/div>\n<\/div>\n","protected":false},"excerpt":{"rendered":"<p>\u00a0\u00a0\u00a0\u00a0 Le Real Madrid a remport\u00e9 ce samedi sa 15e Ligue\u00a0des champions en battant le Borussia Dortmund 2-0.\u00a0Le Marocain de la Casa Blanca, Brahim Diaz, a ainsi rejoint la prestigieuse liste des footballeurs africains ayant remport\u00e9 la coupe aux grandes oreilles. L\u2019Afrique, avec sa richesse de talents footballistiques, a produit des joueurs qui se sont [&hellip;]<\/p>\n","protected":false},"author":2,"featured_media":27907,"comment_status":"closed","ping_status":"closed","sticky":false,"template":"","format":"standard","meta":{"footnotes":""},"categories":[64],"tags":[],"class_list":{"0":"post-27906","1":"post","2":"type-post","3":"status-publish","4":"format-standard","5":"has-post-thumbnail","7":"category-sport"},"_links":{"self":[{"href":"https:\/\/conakrynews.org\/index.php\/wp-json\/wp\/v2\/posts\/27906","targetHints":{"allow":["GET"]}}],"collection":[{"href":"https:\/\/conakrynews.org\/index.php\/wp-json\/wp\/v2\/posts"}],"about":[{"href":"https:\/\/conakrynews.org\/index.php\/wp-json\/wp\/v2\/types\/post"}],"author":[{"embeddable":true,"href":"https:\/\/conakrynews.org\/index.php\/wp-json\/wp\/v2\/users\/2"}],"replies":[{"embeddable":true,"href":"https:\/\/conakrynews.org\/index.php\/wp-json\/wp\/v2\/comments?post=27906"}],"version-history":[{"count":0,"href":"https:\/\/conakrynews.org\/index.php\/wp-json\/wp\/v2\/posts\/27906\/revisions"}],"wp:featuredmedia":[{"embeddable":true,"href":"https:\/\/conakrynews.org\/index.php\/wp-json\/wp\/v2\/media\/27907"}],"wp:attachment":[{"href":"https:\/\/conakrynews.org\/index.php\/wp-json\/wp\/v2\/media?parent=27906"}],"wp:term":[{"taxonomy":"category","embeddable":true,"href":"https:\/\/conakrynews.org\/index.php\/wp-json\/wp\/v2\/categories?post=27906"},{"taxonomy":"post_tag","embeddable":true,"href":"https:\/\/conakrynews.org\/index.php\/wp-json\/wp\/v2\/tags?post=27906"}],"curies":[{"name":"wp","href":"https:\/\/api.w.org\/{rel}","templated":true}]}}