{"id":2792,"date":"2018-12-24T09:49:23","date_gmt":"2018-12-24T08:49:23","guid":{"rendered":"https:\/\/conakrynews.org\/?p=2792"},"modified":"2018-12-24T09:49:23","modified_gmt":"2018-12-24T08:49:23","slug":"maroc-pose-de-premiere-pierre-nouveau-terminal-de-laeroport-rabat-sale-finance-banque-a-hauteur-de-75-millions-deuros","status":"publish","type":"post","link":"https:\/\/conakrynews.org\/index.php\/maroc-pose-de-premiere-pierre-nouveau-terminal-de-laeroport-rabat-sale-finance-banque-a-hauteur-de-75-millions-deuros\/","title":{"rendered":"Maroc : Pose de la premi\u00e8re pierre du nouveau terminal de l\u2019a\u00e9roport Rabat-Sal\u00e9 financ\u00e9 par la Banque \u00e0 hauteur de 75 millions d\u2019euros"},"content":{"rendered":"<p><strong>Maroc\u00a0: Pose de la premi\u00e8re pierre du nouveau terminal de l\u2019a\u00e9roport Rabat-Sal\u00e9 financ\u00e9 par la Banque \u00e0 hauteur de 75 millions d\u2019euros<\/strong><\/p>\n<p>&nbsp;<\/p>\n<p><strong>Rabat, Maroc, le 21 d\u00e9cembre 2018<\/strong> \u2013 Le Roi du Maroc a proc\u00e9d\u00e9, mercredi 19 d\u00e9cembre 2018, \u00e0 la pose de la premi\u00e8re pierre du nouveau terminal de l\u2019a\u00e9roport international de Rabat-Sal\u00e9.<\/p>\n<p>Financ\u00e9 \u00e0 hauteur de 75 millions d\u2019euros par la Banque, le Projet d\u2019extension et de modernisation de l\u2019a\u00e9roport international de Rabat-Sal\u00e9 consolide l\u2019appui historique de la Banque dans le secteur des transports, notamment dans le secteur a\u00e9rien. Un appui qui a d\u00e9j\u00e0 contribu\u00e9 \u00e0 l\u2019augmentation des capacit\u00e9s op\u00e9rationnelles des a\u00e9roports de F\u00e8s, de Casablanca, de Marrakech, d\u2019Agadir et d\u2019Oujda afin de faire face au doublement du trafic a\u00e9rien d&rsquo;ici \u00e0 2020.<\/p>\n<p>Leila Farah Mokaddem, Responsable-pays pour le Maroc, qui participait \u00e0 la c\u00e9r\u00e9monie, s\u2019est r\u00e9jouie de la concr\u00e9tisation de ce projet d\u2019envergure qui \u00ab c\u00e9l\u00e8bre un partenariat plus que cinquantenaire au service du Royaume \u00bb.<\/p>\n<p>Et d\u2019ajouter \u00ab Plus globalement, ce projet permettra de lib\u00e9rer le potentiel touristique du Maroc pour le positionner en tant que hub logistique r\u00e9gional \u00bb.<\/p>\n<p>Gr\u00e2ce \u00e0 cette nouvelle op\u00e9ration, l\u2019a\u00e9roport sera en mesure, \u00e0 la fin des travaux, de quadrupler sa capacit\u00e9 d\u2019accueil \u00e0 4 millions de passagers par an et de doubler sa capacit\u00e9 de traitement de fret pour la porter \u00e0 2800 tonnes par an. Cette dynamique de d\u00e9veloppement sera surtout inclusive avec la cr\u00e9ation attendue de 1700 emplois directs.<\/p>\n<p>La nouvelle infrastructure a\u00e9roportuaire b\u00e9n\u00e9ficiera en particulier \u00e0 la ville voisine de Kenitra, en tant que nouvelle plateforme industrielle et important bassin d\u2019emplois, avec sa zone franche, qui accueille des groupes industriels de renom.<\/p>\n<p><em><strong>La Banque africaine de d\u00e9veloppement et le Maroc, un partenariat d\u2019excellence qui dure plus d\u2019un demi-si\u00e8cle<\/strong><\/em><\/p>\n<p>Le Groupe de la Banque africaine de d\u00e9veloppement est pr\u00e9sent au Maroc depuis 1970. La Banque a financ\u00e9 plusieurs projets et programmes dans les secteurs strat\u00e9giques de l\u2019\u00e9conomie marocaine, pour plus de 10 milliards de dollars.<\/p>\n<p>&nbsp;<\/p>\n<p>A fin 2018, le portefeuille actif de la Banque compte plus de 30 programmes et projets, repr\u00e9sentant environ 3 milliards de dollars d\u2019engagements r\u00e9partis dans les secteurs de l\u2019\u00e9nergie (38,4%)\u00a0; des transports (21,2%)\u00a0; de l\u2019eau et de l\u2019assainissement (14,9 %)\u00a0; des op\u00e9rations multisectorielles et de d\u00e9veloppement social (14%)\u00a0et de l\u2019agriculture (11,5 %).<\/p>\n<p>&nbsp;<\/p>\n<p><strong>Contact\u00a0<\/strong>: Fahd Belbachir, Charg\u00e9 de Communication sup\u00e9rieur, <u><a href=\"mailto:f.belbachir@afdb.org\">f.belbachir@afdb.org<\/a><\/u><\/p>\n<p>&nbsp;<\/p>\n<p>&nbsp;<\/p>\n<p><img loading=\"lazy\" decoding=\"async\" class=\"alignright size-medium wp-image-2680\" src=\"https:\/\/conakrynews.org\/wp-content\/uploads\/2018\/11\/logo-bad-515x159.jpg\" alt=\"\" width=\"515\" height=\"159\" srcset=\"https:\/\/conakrynews.org\/wp-content\/uploads\/2018\/11\/logo-bad-515x159.jpg 515w, https:\/\/conakrynews.org\/wp-content\/uploads\/2018\/11\/logo-bad.jpg 672w\" sizes=\"auto, (max-width: 515px) 100vw, 515px\" \/><\/p>\n","protected":false},"excerpt":{"rendered":"<p>Maroc\u00a0: Pose de la premi\u00e8re pierre du nouveau terminal de l\u2019a\u00e9roport Rabat-Sal\u00e9 financ\u00e9 par la Banque \u00e0 hauteur de 75 millions d\u2019euros &nbsp; Rabat, Maroc, le 21 d\u00e9cembre 2018 \u2013 Le Roi du Maroc a proc\u00e9d\u00e9, mercredi 19 d\u00e9cembre 2018, \u00e0 la pose de la premi\u00e8re pierre du nouveau terminal de l\u2019a\u00e9roport international de Rabat-Sal\u00e9. [&hellip;]<\/p>\n","protected":false},"author":2,"featured_media":2680,"comment_status":"open","ping_status":"open","sticky":false,"template":"","format":"standard","meta":{"footnotes":""},"categories":[1],"tags":[],"class_list":{"0":"post-2792","1":"post","2":"type-post","3":"status-publish","4":"format-standard","5":"has-post-thumbnail","7":"category-non-classe"},"_links":{"self":[{"href":"https:\/\/conakrynews.org\/index.php\/wp-json\/wp\/v2\/posts\/2792","targetHints":{"allow":["GET"]}}],"collection":[{"href":"https:\/\/conakrynews.org\/index.php\/wp-json\/wp\/v2\/posts"}],"about":[{"href":"https:\/\/conakrynews.org\/index.php\/wp-json\/wp\/v2\/types\/post"}],"author":[{"embeddable":true,"href":"https:\/\/conakrynews.org\/index.php\/wp-json\/wp\/v2\/users\/2"}],"replies":[{"embeddable":true,"href":"https:\/\/conakrynews.org\/index.php\/wp-json\/wp\/v2\/comments?post=2792"}],"version-history":[{"count":0,"href":"https:\/\/conakrynews.org\/index.php\/wp-json\/wp\/v2\/posts\/2792\/revisions"}],"wp:featuredmedia":[{"embeddable":true,"href":"https:\/\/conakrynews.org\/index.php\/wp-json\/wp\/v2\/media\/2680"}],"wp:attachment":[{"href":"https:\/\/conakrynews.org\/index.php\/wp-json\/wp\/v2\/media?parent=2792"}],"wp:term":[{"taxonomy":"category","embeddable":true,"href":"https:\/\/conakrynews.org\/index.php\/wp-json\/wp\/v2\/categories?post=2792"},{"taxonomy":"post_tag","embeddable":true,"href":"https:\/\/conakrynews.org\/index.php\/wp-json\/wp\/v2\/tags?post=2792"}],"curies":[{"name":"wp","href":"https:\/\/api.w.org\/{rel}","templated":true}]}}