{"id":27968,"date":"2024-06-05T19:30:25","date_gmt":"2024-06-05T19:30:25","guid":{"rendered":"https:\/\/conakrynews.org\/?p=27968"},"modified":"2024-06-05T19:30:25","modified_gmt":"2024-06-05T19:30:25","slug":"maroc-la-can-2025-officiellement-reportee-by-la-redaction-5-juin-2024","status":"publish","type":"post","link":"https:\/\/conakrynews.org\/index.php\/maroc-la-can-2025-officiellement-reportee-by-la-redaction-5-juin-2024\/","title":{"rendered":"Maroc : la CAN 2025 officiellement report\u00e9e By La R\u00e9daction -5 juin 2024"},"content":{"rendered":"<p>Pr\u00e9vue initialement au Maroc pour l\u2019\u00e9t\u00e9 2025, la Coupe d\u2019Afrique des Nations (CAN) se d\u00e9roulera finalement \u00e0 une autre p\u00e9riode. Cette d\u00e9cision a \u00e9t\u00e9 annonc\u00e9e par la Conf\u00e9d\u00e9ration Africaine de Football (CAF) ce mercredi.<\/p>\n<p>Le Secr\u00e9taire g\u00e9n\u00e9ral de la CAF, Veron Mosengo-Omba, a expliqu\u00e9 que ce report vise \u00e0 \u00e9viter une incompatibilit\u00e9 avec la Coupe du monde des clubs, qui aura lieu du 15 juin au 13 juillet 2025 aux \u00c9tats-Unis. Cet \u00e9v\u00e9nement accueillera 32 clubs, dont quatre repr\u00e9sentants du continent africain, ainsi que de nombreux joueurs africains \u00e9voluant dans ces clubs des diff\u00e9rentes r\u00e9gions du monde.<\/p>\n<p>\u00ab Nous pourrions jouer la CAN apr\u00e8s la Coupe du monde des clubs, mais est-ce que ce serait dans l\u2019int\u00e9r\u00eat des joueurs, qui ont jou\u00e9 toute la saison, d\u2019aller en Am\u00e9rique pour revenir participer imm\u00e9diatement \u00e0 la CAN ensuite ? \u00bb, a interrog\u00e9 M. Mosengo-Omba, soulignant les difficult\u00e9s potentielles pour les joueurs en termes de calendrier et de condition physique.<\/p>\n<p>Face \u00e0 cette situation, la CAF a jug\u00e9 n\u00e9cessaire de repousser la CAN 2025. Le tournoi devrait avoir lieu en janvier et f\u00e9vrier 2026, soit trois ans apr\u00e8s l\u2019\u00e9dition de 2023.<\/p>\n<p>Cette d\u00e9cision vise \u00e0 pr\u00e9server l\u2019int\u00e9grit\u00e9 de la comp\u00e9tition et le bien-\u00eatre des joueurs, en tenant compte du calendrier charg\u00e9 des clubs et des s\u00e9lections nationales.<\/p>\n<p>SENEGO<\/p>\n","protected":false},"excerpt":{"rendered":"<p>Pr\u00e9vue initialement au Maroc pour l\u2019\u00e9t\u00e9 2025, la Coupe d\u2019Afrique des Nations (CAN) se d\u00e9roulera finalement \u00e0 une autre p\u00e9riode. Cette d\u00e9cision a \u00e9t\u00e9 annonc\u00e9e par la Conf\u00e9d\u00e9ration Africaine de Football (CAF) ce mercredi. Le Secr\u00e9taire g\u00e9n\u00e9ral de la CAF, Veron Mosengo-Omba, a expliqu\u00e9 que ce report vise \u00e0 \u00e9viter une incompatibilit\u00e9 avec la Coupe [&hellip;]<\/p>\n","protected":false},"author":2,"featured_media":27969,"comment_status":"closed","ping_status":"closed","sticky":false,"template":"","format":"standard","meta":{"footnotes":""},"categories":[64],"tags":[],"class_list":{"0":"post-27968","1":"post","2":"type-post","3":"status-publish","4":"format-standard","5":"has-post-thumbnail","7":"category-sport"},"_links":{"self":[{"href":"https:\/\/conakrynews.org\/index.php\/wp-json\/wp\/v2\/posts\/27968","targetHints":{"allow":["GET"]}}],"collection":[{"href":"https:\/\/conakrynews.org\/index.php\/wp-json\/wp\/v2\/posts"}],"about":[{"href":"https:\/\/conakrynews.org\/index.php\/wp-json\/wp\/v2\/types\/post"}],"author":[{"embeddable":true,"href":"https:\/\/conakrynews.org\/index.php\/wp-json\/wp\/v2\/users\/2"}],"replies":[{"embeddable":true,"href":"https:\/\/conakrynews.org\/index.php\/wp-json\/wp\/v2\/comments?post=27968"}],"version-history":[{"count":0,"href":"https:\/\/conakrynews.org\/index.php\/wp-json\/wp\/v2\/posts\/27968\/revisions"}],"wp:featuredmedia":[{"embeddable":true,"href":"https:\/\/conakrynews.org\/index.php\/wp-json\/wp\/v2\/media\/27969"}],"wp:attachment":[{"href":"https:\/\/conakrynews.org\/index.php\/wp-json\/wp\/v2\/media?parent=27968"}],"wp:term":[{"taxonomy":"category","embeddable":true,"href":"https:\/\/conakrynews.org\/index.php\/wp-json\/wp\/v2\/categories?post=27968"},{"taxonomy":"post_tag","embeddable":true,"href":"https:\/\/conakrynews.org\/index.php\/wp-json\/wp\/v2\/tags?post=27968"}],"curies":[{"name":"wp","href":"https:\/\/api.w.org\/{rel}","templated":true}]}}