{"id":2802,"date":"2018-12-27T11:10:06","date_gmt":"2018-12-27T10:10:06","guid":{"rendered":"https:\/\/conakrynews.org\/?p=2802"},"modified":"2018-12-28T10:38:12","modified_gmt":"2018-12-28T09:38:12","slug":"conakry-el-hadj-mamadou-saliou-camara-mgr-vincent-coulibaly-beneficient-laureats-palm-national","status":"publish","type":"post","link":"https:\/\/conakrynews.org\/index.php\/conakry-el-hadj-mamadou-saliou-camara-mgr-vincent-coulibaly-beneficient-laureats-palm-national\/","title":{"rendered":"Conakry : El Hadj Mamadou Saliou Camara et Mgr Vincent Coulibaly b\u00e9n\u00e9ficient des laur\u00e9ats  Palm National"},"content":{"rendered":"<p><strong>Ce Mercredi 27 D\u00e9cembre 2018, dans la Salle du 28 Septembre du palais , les membres de l\u2019Institution \u00a0Nationale Ind\u00e9pendante des Droits Humains (INDH) ont\u00a0 organis\u00e9 une pl\u00e9ni\u00e8re pour r\u00e9compenser Mgr Vincent Coulibaly, archev\u00eaque de Conakry et le Grand Imam de la mosqu\u00e9e Fay\u00e7al de Conakry, El\u00a0 Hadj Mamadou Saliou Camara, comme Palm National des Droits de l\u2019Homme, cette r\u00e9compense est\u00a0 due\u00a0 par rapport\u00a0\u00a0 au \u00a0combat que ces deux personnalit\u00e9s ont fourni\u00a0 en mati\u00e8re des \u00a0Droits de l\u2019Homme en Guin\u00e9e.<\/strong><\/p>\n<p>Cette c\u00e9r\u00e9monie de r\u00e9compense s\u2019est d\u00e9roul\u00e9e\u00a0 en pr\u00e9sence du\u00a0 \u00a0ministre Conseiller \u00a0personnel du Chef de l\u2019\u00c9tat, charg\u00e9 des relations avec les \u00a0institutions \u00e0 la pr\u00e9sidence de la r\u00e9publique, M. Mohamed Lamine Fofana, du \u00a0repr\u00e9sentant du haut commissariat des Droits de l\u2019Homme en Guin\u00e9e et des cadres de ladite institution.<\/p>\n<p>Mohamed Lamine Fofana, conseiller du pr\u00e9sident de la R\u00e9publique, charg\u00e9 des institutions \u00a0a \u00a0d\u2019abord f\u00e9licit\u00e9 \u00a0et remerci\u00e9 \u00a0\u00a0les \u00a0heureux r\u00e9cipiendaires pour \u00a0ce prix.<\/p>\n<p>Avant de d\u00e9clarer\u00a0: \u00ab\u00a0<em>Ces deux personnalit\u00e9s prouvent qu\u2019ils ont suffisamment m\u00e9rit\u00e9 ce prix \u00a0du palm national, pour avoir travaill\u00e9 \u00a0depuis plusieurs d\u00e9cennies dans le cadre de la promotion\u00a0 de la paix\u00a0\u00bb. <\/em><\/p>\n<p>L\u2019archev\u00eaque de Conakry, Mgr Vincent Coulibaly, a \u00a0d\u2019abord\u00a0 remerci\u00e9 <em>\u00a0\u00e0 Dieu ensuite de l\u2019homme, pour le travail qui a \u00e9t\u00e9 accompli par\u00a0 lui et le grand imam de la mosqu\u00e9e Fay\u00e7al de Conakry.<\/em><\/p>\n<p><em>Avant de d\u00e9clarer que l\u2019aspiration des guin\u00e9ens, c\u2019est la consolidation de la paix afin que le d\u00e9veloppement soit possible.<\/em><\/p>\n<p><strong><em>Sylla Ibrahima Kalil pour <a href=\"https:\/\/conakrynews.org\">www.conakrynews.org<\/a> 625444534 \u00a0\u00a0<\/em><\/strong><\/p>\n<p><strong>. <\/strong><\/p>\n<p>&nbsp;<\/p>\n<p>&nbsp;<\/p>\n<p><img loading=\"lazy\" decoding=\"async\" class=\"alignright size-medium wp-image-2803\" src=\"https:\/\/conakrynews.org\/wp-content\/uploads\/2018\/12\/prix-laur\u00e9at-515x249.jpg\" alt=\"\" width=\"515\" height=\"249\" srcset=\"https:\/\/conakrynews.org\/wp-content\/uploads\/2018\/12\/prix-laur\u00e9at-515x249.jpg 515w, https:\/\/conakrynews.org\/wp-content\/uploads\/2018\/12\/prix-laur\u00e9at.jpg 620w\" sizes=\"auto, (max-width: 515px) 100vw, 515px\" \/><\/p>\n","protected":false},"excerpt":{"rendered":"<p>Ce Mercredi 27 D\u00e9cembre 2018, dans la Salle du 28 Septembre du palais , les membres de l\u2019Institution \u00a0Nationale Ind\u00e9pendante des Droits Humains (INDH) ont\u00a0 organis\u00e9 une pl\u00e9ni\u00e8re pour r\u00e9compenser Mgr Vincent Coulibaly, archev\u00eaque de Conakry et le Grand Imam de la mosqu\u00e9e Fay\u00e7al de Conakry, El\u00a0 Hadj Mamadou Saliou Camara, comme Palm National des [&hellip;]<\/p>\n","protected":false},"author":2,"featured_media":2803,"comment_status":"open","ping_status":"open","sticky":false,"template":"","format":"standard","meta":{"footnotes":""},"categories":[1],"tags":[],"class_list":{"0":"post-2802","1":"post","2":"type-post","3":"status-publish","4":"format-standard","5":"has-post-thumbnail","7":"category-non-classe"},"_links":{"self":[{"href":"https:\/\/conakrynews.org\/index.php\/wp-json\/wp\/v2\/posts\/2802","targetHints":{"allow":["GET"]}}],"collection":[{"href":"https:\/\/conakrynews.org\/index.php\/wp-json\/wp\/v2\/posts"}],"about":[{"href":"https:\/\/conakrynews.org\/index.php\/wp-json\/wp\/v2\/types\/post"}],"author":[{"embeddable":true,"href":"https:\/\/conakrynews.org\/index.php\/wp-json\/wp\/v2\/users\/2"}],"replies":[{"embeddable":true,"href":"https:\/\/conakrynews.org\/index.php\/wp-json\/wp\/v2\/comments?post=2802"}],"version-history":[{"count":0,"href":"https:\/\/conakrynews.org\/index.php\/wp-json\/wp\/v2\/posts\/2802\/revisions"}],"wp:featuredmedia":[{"embeddable":true,"href":"https:\/\/conakrynews.org\/index.php\/wp-json\/wp\/v2\/media\/2803"}],"wp:attachment":[{"href":"https:\/\/conakrynews.org\/index.php\/wp-json\/wp\/v2\/media?parent=2802"}],"wp:term":[{"taxonomy":"category","embeddable":true,"href":"https:\/\/conakrynews.org\/index.php\/wp-json\/wp\/v2\/categories?post=2802"},{"taxonomy":"post_tag","embeddable":true,"href":"https:\/\/conakrynews.org\/index.php\/wp-json\/wp\/v2\/tags?post=2802"}],"curies":[{"name":"wp","href":"https:\/\/api.w.org\/{rel}","templated":true}]}}