{"id":2805,"date":"2018-12-27T12:43:17","date_gmt":"2018-12-27T11:43:17","guid":{"rendered":"https:\/\/conakrynews.org\/?p=2805"},"modified":"2018-12-27T12:43:17","modified_gmt":"2018-12-27T11:43:17","slug":"retard-paiement-de-subvention-medias-responsables-associations-de-presse-envisagent-fermeture-de-maison-de-presse-de-guinee","status":"publish","type":"post","link":"https:\/\/conakrynews.org\/index.php\/retard-paiement-de-subvention-medias-responsables-associations-de-presse-envisagent-fermeture-de-maison-de-presse-de-guinee\/","title":{"rendered":"Retard dans le paiement de la subvention des medias :Les responsables des associations de presse envisagent la fermeture de la maison de la presse de Guin\u00e9e"},"content":{"rendered":"<p>Si la subvention de la presse pour l\u2019exercice 2018 n\u2019est pas pay\u00e9e d\u2019ici la fin de l\u2019ann\u00e9e, la maison de la presse de Guin\u00e9e va \u00eatre ferm\u00e9e. L\u2019annonce a \u00e9t\u00e9 faite par les pr\u00e9sidents des associations de presse, notamment ceux de l\u2019Aguipel, de l\u2019URTELGUI et de l\u2019AGEPI au cours \u00a0une conf\u00e9rence de presse ce mercredi 26 d\u00e9cembre 2018 \u00e0 la maison des journalistes de Guin\u00e9e.<\/p>\n<p>&nbsp;<\/p>\n<p>Il \u00e9tait question pour ces responsables de m\u00e9dias de parler de la probl\u00e9matique du retard dans le paiement de la subvention des m\u00e9dias priv\u00e9s pour l\u2019exercice 2018 et ses cons\u00e9quences.<\/p>\n<p>Devant des journalistes, le pr\u00e9sident de l\u2019association guin\u00e9enne de la presse en ligne, Amadou Thiam Camara a dit que le retard du paiement de la subvention de la presse pour l\u2019exercice 2018 a fait que la maison de la presse de Guin\u00e9e accumule des dettes qui s\u2019\u00e9l\u00e8vent de nos jours \u00e0 212 millions de nos francs:\u00a0<em>\u00ab\u00a0La maison de la presse doit de l\u2019argent au propri\u00e9taire des lieux. Elle doit de l\u2019argent et employ\u00e9s et autres frais. Par mois cette maison g\u00e9n\u00e8re une somme de 15 millions de francs, alors que le loyer seulement co\u00fbte\u00a020 millions de nos francs sans compter le salaire des employ\u00e9s et autres charges\u00a0<\/em>\u00bb.<\/p>\n<p>De poursuivre, il a dit si rien n\u2019est d\u2019ici peu de temps la maison de la presse sera ferm\u00e9e.<\/p>\n<p>Tr\u00e8s remont\u00e9 contre l\u2019attitude des autorit\u00e9s, le pr\u00e9sident de l\u2019AGEPI, Moussa Ibn Cont\u00e9 a dit\u00a0: \u00ab\u00a0<em>Si la subvention n\u2019avait aucune base l\u00e9gale, on n\u2019est trouv\u00e9 abolissant de r\u00e9clamer la subvention. Mais, la subvention qui est accord\u00e9e aux m\u00e9dias, ce n\u2019est pas une aum\u00f4ne \u00a0ni un cadeau qu\u2019on fait aux pauvres mais, c\u2019est bien sur \u00a0une base l\u00e9gale. Et c\u2019est pourquoi, nous l\u2019a r\u00e9clamons. Au regarde \u00a0de \u00a0l\u2019article 12, ali\u00e9na 2 de la loi 03 de la Haute Autorit\u00e9 de la Communication (HAC), il est mentionn\u00e9\u00a0 que l\u2019Etat guin\u00e9en accorde une subvention aux m\u00e9dias priv\u00e9s.\u00a0 Voil\u00e0 la base l\u00e9gale de la subvention et il s\u2019agit d\u2019une loi organique. Pour remettre en cause une loi organique, il faut avoir de deux tiers des d\u00e9put\u00e9s (repr\u00e9sentants de la population \u00e0 l\u2019Assembl\u00e9e Nationale). Donc, il n\u2019appartient pas \u00e0 un Premier ministre, ni \u00e0 un ministre de remettre en cause une loi organique. C\u2019est un mauvais signal qu\u2019on envoie au pouvoir public\u2026<\/em>\u00a0\u00bb.<\/p>\n<p>Esp\u00e9rons que cette sortie m\u00e9diatique des responsables de presse tombera dans de bonnes oreilles des autorit\u00e9s de Guin\u00e9e pour \u00e9viter le pire.<\/p>\n<p><strong>Source\u00a0:guineelive.com<\/strong><\/p>\n<p><img loading=\"lazy\" decoding=\"async\" class=\"alignright size-medium wp-image-2806\" src=\"https:\/\/conakrynews.org\/wp-content\/uploads\/2018\/12\/photo-subvention-500x375.jpeg\" alt=\"\" width=\"500\" height=\"375\" srcset=\"https:\/\/conakrynews.org\/wp-content\/uploads\/2018\/12\/photo-subvention-500x375.jpeg 500w, https:\/\/conakrynews.org\/wp-content\/uploads\/2018\/12\/photo-subvention.jpeg 681w\" sizes=\"auto, (max-width: 500px) 100vw, 500px\" \/><\/p>\n","protected":false},"excerpt":{"rendered":"<p>Si la subvention de la presse pour l\u2019exercice 2018 n\u2019est pas pay\u00e9e d\u2019ici la fin de l\u2019ann\u00e9e, la maison de la presse de Guin\u00e9e va \u00eatre ferm\u00e9e. L\u2019annonce a \u00e9t\u00e9 faite par les pr\u00e9sidents des associations de presse, notamment ceux de l\u2019Aguipel, de l\u2019URTELGUI et de l\u2019AGEPI au cours \u00a0une conf\u00e9rence de presse ce mercredi [&hellip;]<\/p>\n","protected":false},"author":2,"featured_media":2806,"comment_status":"open","ping_status":"open","sticky":false,"template":"","format":"standard","meta":{"footnotes":""},"categories":[1],"tags":[],"class_list":{"0":"post-2805","1":"post","2":"type-post","3":"status-publish","4":"format-standard","5":"has-post-thumbnail","7":"category-non-classe"},"_links":{"self":[{"href":"https:\/\/conakrynews.org\/index.php\/wp-json\/wp\/v2\/posts\/2805","targetHints":{"allow":["GET"]}}],"collection":[{"href":"https:\/\/conakrynews.org\/index.php\/wp-json\/wp\/v2\/posts"}],"about":[{"href":"https:\/\/conakrynews.org\/index.php\/wp-json\/wp\/v2\/types\/post"}],"author":[{"embeddable":true,"href":"https:\/\/conakrynews.org\/index.php\/wp-json\/wp\/v2\/users\/2"}],"replies":[{"embeddable":true,"href":"https:\/\/conakrynews.org\/index.php\/wp-json\/wp\/v2\/comments?post=2805"}],"version-history":[{"count":0,"href":"https:\/\/conakrynews.org\/index.php\/wp-json\/wp\/v2\/posts\/2805\/revisions"}],"wp:featuredmedia":[{"embeddable":true,"href":"https:\/\/conakrynews.org\/index.php\/wp-json\/wp\/v2\/media\/2806"}],"wp:attachment":[{"href":"https:\/\/conakrynews.org\/index.php\/wp-json\/wp\/v2\/media?parent=2805"}],"wp:term":[{"taxonomy":"category","embeddable":true,"href":"https:\/\/conakrynews.org\/index.php\/wp-json\/wp\/v2\/categories?post=2805"},{"taxonomy":"post_tag","embeddable":true,"href":"https:\/\/conakrynews.org\/index.php\/wp-json\/wp\/v2\/tags?post=2805"}],"curies":[{"name":"wp","href":"https:\/\/api.w.org\/{rel}","templated":true}]}}