{"id":2808,"date":"2018-12-28T02:32:00","date_gmt":"2018-12-28T01:32:00","guid":{"rendered":"https:\/\/conakrynews.org\/?p=2808"},"modified":"2018-12-28T02:32:00","modified_gmt":"2018-12-28T01:32:00","slug":"conakry-conseil-guineen-chargeurs-a-desormais-nouveau-siege","status":"publish","type":"post","link":"https:\/\/conakrynews.org\/index.php\/conakry-conseil-guineen-chargeurs-a-desormais-nouveau-siege\/","title":{"rendered":"Conakry : Le Conseil Guin\u00e9en des Chargeurs a d\u00e9sormais un nouveau si\u00e8ge"},"content":{"rendered":"<p><strong>Le Personnel de la Direction G\u00e9n\u00e9rale du Conseil Guin\u00e9en des Chargeurs en collaboration avec le gouvernement guin\u00e9en ont proc\u00e9d\u00e9 ce mercredi 26 D\u00e9cembre 2018, \u00e0 l\u2019inauguration d\u2019un nouveau si\u00e8ge de l\u2019institution situ\u00e9 dans le quartier Camayenne, commune de dixinn. Cette importante c\u00e9r\u00e9monie inaugurale s\u2019est d\u00e9roul\u00e9e en pr\u00e9sence du Ministre des Transports et de l\u2019\u00e9conomie maritime,Abacar Sylla. <\/strong><\/p>\n<p>Dans son allocution, Bany Sangar\u00e9, Directeur G\u00e9n\u00e9ral de l\u2019office Guin\u00e9en des Chargeurs a d\u2019abord rendu rendu un hommage m\u00e9rit\u00e9 au chef de l\u2019Etat, Prof Alpha Cond\u00e9 et son premier ministre chef du gouvernement pour leur soutien et accompagnement depuis sa nomination \u00e0 la t\u00eate de la direction g\u00e9n\u00e9rale du Conseil des Chargeurs. \u00ab\u00a0C\u2019est le fruit du nouvel ordre \u00e9conomique international engag\u00e9 dans les ann\u00e9es 60 par la commission des nations Unies pour le commerce et le d\u00e9veloppement (CNUCED). Dont les objectifs fondamentaux est de faire participer les pays en voie de d\u00e9veloppement au commerce international .C\u2019est ainsi la cr\u00e9ation du Conseil des chargeurs en Afrique dans les ann\u00e9es 60\u00a0\u00bb, a rappel\u00e9 Bany Sangar\u00e9 dans son discours.<\/p>\n<p>Et d\u2019ajouter, il a dit\u00a0:\u00a0\u00ab\u00a0Et pour mieux renforcer la position du continent africain dans le commerce international sous l\u2019accompagnement de la CNUCED,la charte d\u2019Abidjan a \u00e9t\u00e9 sign\u00e9e en 1975 pour cr\u00e9er la conf\u00e9rence des Ministres des Etats de l\u2019Afrique de l\u2019Ouest et du Centre qui d\u00e9cida la cr\u00e9ation de l\u2019Union des Conseils des chargeurs Africains dont le si\u00e8ge est \u00e0 Douala(Cameroun),a-t-il ajout\u00e9 .<\/p>\n<p><strong>\u00a0<\/strong><\/p>\n<p>Avant d\u2019affirmer\u00a0:\u00a0\u00ab\u00a0L\u2019office Guin\u00e9en des chargeurs \u00a0a \u00e9t\u00e9 cr\u00e9\u00e9 le\u00a0\u00a0 29 juillet 2010 avec pour mission fondamentale, la d\u00e9fense et la repr\u00e9sentation des int\u00e9r\u00eats des chargeurs, c\u2019est-\u00e0-dire les importateurs et les exportateurs sur la chaine des transports et participer \u00e9galement au d\u00e9veloppement des garnisons maritimes\u00a0\u00bb, a-t-il affirm\u00e9.<\/p>\n<p>\u00ab\u00a0De 2010 \u00e0 2018, l\u2019Office Guin\u00e9en des Chargeur a connu des probl\u00e9matiques d\u2019ordre organisationnel et financier qui ont amen\u00e9 l\u2019Etat \u00e0 transformer cette institution en Conseil Guin\u00e9en des Chargeurs. C\u2019est ainsi des contacts ont \u00e9t\u00e9 pris avec quelques acteurs de la chaine de transports qui sont: le port autonome de Conakry, la direction g\u00e9n\u00e9rale des douanes, la soci\u00e9t\u00e9 navale guin\u00e9enne, les entrep\u00f4ts Maliens en Guin\u00e9e, les associations des transitaires, des consignataires maritimes, l\u2019union nationale des transporteurs routiers de Guin\u00e9e, la f\u00e9d\u00e9ration syndicale professionnelle nationale des transports et m\u00e9canique g\u00e9n\u00e9rale\u00a0\u00bb, a fait savoir le Num\u00e9ro 1 de du Conseil Guin\u00e9en des Chargeurs.<\/p>\n<p>&nbsp;<\/p>\n<p>Selon le Directeur G\u00e9n\u00e9ral M. Sangar\u00e9,le Conseil Guin\u00e9en des Chargeurs vient d&rsquo;obtenir des domaines de 10 hectares \u00e0 Tamagaly(Mamou) et 10 hectares \u00e0 Ciss\u00e9la (kouroussa) et 30 hectares \u00e0 kour\u00e9mal\u00e9 \u00e0 la fronti\u00e8re Guineo-Malienne. \u2039\u2039La r\u00e9alisation de toutes ces infrastructures et des logistiques de transports de marchandises sur les axes routiers r\u00e9gionaux et aux diff\u00e9rentes fronti\u00e8res de notre pays, participeront \u00e0 la cr\u00e9ation d&#8217;emploi direct et indirect et le d\u00e9veloppement socio\u00e9conomique dans ces localit\u00e9s\u00a0\u00bb.<\/p>\n<p><strong>Alseny Macir\u00e9 Fofana pour www.conakrynews.org<\/strong><img loading=\"lazy\" decoding=\"async\" class=\"alignright size-medium wp-image-2809\" src=\"https:\/\/conakrynews.org\/wp-content\/uploads\/2018\/12\/photo-Bany-375x375.jpg\" alt=\"\" width=\"375\" height=\"375\" srcset=\"https:\/\/conakrynews.org\/wp-content\/uploads\/2018\/12\/photo-Bany-375x375.jpg 375w, https:\/\/conakrynews.org\/wp-content\/uploads\/2018\/12\/photo-Bany-70x70.jpg 70w, https:\/\/conakrynews.org\/wp-content\/uploads\/2018\/12\/photo-Bany-768x768.jpg 768w, https:\/\/conakrynews.org\/wp-content\/uploads\/2018\/12\/photo-Bany.jpg 960w\" sizes=\"auto, (max-width: 375px) 100vw, 375px\" \/><\/p>\n","protected":false},"excerpt":{"rendered":"<p>Le Personnel de la Direction G\u00e9n\u00e9rale du Conseil Guin\u00e9en des Chargeurs en collaboration avec le gouvernement guin\u00e9en ont proc\u00e9d\u00e9 ce mercredi 26 D\u00e9cembre 2018, \u00e0 l\u2019inauguration d\u2019un nouveau si\u00e8ge de l\u2019institution situ\u00e9 dans le quartier Camayenne, commune de dixinn. Cette importante c\u00e9r\u00e9monie inaugurale s\u2019est d\u00e9roul\u00e9e en pr\u00e9sence du Ministre des Transports et de l\u2019\u00e9conomie maritime,Abacar [&hellip;]<\/p>\n","protected":false},"author":2,"featured_media":2809,"comment_status":"open","ping_status":"open","sticky":false,"template":"","format":"standard","meta":{"footnotes":""},"categories":[1],"tags":[],"class_list":{"0":"post-2808","1":"post","2":"type-post","3":"status-publish","4":"format-standard","5":"has-post-thumbnail","7":"category-non-classe"},"_links":{"self":[{"href":"https:\/\/conakrynews.org\/index.php\/wp-json\/wp\/v2\/posts\/2808","targetHints":{"allow":["GET"]}}],"collection":[{"href":"https:\/\/conakrynews.org\/index.php\/wp-json\/wp\/v2\/posts"}],"about":[{"href":"https:\/\/conakrynews.org\/index.php\/wp-json\/wp\/v2\/types\/post"}],"author":[{"embeddable":true,"href":"https:\/\/conakrynews.org\/index.php\/wp-json\/wp\/v2\/users\/2"}],"replies":[{"embeddable":true,"href":"https:\/\/conakrynews.org\/index.php\/wp-json\/wp\/v2\/comments?post=2808"}],"version-history":[{"count":0,"href":"https:\/\/conakrynews.org\/index.php\/wp-json\/wp\/v2\/posts\/2808\/revisions"}],"wp:featuredmedia":[{"embeddable":true,"href":"https:\/\/conakrynews.org\/index.php\/wp-json\/wp\/v2\/media\/2809"}],"wp:attachment":[{"href":"https:\/\/conakrynews.org\/index.php\/wp-json\/wp\/v2\/media?parent=2808"}],"wp:term":[{"taxonomy":"category","embeddable":true,"href":"https:\/\/conakrynews.org\/index.php\/wp-json\/wp\/v2\/categories?post=2808"},{"taxonomy":"post_tag","embeddable":true,"href":"https:\/\/conakrynews.org\/index.php\/wp-json\/wp\/v2\/tags?post=2808"}],"curies":[{"name":"wp","href":"https:\/\/api.w.org\/{rel}","templated":true}]}}