{"id":2811,"date":"2018-12-28T10:12:27","date_gmt":"2018-12-28T09:12:27","guid":{"rendered":"https:\/\/conakrynews.org\/?p=2811"},"modified":"2018-12-28T10:12:27","modified_gmt":"2018-12-28T09:12:27","slug":"subvention-de-presse-ministres-budget-de-leconomie-rassurent-paiement-dici-mi-janvier","status":"publish","type":"post","link":"https:\/\/conakrynews.org\/index.php\/subvention-de-presse-ministres-budget-de-leconomie-rassurent-paiement-dici-mi-janvier\/","title":{"rendered":"Subvention de la presse : les ministres du budget et de l\u2019\u00e9conomie rassurent son paiement d\u2019ici mi-janvier"},"content":{"rendered":"<p>Les ministres guin\u00e9ens des Finances Mamadi Camara et du Budget Isma\u00ebl Dioubat\u00e9 ont profit\u00e9 d\u2019une conf\u00e9rence de presse ce jeudi 27 d\u00e9cembre 2018 pour s\u2019exprimer sur le sujet li\u00e9 \u00e0 la subvention de la presse pour l\u2019exercice 2018.<\/p>\n<p>Le ministre du budget, Isma\u00ebl Dioubat\u00e9 a dit que cette subvention va \u00eatre pay\u00e9e d\u2019ici mi-janvier 2018.<em> \u00ab\u00a0Je parle sous le contr\u00f4le du ministre de l\u2019Economie et des Finances, on ne suspend pas la subvention \u00e0 la presse. Et je crois que pour des raisons d\u2019ordre technique, \u00e7a n\u2019a pas \u00e9t\u00e9 pay\u00e9 \u00e0 bonne date, mais Monsieur le ministre de l\u2019\u00c9conomie<img loading=\"lazy\" decoding=\"async\" class=\"alignright size-medium wp-image-2812\" src=\"https:\/\/conakrynews.org\/wp-content\/uploads\/2018\/12\/mini-385x375.jpg\" alt=\"\" width=\"385\" height=\"375\" srcset=\"https:\/\/conakrynews.org\/wp-content\/uploads\/2018\/12\/mini-385x375.jpg 385w, https:\/\/conakrynews.org\/wp-content\/uploads\/2018\/12\/mini.jpg 481w\" sizes=\"auto, (max-width: 385px) 100vw, 385px\" \/> et des Finances et moi-m\u00eame, on va prendre des dispositions. Peut-\u00eatre d\u2019ici mi-janvier\u00a0que vous aurez votre subvention qui est d\u00e9j\u00e0 engag\u00e9e<\/em>\u00a0\u00bb, dit-il.<\/p>\n<p>Selon lui, le non paiement de cette subvention jusqu\u2019\u00e0 date est li\u00e9 \u00e0 un probl\u00e8me d\u2019ordre technique et non un refus comme estime la majorit\u00e9 des guin\u00e9ens.<\/p>\n<p>Dans la meme la lanc\u00e9e, le ministre Mamadi Camara des finances a d\u00e9clar\u00e9 que la subvention n\u2019a jamais \u00e9t\u00e9 bloqu\u00e9e par les autorit\u00e9s mais plut\u00f4t a connu retard dans son paiement.<\/p>\n<p>Nous estimons que la sortie m\u00e9diatique des responsables des associations de presse est tomb\u00e9e dans de bonnes oreilles des autorit\u00e9s guin\u00e9ennes.<\/p>\n","protected":false},"excerpt":{"rendered":"<p>Les ministres guin\u00e9ens des Finances Mamadi Camara et du Budget Isma\u00ebl Dioubat\u00e9 ont profit\u00e9 d\u2019une conf\u00e9rence de presse ce jeudi 27 d\u00e9cembre 2018 pour s\u2019exprimer sur le sujet li\u00e9 \u00e0 la subvention de la presse pour l\u2019exercice 2018. Le ministre du budget, Isma\u00ebl Dioubat\u00e9 a dit que cette subvention va \u00eatre pay\u00e9e d\u2019ici mi-janvier 2018. [&hellip;]<\/p>\n","protected":false},"author":2,"featured_media":2812,"comment_status":"open","ping_status":"open","sticky":false,"template":"","format":"standard","meta":{"footnotes":""},"categories":[1],"tags":[],"class_list":{"0":"post-2811","1":"post","2":"type-post","3":"status-publish","4":"format-standard","5":"has-post-thumbnail","7":"category-non-classe"},"_links":{"self":[{"href":"https:\/\/conakrynews.org\/index.php\/wp-json\/wp\/v2\/posts\/2811","targetHints":{"allow":["GET"]}}],"collection":[{"href":"https:\/\/conakrynews.org\/index.php\/wp-json\/wp\/v2\/posts"}],"about":[{"href":"https:\/\/conakrynews.org\/index.php\/wp-json\/wp\/v2\/types\/post"}],"author":[{"embeddable":true,"href":"https:\/\/conakrynews.org\/index.php\/wp-json\/wp\/v2\/users\/2"}],"replies":[{"embeddable":true,"href":"https:\/\/conakrynews.org\/index.php\/wp-json\/wp\/v2\/comments?post=2811"}],"version-history":[{"count":0,"href":"https:\/\/conakrynews.org\/index.php\/wp-json\/wp\/v2\/posts\/2811\/revisions"}],"wp:featuredmedia":[{"embeddable":true,"href":"https:\/\/conakrynews.org\/index.php\/wp-json\/wp\/v2\/media\/2812"}],"wp:attachment":[{"href":"https:\/\/conakrynews.org\/index.php\/wp-json\/wp\/v2\/media?parent=2811"}],"wp:term":[{"taxonomy":"category","embeddable":true,"href":"https:\/\/conakrynews.org\/index.php\/wp-json\/wp\/v2\/categories?post=2811"},{"taxonomy":"post_tag","embeddable":true,"href":"https:\/\/conakrynews.org\/index.php\/wp-json\/wp\/v2\/tags?post=2811"}],"curies":[{"name":"wp","href":"https:\/\/api.w.org\/{rel}","templated":true}]}}