{"id":2816,"date":"2018-12-30T12:35:36","date_gmt":"2018-12-30T11:35:36","guid":{"rendered":"https:\/\/conakrynews.org\/?p=2816"},"modified":"2018-12-30T12:35:36","modified_gmt":"2018-12-30T11:35:36","slug":"conakry-lalliance-jeunes-entrepreneurs-de-guinee-lance-officiellement-activites","status":"publish","type":"post","link":"https:\/\/conakrynews.org\/index.php\/conakry-lalliance-jeunes-entrepreneurs-de-guinee-lance-officiellement-activites\/","title":{"rendered":"Conakry : L\u2019Alliance des jeunes Entrepreneurs de Guin\u00e9e  lance officiellement ses activit\u00e9s"},"content":{"rendered":"<p>&nbsp;<\/p>\n<p><strong>Les membres de l\u2019Alliance des Jeunes Entrepreneurs de Guin\u00e9e (A.J.E.G) ont proc\u00e9d\u00e9 au lancement officiel des \u00a0 activit\u00e9s de ladite Alliance ce samedi 29 d\u00e9cembre 2018 dans un r\u00e9ceptif h\u00f4telier de la place. Cet \u00e9v\u00e8nement avait comme th\u00e8me \u2018\u2019les jeunes entrepreneurs avec le Pr\u00e9sident de la R\u00e9publique pour r\u00e9ussir la lutte contre la pauvret\u00e9 et le ch\u00f4mage\u2019\u2019. Cette importante rencontre s\u2019est d\u00e9roul\u00e9e en pr\u00e9sence des corps diplomatique accr\u00e9dit\u00e9s en Guin\u00e9e, des membres du gouvernement et des cadres du secteur publics et priv\u00e9s de notre pays.<br \/>\n<\/strong><br \/>\nL\u2019objectif principal de cette nouvelle Alliance, est d\u2019accompagner les autorit\u00e9s du pays avec l\u2019appui des partenaires techniques, afin de contribuer efficacement\u00a0\u00a0 pour le d\u00e9veloppement socio-\u00e9conomique de la Guin\u00e9e.<\/p>\n<p>Au cours de cette c\u00e9r\u00e9monie, l\u2019Alliance des jeunes entrepreneurs de Guin\u00e9e a \u00e9galement sign\u00e9 une convention de partenariat avec l\u2019organisation internationale pour le d\u00e9veloppement \u00e9conomique (O.I.D.E). .<\/p>\n<p>Mohamed Mounet, coordinateur de l\u2019Alliance des jeunes Entrepreneurs de Guin\u00e9e(AJEG), a d\u00e9clar\u00e9 qu\u2019il sera\u00a0\u00a0 question d\u2019accompagner le programme du Pr\u00e9sident de la R\u00e9publique, le Pr. Alpha Cond\u00e9, dans son combat pour lutter contre la pauvret\u00e9 et le ch\u00f4mage en R\u00e9publique de Guin\u00e9e.<\/p>\n<p>\u00ab L\u2019Alliance des Jeunes Entrepreneurs de Guin\u00e9e regroupe un bon nombre d\u2019entreprises qui sont pr\u00eates \u00e0 accompagner le programme du pr\u00e9sident Pr Alpha Cond\u00e9 dans la lutte contre la pauvret\u00e9 et le ch\u00f4mage. Cette Alliance des Jeunes Entrepreneurs est l\u00e0 pour toutes les entreprises qui veulent adh\u00e9rer et qui sont pr\u00eates pour appuyer l\u2019acc\u00e9l\u00e9rateur avec le Pr\u00e9sident de la R\u00e9publique et les partenaires techniques pour le d\u00e9veloppement de notre pays. Chaque entrepreneur ou chaque jeune guin\u00e9en peut participer au d\u00e9veloppement de son pays sans \u00eatre dans la fonction publique. C\u2019est une question de traiter avec les partenaires techniques et le pouvoir en place sur la question de ch\u00f4mage et de pauvret\u00e9 \u00bb, a pr\u00e9cis\u00e9 le coordinateur.<\/p>\n<p>Avant d\u2019ajouter\u00a0: \u00ab Nous avons beaucoup d\u2019activit\u00e9s et de projets sous la main donc de quelques partenaires techniques se sont donn\u00e9 d\u00e9j\u00e0 garants pour accompagner \u00e0 ex\u00e9cuter ces projets. Ce sont des projets qui sont particuli\u00e8rement li\u00e9s \u00e0 l\u2019agriculture, l\u2019\u00e9levage, la pisciculture \u00bb.<\/p>\n<p>Gabriel Curtis, Ministre en charge des investissements et de partenariat public priv\u00e9, a f\u00e9licit\u00e9 l\u2019initiative des Jeunes Entrepreneurs. Avant de souligner que le gouvernement a lanc\u00e9 plusieurs autres initiatives afin d\u2019aider ces genres d\u2019Alliance \u00e0 pouvoir b\u00e9n\u00e9ficier d\u2019opportunit\u00e9s.<\/p>\n<p>\u00ab C\u2019est une initiative louable parce qu\u2019elle permet de f\u00e9d\u00e9rer plusieurs entreprises dans une sorte de r\u00e9seau. Le gouvernement a d\u00e9cid\u00e9 pour l\u2019ann\u00e9e 2019 d\u2019augmenter son budget d\u2019investissement de 30% \u00e0 90 mille milliards qui vont \u00eatre investis \u00e0 tous les niveaux, non seulement au niveau central mais aussi au niveau local. Nous avons \u00e9galement un fonds qui va \u00eatre l\u00e0 pour soutenir l\u2019immobilier. Donc il y a plusieurs initiatives que le gouvernement a lanc\u00e9es pour aider ces genres d\u2019alliance \u00e0 pouvoir b\u00e9n\u00e9ficier d\u2019opportunit\u00e9s \u00bb, a affirm\u00e9 le ministre en charge des investissements publics et priv\u00e9s.<\/p>\n<p><strong>Sylla Ibrahima Kalil pour <a href=\"https:\/\/conakrynews.org\">www.conakrynews.org<\/a> 625444534<\/strong><img loading=\"lazy\" decoding=\"async\" class=\"alignright size-medium wp-image-2817\" src=\"https:\/\/conakrynews.org\/wp-content\/uploads\/2018\/12\/photo-alliance-375x375.jpg\" alt=\"\" width=\"375\" height=\"375\" srcset=\"https:\/\/conakrynews.org\/wp-content\/uploads\/2018\/12\/photo-alliance-375x375.jpg 375w, https:\/\/conakrynews.org\/wp-content\/uploads\/2018\/12\/photo-alliance-70x70.jpg 70w, https:\/\/conakrynews.org\/wp-content\/uploads\/2018\/12\/photo-alliance-768x768.jpg 768w, https:\/\/conakrynews.org\/wp-content\/uploads\/2018\/12\/photo-alliance.jpg 960w\" sizes=\"auto, (max-width: 375px) 100vw, 375px\" \/><\/p>\n","protected":false},"excerpt":{"rendered":"<p>&nbsp; Les membres de l\u2019Alliance des Jeunes Entrepreneurs de Guin\u00e9e (A.J.E.G) ont proc\u00e9d\u00e9 au lancement officiel des \u00a0 activit\u00e9s de ladite Alliance ce samedi 29 d\u00e9cembre 2018 dans un r\u00e9ceptif h\u00f4telier de la place. Cet \u00e9v\u00e8nement avait comme th\u00e8me \u2018\u2019les jeunes entrepreneurs avec le Pr\u00e9sident de la R\u00e9publique pour r\u00e9ussir la lutte contre la pauvret\u00e9 [&hellip;]<\/p>\n","protected":false},"author":2,"featured_media":2817,"comment_status":"open","ping_status":"open","sticky":false,"template":"","format":"standard","meta":{"footnotes":""},"categories":[1],"tags":[],"class_list":{"0":"post-2816","1":"post","2":"type-post","3":"status-publish","4":"format-standard","5":"has-post-thumbnail","7":"category-non-classe"},"_links":{"self":[{"href":"https:\/\/conakrynews.org\/index.php\/wp-json\/wp\/v2\/posts\/2816","targetHints":{"allow":["GET"]}}],"collection":[{"href":"https:\/\/conakrynews.org\/index.php\/wp-json\/wp\/v2\/posts"}],"about":[{"href":"https:\/\/conakrynews.org\/index.php\/wp-json\/wp\/v2\/types\/post"}],"author":[{"embeddable":true,"href":"https:\/\/conakrynews.org\/index.php\/wp-json\/wp\/v2\/users\/2"}],"replies":[{"embeddable":true,"href":"https:\/\/conakrynews.org\/index.php\/wp-json\/wp\/v2\/comments?post=2816"}],"version-history":[{"count":0,"href":"https:\/\/conakrynews.org\/index.php\/wp-json\/wp\/v2\/posts\/2816\/revisions"}],"wp:featuredmedia":[{"embeddable":true,"href":"https:\/\/conakrynews.org\/index.php\/wp-json\/wp\/v2\/media\/2817"}],"wp:attachment":[{"href":"https:\/\/conakrynews.org\/index.php\/wp-json\/wp\/v2\/media?parent=2816"}],"wp:term":[{"taxonomy":"category","embeddable":true,"href":"https:\/\/conakrynews.org\/index.php\/wp-json\/wp\/v2\/categories?post=2816"},{"taxonomy":"post_tag","embeddable":true,"href":"https:\/\/conakrynews.org\/index.php\/wp-json\/wp\/v2\/tags?post=2816"}],"curies":[{"name":"wp","href":"https:\/\/api.w.org\/{rel}","templated":true}]}}