{"id":2819,"date":"2019-01-03T11:06:34","date_gmt":"2019-01-03T10:06:34","guid":{"rendered":"https:\/\/conakrynews.org\/?p=2819"},"modified":"2019-01-03T11:06:34","modified_gmt":"2019-01-03T10:06:34","slug":"kaloum-aboubacar-bobodi-camara-beneficie-prix-decerne-ong-internationale","status":"publish","type":"post","link":"https:\/\/conakrynews.org\/index.php\/kaloum-aboubacar-bobodi-camara-beneficie-prix-decerne-ong-internationale\/","title":{"rendered":"Kaloum : Aboubacar Bobodi Camara  b\u00e9n\u00e9ficie un prix d\u00e9cern\u00e9 par Une ONG Internationale"},"content":{"rendered":"<p><strong>Le Lundi 31 D\u00e9cembre 2018 \u00e0 Kaloum, la Fondation Aboubacar Bobodi Camara a organis\u00e9 un grand r\u00e9veillon \u00a0qui a fait vibr\u00e9 les citoyens de la commune \u00e0 l\u2019occasion de ces f\u00eates de fin d\u2019ann\u00e9e. Ces manifestations artistiques et musicales ont permis\u00a0\u00a0 \u00e0 la population d\u2019accueillir la nouvelle ann\u00e9e dans les meilleures conditions. De nombreux artistes talentueux et d\u2019\u00e9minents groupes de rappes ont pris part \u00e0 ce concert de haut niveau\u00a0\u00a0 allant dans le sens du renforcement du tissu social, de l\u2019unit\u00e9 nationale et la paix au sein de la guin\u00e9e.<\/strong><strong><br \/>\n<\/strong><br \/>\nPrenant la parole, la Directrice de la Fondation, Mme Mabinty Fadiga,\u00a0\u00a0 a d\u00e9clar\u00e9 que\u00a0\u00a0 c\u2019est un moment privil\u00e9gi\u00e9 de communier avec la population, afin de pr\u00f4ner ensemble les v\u0153ux les meilleurs pour la qui\u00e9tude et la paix dans notre pays.<\/p>\n<p>\u00ab\u00a0Il n\u2019y a pas de soussou, ni Peulh, ni Malink\u00e9, nous sommes tous l\u00e0 pour communier dans la paix et la coh\u00e9sion sociale. La Fondation Bobodi Camara est une petite fondation pour le moment. C\u2019est pourquoi nous \u00a0demandons \u00e0 tous les Guin\u00e9ens de nous accompagner pour qu\u2019on puisse grandir. Elle ne peut pas tout faire, il faut l\u2019accompagnement de toutes les populations. Car ce que nous faisons, on le fait pour les jeunes et les femmes\u00a0de ce pays \u00bb, a fait savoir la directrice.<\/p>\n<p>A l\u2019issu de ce grand concert, Aboubacar Bobodi Camara, a b\u00e9n\u00e9fici\u00e9 un prix de l\u2019Ambassadeur de la paix en Afrique l\u2019Ouest qui lui \u00e9t\u00e9 d\u00e9cern\u00e9 une ONG Internationale.<\/p>\n<p>Surpris par ce geste, le heureux r\u00e9cipiendaire, Abopubacar Bobodi Camara souhait\u00e9 une bonne et heureuse ann\u00e9e aux Guin\u00e9ens avant de remercier les donateurs. \u00ab\u00a0Je souhaite une tr\u00e8s bonne ann\u00e9e \u00e0 toute la population de Kaloum et \u00e0 tous les Guin\u00e9ens, mais aussi \u00e0 notre cher Pr\u00e9sident Pr. Alpha Cond\u00e9. Cette organisation, je le fais chaque ann\u00e9e. Je le fais parce que je suis n\u00e9 \u00e0 Kaloum et grandi ici. J\u2019ai toujours partag\u00e9 mes peines avec la population de Kaloum. Donc j\u2019ai organis\u00e9 ce r\u00e9veillon pour permettre aux uns et aux autres de se recr\u00e9er et de ne pas se sentir abandonn\u00e9s. Je le fais parce que je ressens leurs besoins. Je me suis toujours mis \u00e0 leur place et j\u2019ai toujours pris mon temps de discuter avec eux sur divers sujets\u00a0\u00bb, a pr\u00e9cis\u00e9 le PDG de SAbou Inter.<\/p>\n<p>Fr\u00e9d\u00e9ric Loua , Ministre de la P\u00eache, de l\u2019Aquaculture et de l\u2019Economie Maritime, a d\u00e9clar\u00e9 que c\u2019est un plaisir pour lui de participer \u00e0 cette c\u00e9r\u00e9monie et de partager ce moment inoubliable avec ses compatriotes. Avant de prier pour la paix et la qui\u00e9tude sociale dans le pays.<\/p>\n<p>\u00ab\u00a0 Je profite l\u2019occasion pour souhaiter au peuple de Guin\u00e9e, une bonne et heureuse ann\u00e9e 2019. Que cette ann\u00e9e soit une ann\u00e9e de cons\u00e9cration par rapport \u00e0 tout ce que nous avons commenc\u00e9. Je sais que la volont\u00e9 des uns et des autres ne manquera pas pour soutenir les efforts du pr\u00e9sident de la R\u00e9publique. Ce sont les v\u0153ux que je peux formuler pour le peuple de Guin\u00e9e. Que \u00e7a soit une ann\u00e9e d\u2019unit\u00e9, de progr\u00e8s, d\u2019entente et de coh\u00e9sion sociale. A tous les travailleurs du secteur de la p\u00eache, qu\u2019elles ou qu\u2019ils \u00a0puissent avoir au moins des retomb\u00e9es de tout ce qu\u2019il fonts\u00a0\u00bb, a conclu le ministre.<\/p>\n<p>Sylla Ibrahima Kalil pour <a href=\"https:\/\/conakrynews.org\">www.conakrynews.org<\/a> 625444534<img loading=\"lazy\" decoding=\"async\" class=\"alignright size-medium wp-image-2821\" src=\"https:\/\/conakrynews.org\/wp-content\/uploads\/2019\/01\/bobo2-515x290.jpg\" alt=\"\" width=\"515\" height=\"290\" srcset=\"https:\/\/conakrynews.org\/wp-content\/uploads\/2019\/01\/bobo2-515x290.jpg 515w, https:\/\/conakrynews.org\/wp-content\/uploads\/2019\/01\/bobo2-768x432.jpg 768w, https:\/\/conakrynews.org\/wp-content\/uploads\/2019\/01\/bobo2.jpg 1280w\" sizes=\"auto, (max-width: 515px) 100vw, 515px\" \/><\/p>\n","protected":false},"excerpt":{"rendered":"<p>Le Lundi 31 D\u00e9cembre 2018 \u00e0 Kaloum, la Fondation Aboubacar Bobodi Camara a organis\u00e9 un grand r\u00e9veillon \u00a0qui a fait vibr\u00e9 les citoyens de la commune \u00e0 l\u2019occasion de ces f\u00eates de fin d\u2019ann\u00e9e. Ces manifestations artistiques et musicales ont permis\u00a0\u00a0 \u00e0 la population d\u2019accueillir la nouvelle ann\u00e9e dans les meilleures conditions. De nombreux artistes [&hellip;]<\/p>\n","protected":false},"author":2,"featured_media":2821,"comment_status":"open","ping_status":"open","sticky":false,"template":"","format":"standard","meta":{"footnotes":""},"categories":[1],"tags":[],"class_list":{"0":"post-2819","1":"post","2":"type-post","3":"status-publish","4":"format-standard","5":"has-post-thumbnail","7":"category-non-classe"},"_links":{"self":[{"href":"https:\/\/conakrynews.org\/index.php\/wp-json\/wp\/v2\/posts\/2819","targetHints":{"allow":["GET"]}}],"collection":[{"href":"https:\/\/conakrynews.org\/index.php\/wp-json\/wp\/v2\/posts"}],"about":[{"href":"https:\/\/conakrynews.org\/index.php\/wp-json\/wp\/v2\/types\/post"}],"author":[{"embeddable":true,"href":"https:\/\/conakrynews.org\/index.php\/wp-json\/wp\/v2\/users\/2"}],"replies":[{"embeddable":true,"href":"https:\/\/conakrynews.org\/index.php\/wp-json\/wp\/v2\/comments?post=2819"}],"version-history":[{"count":0,"href":"https:\/\/conakrynews.org\/index.php\/wp-json\/wp\/v2\/posts\/2819\/revisions"}],"wp:featuredmedia":[{"embeddable":true,"href":"https:\/\/conakrynews.org\/index.php\/wp-json\/wp\/v2\/media\/2821"}],"wp:attachment":[{"href":"https:\/\/conakrynews.org\/index.php\/wp-json\/wp\/v2\/media?parent=2819"}],"wp:term":[{"taxonomy":"category","embeddable":true,"href":"https:\/\/conakrynews.org\/index.php\/wp-json\/wp\/v2\/categories?post=2819"},{"taxonomy":"post_tag","embeddable":true,"href":"https:\/\/conakrynews.org\/index.php\/wp-json\/wp\/v2\/tags?post=2819"}],"curies":[{"name":"wp","href":"https:\/\/api.w.org\/{rel}","templated":true}]}}