{"id":2823,"date":"2019-01-06T15:38:44","date_gmt":"2019-01-06T14:38:44","guid":{"rendered":"https:\/\/conakrynews.org\/?p=2823"},"modified":"2019-01-06T15:38:44","modified_gmt":"2019-01-06T14:38:44","slug":"assemblee-generale-rgd-president-me-abdoul-kabele-camara-satisfait-de-qualite-travail-accompli-militants-sympathisants-parti","status":"publish","type":"post","link":"https:\/\/conakrynews.org\/index.php\/assemblee-generale-rgd-president-me-abdoul-kabele-camara-satisfait-de-qualite-travail-accompli-militants-sympathisants-parti\/","title":{"rendered":"Assembl\u00e9e G\u00e9n\u00e9rale du RGD : Le pr\u00e9sident Me Abdoul Kab\u00e9l\u00e8 Camara Satisfait de la qualit\u00e9 du travail accompli par  des  militants et Sympathisants du Parti"},"content":{"rendered":"<p><strong>Le huiti\u00e8me Assembl\u00e9e G\u00e9n\u00e9rale du Parti Rassemblement Guin\u00e9en pour le D\u00e9veloppement en Abr\u00e9g\u00e9 \u2018\u2019RGD\u2019\u2019 s\u2019est tenue ce Samedi 05 Janvier 2018 au si\u00e8ge dudit parti. Ladite Assembl\u00e9e g\u00e9n\u00e9rale s\u2019est d\u00e9roul\u00e9e selon l\u2019ordre du jour suivant\u00a0: Pr\u00e9sentation des v\u0153ux de nouvel an au pr\u00e9sident Me Abdoul Kabel\u00e8 Camara, la sensibilisation des membres par rapport \u00e0 l\u2019achat des cartes de membre ensuite la pr\u00e9sentation officielle des diff\u00e9rents repr\u00e9sentants de certaines d\u00e9l\u00e9gations venues de la Belgique ,des Etats Unis, de Boffa,de Coya,Kindia, For\u00e9cariah ,Macenta\u00a0\u2026 <\/strong><\/p>\n<p>Ces nombreux militants et sympathisants du RGD ,fortement mobilis\u00e9s au si\u00e8ge du parti \u00a0pour r\u00e9affirmer leur volont\u00e9 de soutenir les id\u00e9aux du Pr\u00e9sident Me Abdoul Kab\u00e9l\u00e8 Camara \u00e0 travers sa conviction de faire de la guin\u00e9e un pays \u00e9mergent et de droit si toute fois Dieu lui donnerait la chance d\u2019\u00eatre \u00e9lu en 2020 comme \u00e9tant pr\u00e9sident de la Guin\u00e9e.<\/p>\n<p>Apr\u00e8s avoir souhait\u00e9 les v\u0153ux les meilleurs au pr\u00e9sident Me Abdoul Kab\u00e9l\u00e8 et \u00e0 l\u2019ensembles des membres du RGD,Soumah Momo 2, le repr\u00e9sentant de la d\u00e9l\u00e9gation de Kindia, a d\u00e9clar\u00e9\u00a0:\u00a0\u00ab\u00a0nous avons choisi le RGD par conviction non seulement mais aussi quand son pr\u00e9sident Me Kab\u00e9l\u00e8\u00a0\u00a0 a dit non \u00e0 l\u2019ethnocentrisme et \u00e0 l\u2019impunit\u00e9 lors du lancement officiel du parti .<\/p>\n<p>\u00ab\u00a0Nous avons cr\u00e9\u00e9 un mouvement \u00e0 Kindia qui s\u2019appelle \u2018\u2019Mouvement Kabel\u00e8 N\u2019Na Noma\u2019\u2019.Je suis venu ici avec les insulaires de Tamara,de Fotoba et de Roban\u00e8.Et,\u00e0 partir du 29 janvier ,nous avons d\u00e9cid\u00e9 d\u2019organiser une c\u00e9r\u00e9monie de danses folkloriques d\u00e9nomm\u00e9es \u2018\u2019Mouvement Kab\u00e9l\u00e8 N\u2019Na Noma\u2019\u2019.Nous voulons dire au pr\u00e9sident Kabel\u00e8 qu\u2019on est enti\u00e8rement \u00e0 sa disposition pour mobiliser les populations de Kindia afin qu\u2019il soit \u00e9lu comme pr\u00e9sident de la Guin\u00e9e en 2020\u00a0\u00bb, a affirm\u00e9 le repr\u00e9sentant de la d\u00e9l\u00e9gation de Kindia.<\/p>\n<p>&nbsp;<\/p>\n<p><img loading=\"lazy\" decoding=\"async\" class=\"alignright size-medium wp-image-2824\" src=\"https:\/\/conakrynews.org\/wp-content\/uploads\/2019\/01\/Photo-rgd-iks-375x375.jpg\" alt=\"\" width=\"375\" height=\"375\" srcset=\"https:\/\/conakrynews.org\/wp-content\/uploads\/2019\/01\/Photo-rgd-iks-375x375.jpg 375w, https:\/\/conakrynews.org\/wp-content\/uploads\/2019\/01\/Photo-rgd-iks-70x70.jpg 70w, https:\/\/conakrynews.org\/wp-content\/uploads\/2019\/01\/Photo-rgd-iks-768x768.jpg 768w, https:\/\/conakrynews.org\/wp-content\/uploads\/2019\/01\/Photo-rgd-iks.jpg 960w\" sizes=\"auto, (max-width: 375px) 100vw, 375px\" \/>Venu des Etats Unis pour participer \u00e0 ce huiti\u00e8me Assembl\u00e9e du RGD,Mamady Tour\u00e9, le repr\u00e9sentant de la d\u00e9l\u00e9gation des Etats Unis, a fait savoir que le ph\u00e9nom\u00e8ne du RGD ne leur a pas laiss\u00e9 sans qu\u2019ils ne manifestent par l\u2019interm\u00e9diaire de Monsieur Bah. \u00ab\u00a0Il nous a contact\u00e9 et nous avons pris connaissance du contenu du projet de soci\u00e9t\u00e9 du parti RGD\u00a0; \u00e7a nous a int\u00e9ress\u00e9 et nous sommes en conclave \u00e0 pr\u00e9sent pour faire venir avec certain membres et sympathisants du parti en Guin\u00e9e\u00a0\u00bb, a pr\u00e9cis\u00e9 M.tour\u00e9.<\/p>\n<p>&nbsp;<\/p>\n<p>Le repr\u00e9sentant de la d\u00e9l\u00e9gation de la Belgique, a invit\u00e9 \u00e0 son tour tous les militants et sympathisants du RGD de prendre le courage et suivre Me Kab\u00e9l\u00e8 parce que le combat contre l\u2019ethnocentrisme et le r\u00e9gionalisme est une priorit\u00e9 du pr\u00e9sident Kab\u00e9l\u00e8 camara. \u00ab\u00a0Je demande \u00e0 tout le monde de pardonner la famine, le manque d\u2019eau et d\u2019\u00e9lectricit\u00e9 et de rester tr\u00e8s fid\u00e8le derri\u00e8re Me Kab\u00e9l\u00e8 jusqu\u2019en 2020 pour la victoire finale du RGD \u00e0 l\u2019\u00e9lection pr\u00e9sidentielle\u00a0\u00bb, a interpell\u00e9 les militants et sympathisants du parti.<\/p>\n<p>&nbsp;<\/p>\n<p>Satisfait de la qualit\u00e9 de cette forte mobilisation des militants et Sympathisants du \u00a0RGD,le Pr\u00e9sident Me Abdoul Kab\u00e9l\u00e8 Camara a d\u2019abord formuler ses v\u0153ux les meilleurs \u00e0 l\u2019ensembles des militants et Sympathisants du Parti RGD avant de f\u00e9liciter et encourag\u00e9 ces derniers pour le travail de qualit\u00e9 en mati\u00e8re de mobilisation des militants et sympathisants en faveur dudit parti politique.<\/p>\n<p>&nbsp;<\/p>\n<p>Apr\u00e8s avoir rendu un hommage \u00e0 la m\u00e9moire de \u2018\u2019feu\u2019\u2019 Dr Cissoko, militant du RGD et m\u00e9decin de profession, d\u00e9c\u00e9d\u00e9 r\u00e9cemment par manque d\u2019oxyg\u00e8ne \u00e0 l\u2019hopital, le Pr\u00e9sident du Parti Rassemblement Guin\u00e9en Pour le d\u00e9veloppement, Me Kab\u00e9l\u00e8 a d\u00e9clar\u00e9 aux militants. \u00ab\u00a0Je commencerais par une pens\u00e9e pieuse et m\u2019incliner devant la d\u00e9pouille de tous ceux qui ont combattu avec le RGD d\u00e8s le d\u00e9part mais qui nous ont quitt\u00e9s. Tous nos amis qui ont \u00e9t\u00e9 rappel\u00e9s \u00a0\u00e0 Dieu, que le tout puissant \u00a0repose leur en paix \u00ab\u00a0\u00bb, a-t-il d\u00e9clar\u00e9.<\/p>\n<p>&nbsp;<\/p>\n<p>&nbsp;<\/p>\n<p>Avant d\u2019ajouter\u00a0: \u00ab\u00a0A l\u2019instar de celui qu\u2019ait intervenu ici que dans leur sommeil qu\u2019il puisse voir le RGD poursuivre son chemin et aller au firmament pout atteindre l\u2019objectif celui d\u2019une vie meilleure pour \u00a0tous les guin\u00e9ens, d\u2019un bonheur pour tous les guin\u00e9ens, d\u2019une paix pour tous les guin\u00e9ens et guin\u00e9ennes, la sant\u00e9 de l\u2019\u00e9ducation pour nos enfants. Aujourd\u2019hui, nous avons entendu beaucoup de discours donc nous prions Dieu de fortifier toux ces v\u0153ux au profit de notre parti. Je ne serais pas long ce matin parce que je suis fier du travail accompli par les militants de notre parti, car dans sous peu temps vous avez pu r\u00e9aliser beaucoup de choses\u00a0\u00bb, a-t-il ajout\u00e9.<\/p>\n<p>&nbsp;<\/p>\n<p>\u00ab\u00a0Je prie Dieu quand nous allons faire l\u2019ascension je voudrais que tous ceux gravitent la montagne quand nous allons gravir la montagne\u00a0; c\u2019est-\u00e0-dire quand nous allons faire l\u2019ascension et que le travail soit accompli apr\u00e8s avoir sem\u00e9\u00a0; apr\u00e8s que dieu nous donne la bonne r\u00e9colte et que cette r\u00e9colte profite \u00e0 tous ceux nous allions voir de tr\u00e8s loin\u00a0;que ce soit redistribu\u00e9 de fa\u00e7on \u00e9quitable qui permettra \u00e0 chacun de vivre de ses fruits dans la paix ,dans le bonheur ,que le fruit soit partag\u00e9, parce que cette montagne c\u2019est l\u2019\u0153uvre de Dieu, cette montagne n\u2019est pas une \u0153uvre humaine. Cette montagne n\u2019est pas la propri\u00e9t\u00e9 exclusive d\u2019une personne, c\u2019est tout simplement une occupation ancestrale, transmise de g\u00e9n\u00e9ration en g\u00e9n\u00e9ration, c\u2019est la sieste de Dieu\u00a0\u00bb, a soulign\u00e9 le pr\u00e9sident du RGD.<\/p>\n<p>&nbsp;<\/p>\n<p>Avant d\u2019expliquer les circonstances du d\u00e9c\u00e8s de \u2018feu\u2019\u2019 Docteur Ciss\u00e9, militant du RGD, qui a rendu l\u2019\u00e2me tr\u00e8s r\u00e9cemment par manque d\u2019oxyg\u00e8ne l\u2019h\u00f4pital.<\/p>\n<p>&nbsp;<\/p>\n<p>&nbsp;<\/p>\n<p>Parlant de la crise qui mine le secteur de l\u2019\u00e9ducation en guin\u00e9e \u00e0 travers la gr\u00e8ve du SLECG(Syndicat Libre des Enseignants et Chercheurs de Guin\u00e9e),Me Kab\u00e9l\u00e9 a affirm\u00e9\u00a0:\u00a0\u00ab\u00a0Si nous rejetons aujourd\u2019hui les enseignants parce qui nous avons le pouvoir, Dieu ne fera pas avancer notre pays. M\u00eame si le pays sera en avance mais les chefs seront confront\u00e9s \u00e0 des difficult\u00e9s. Prenons l\u2019exemple sur le gouvernement Fran\u00e7ais \u00e0 travers les gilets jaunes, personne n\u2019allait savoir que des gens pouvaient se rendre \u00e0 Saints ELYSEE et mettre l\u2019incendie dans les boutiques. Mais quand le pr\u00e9sident Fran\u00e7ais,Emanuel Macron a vu la situation du pays, il avait pris assez de d\u00e9cision au pr\u00e9alable mais il a finalement d\u00e9sist\u00e9 en acceptant d\u2019\u00eatre \u00e0 l\u2019\u00e9coute de son peuple. M\u00eame si ce n\u2019\u00e9tait pas de sa volont\u00e9 mais il l\u2019a fait et c\u2019est ce qui lui a donn\u00e9 la paix du c\u0153ur aujourd\u2019hui .C\u2019est ce qu\u2019on appelle chef. Un bon chef, c\u2019est ce lui qui a le temps d\u2019\u00e9couter son peuple et agir positivement pour les satisfaire\u00a0\u00bb, a conclu le Pr\u00e9sident Me Kab\u00e9l\u00e8 Camara.<\/p>\n<p><strong>Sylla Ibrahima Kalil pour <a href=\"https:\/\/conakrynews.org\">www.conakrynews.org<\/a> 625444534<\/strong><\/p>\n<p>&nbsp;<\/p>\n<p>&nbsp;<\/p>\n<p>&nbsp;<\/p>\n","protected":false},"excerpt":{"rendered":"<p>Le huiti\u00e8me Assembl\u00e9e G\u00e9n\u00e9rale du Parti Rassemblement Guin\u00e9en pour le D\u00e9veloppement en Abr\u00e9g\u00e9 \u2018\u2019RGD\u2019\u2019 s\u2019est tenue ce Samedi 05 Janvier 2018 au si\u00e8ge dudit parti. Ladite Assembl\u00e9e g\u00e9n\u00e9rale s\u2019est d\u00e9roul\u00e9e selon l\u2019ordre du jour suivant\u00a0: Pr\u00e9sentation des v\u0153ux de nouvel an au pr\u00e9sident Me Abdoul Kabel\u00e8 Camara, la sensibilisation des membres par rapport \u00e0 l\u2019achat [&hellip;]<\/p>\n","protected":false},"author":2,"featured_media":2824,"comment_status":"open","ping_status":"open","sticky":false,"template":"","format":"standard","meta":{"footnotes":""},"categories":[1],"tags":[],"class_list":{"0":"post-2823","1":"post","2":"type-post","3":"status-publish","4":"format-standard","5":"has-post-thumbnail","7":"category-non-classe"},"_links":{"self":[{"href":"https:\/\/conakrynews.org\/index.php\/wp-json\/wp\/v2\/posts\/2823","targetHints":{"allow":["GET"]}}],"collection":[{"href":"https:\/\/conakrynews.org\/index.php\/wp-json\/wp\/v2\/posts"}],"about":[{"href":"https:\/\/conakrynews.org\/index.php\/wp-json\/wp\/v2\/types\/post"}],"author":[{"embeddable":true,"href":"https:\/\/conakrynews.org\/index.php\/wp-json\/wp\/v2\/users\/2"}],"replies":[{"embeddable":true,"href":"https:\/\/conakrynews.org\/index.php\/wp-json\/wp\/v2\/comments?post=2823"}],"version-history":[{"count":0,"href":"https:\/\/conakrynews.org\/index.php\/wp-json\/wp\/v2\/posts\/2823\/revisions"}],"wp:featuredmedia":[{"embeddable":true,"href":"https:\/\/conakrynews.org\/index.php\/wp-json\/wp\/v2\/media\/2824"}],"wp:attachment":[{"href":"https:\/\/conakrynews.org\/index.php\/wp-json\/wp\/v2\/media?parent=2823"}],"wp:term":[{"taxonomy":"category","embeddable":true,"href":"https:\/\/conakrynews.org\/index.php\/wp-json\/wp\/v2\/categories?post=2823"},{"taxonomy":"post_tag","embeddable":true,"href":"https:\/\/conakrynews.org\/index.php\/wp-json\/wp\/v2\/tags?post=2823"}],"curies":[{"name":"wp","href":"https:\/\/api.w.org\/{rel}","templated":true}]}}