{"id":2827,"date":"2019-01-08T21:29:57","date_gmt":"2019-01-08T20:29:57","guid":{"rendered":"https:\/\/conakrynews.org\/?p=2827"},"modified":"2019-01-08T21:29:57","modified_gmt":"2019-01-08T20:29:57","slug":"conakry-tenue-dune-reunion-de-reflexion-securite-maritime","status":"publish","type":"post","link":"https:\/\/conakrynews.org\/index.php\/conakry-tenue-dune-reunion-de-reflexion-securite-maritime\/","title":{"rendered":"Conakry : Tenue d\u2019une r\u00e9union de r\u00e9flexion  sur   la s\u00e9curit\u00e9 maritime"},"content":{"rendered":"<p>&nbsp;<\/p>\n<p><strong>Les locaux de la Pr\u00e9fecture maritime ont abrit\u00e9\u00a0\u00a0 ce mardi 08 janvier 2019, \u00e0 une r\u00e9union de concertation entre des acteurs qui s\u2019occupent des questions maritimes afin de prendre mesures s\u00e9curitaires ad\u00e9quats pour \u00e9viter l\u2019exemple du drame suite au naufrage qui s\u2019est produit le 01 janvier dernier sur les \u00eeles de Loos. <\/strong><\/p>\n<p>Apr\u00e8s plusieurs heures de d\u00e9bat, entres des agents de la pr\u00e9fecture maritime , des cadres du minist\u00e8re de l\u2019h\u00f4tellerie et duntourisme,de la police et de la gendaremerie,de Fmaco, les repr\u00e9sentants des ports de d\u00e9barcad\u00e8re, des cadres de la Soci\u00e9t\u00e9 Navale de Guin\u00e9e ,de l\u2019ANAM,trois commissions ont \u00e9t\u00e9 mises place \u00e0 savoir\u00a0: la commission charg\u00e9e des plages ,la commission charg\u00e9e de la travers\u00e9 et la Commission de synth\u00e8ses\u00a0\u00a0 dans le souci de trouver des voies et moyens afin d\u2019\u00e9viter \u00e0 d\u2019\u00e9ventuelles trag\u00e9dies \u00a0sur la mer.<\/p>\n<p>&nbsp;<\/p>\n<p>N\u2019Famara Diomand\u00e9, pr\u00e9fet maritime, a d\u00e9clar\u00e9 par la suite que les deux commissions mises en place ont des t\u00e2ches d\u00e9j\u00e0 bien identifi\u00e9es. \u00ab\u00a0<em>Le recensement des plages, l\u2019identification des postes d\u2019embarquement, le recensement des barques de transport, la r\u00e9glementation en mati\u00e8re d\u2019embarquement, la r\u00e9glementation au niveau des plages (les produits \u00e0 vendre, le mode d\u2019habillement\u00a0\u00bb, a fait savoir <\/em>le pr\u00e9fet maritime<\/p>\n<p>&nbsp;<\/p>\n<p>La plupart des participants dans leur intervention, ont sollicit\u00e9\u00a0\u00a0 comme propositions concr\u00e8tes\u00a0: De faire enregistrer des passagers avant l\u2019embarquement, le renforcement de la s\u00e9curit\u00e9 et la mise en place des \u00e9quipes de surveillance maritime.<\/p>\n<p>&nbsp;<\/p>\n<p>A noter que les membres des diff\u00e9rentes commissions de travail feront des s\u00e9ances de travaux pour des r\u00e9flexions positives afin de trouver des solutions idoines avant la prochaines r\u00e9union pr\u00e9vue pour le mardi 15 janvier 2019.<\/p>\n<p><strong>Sylla Ibrahima Kalil pour <a href=\"https:\/\/conakrynews.org\">www.conakrynews.org<\/a> 625444534<\/strong><img loading=\"lazy\" decoding=\"async\" class=\"alignright size-medium wp-image-2828\" src=\"https:\/\/conakrynews.org\/wp-content\/uploads\/2019\/01\/photo-pr\u00e9fecture-maritime-375x375.jpg\" alt=\"\" width=\"375\" height=\"375\" srcset=\"https:\/\/conakrynews.org\/wp-content\/uploads\/2019\/01\/photo-pr\u00e9fecture-maritime-375x375.jpg 375w, https:\/\/conakrynews.org\/wp-content\/uploads\/2019\/01\/photo-pr\u00e9fecture-maritime-70x70.jpg 70w, https:\/\/conakrynews.org\/wp-content\/uploads\/2019\/01\/photo-pr\u00e9fecture-maritime-768x768.jpg 768w, https:\/\/conakrynews.org\/wp-content\/uploads\/2019\/01\/photo-pr\u00e9fecture-maritime.jpg 960w\" sizes=\"auto, (max-width: 375px) 100vw, 375px\" \/><\/p>\n","protected":false},"excerpt":{"rendered":"<p>&nbsp; Les locaux de la Pr\u00e9fecture maritime ont abrit\u00e9\u00a0\u00a0 ce mardi 08 janvier 2019, \u00e0 une r\u00e9union de concertation entre des acteurs qui s\u2019occupent des questions maritimes afin de prendre mesures s\u00e9curitaires ad\u00e9quats pour \u00e9viter l\u2019exemple du drame suite au naufrage qui s\u2019est produit le 01 janvier dernier sur les \u00eeles de Loos. Apr\u00e8s plusieurs [&hellip;]<\/p>\n","protected":false},"author":2,"featured_media":2828,"comment_status":"open","ping_status":"open","sticky":false,"template":"","format":"standard","meta":{"footnotes":""},"categories":[1],"tags":[],"class_list":{"0":"post-2827","1":"post","2":"type-post","3":"status-publish","4":"format-standard","5":"has-post-thumbnail","7":"category-non-classe"},"_links":{"self":[{"href":"https:\/\/conakrynews.org\/index.php\/wp-json\/wp\/v2\/posts\/2827","targetHints":{"allow":["GET"]}}],"collection":[{"href":"https:\/\/conakrynews.org\/index.php\/wp-json\/wp\/v2\/posts"}],"about":[{"href":"https:\/\/conakrynews.org\/index.php\/wp-json\/wp\/v2\/types\/post"}],"author":[{"embeddable":true,"href":"https:\/\/conakrynews.org\/index.php\/wp-json\/wp\/v2\/users\/2"}],"replies":[{"embeddable":true,"href":"https:\/\/conakrynews.org\/index.php\/wp-json\/wp\/v2\/comments?post=2827"}],"version-history":[{"count":0,"href":"https:\/\/conakrynews.org\/index.php\/wp-json\/wp\/v2\/posts\/2827\/revisions"}],"wp:featuredmedia":[{"embeddable":true,"href":"https:\/\/conakrynews.org\/index.php\/wp-json\/wp\/v2\/media\/2828"}],"wp:attachment":[{"href":"https:\/\/conakrynews.org\/index.php\/wp-json\/wp\/v2\/media?parent=2827"}],"wp:term":[{"taxonomy":"category","embeddable":true,"href":"https:\/\/conakrynews.org\/index.php\/wp-json\/wp\/v2\/categories?post=2827"},{"taxonomy":"post_tag","embeddable":true,"href":"https:\/\/conakrynews.org\/index.php\/wp-json\/wp\/v2\/tags?post=2827"}],"curies":[{"name":"wp","href":"https:\/\/api.w.org\/{rel}","templated":true}]}}