{"id":28270,"date":"2024-07-01T14:02:55","date_gmt":"2024-07-01T14:02:55","guid":{"rendered":"https:\/\/conakrynews.org\/?p=28270"},"modified":"2024-07-01T14:02:55","modified_gmt":"2024-07-01T14:02:55","slug":"guinee-karate-vers-lorganisation-du-championnat-dafrique-de-la-region","status":"publish","type":"post","link":"https:\/\/conakrynews.org\/index.php\/guinee-karate-vers-lorganisation-du-championnat-dafrique-de-la-region\/","title":{"rendered":"Guin\u00e9e\/Karat\u00e9: vers l\u2019organisation du championnat d\u2019Afrique de la R\u00e9gion"},"content":{"rendered":"<p>La Guin\u00e9e abritera du 3 au 7 Juillet 2024, le championnat d\u2019Afrique de Karat\u00e9 de la R\u00e9gion 1 au palais des sports sis dans la cour du stade du 28 septembre de Conakry.<br \/>\nCette annonce a \u00e9t\u00e9 faite samedi 29 juin 2024 par le pr\u00e9sident de la F\u00e9d\u00e9ration Guin\u00e9enne de Karat\u00e9 lors d\u2019une conf\u00e9rence de presse au si\u00e8ge de l\u2019institution.<br \/>\nDans sa communication, le pr\u00e9sident de la f\u00e9d\u00e9ration guin\u00e9enne de Karat\u00e9, Maitre Cheick Cond\u00e9, a rassur\u00e9 que l\u2019association qu\u2019il pr\u00e9side est pr\u00eate \u00e0 recevoir les sept pays dont la Guin\u00e9e qui composent la R\u00e9gion 1 pour cette comp\u00e9tition.Poir lui, l\u2019une des particularit\u00e9s de cette \u00e9dition que Conakry va accueillir c\u2019est la formation des arbitres continentaux.<br \/>\n\u00ab Ils vont \u00eatre des arbitres qui vont officier \u00e0 l\u2019international. Donc, ceux-l\u00e0 qui n\u2019ont pas la possibilit\u00e9 de voyager, saisiront cette opportunit\u00e9 \u00bb,a-t-il precis\u00e9.<\/p>\n<p>En termes de pr\u00e9paration concernant les \u00e9quipes guin\u00e9ennes, le pr\u00e9sident de la f\u00e9d\u00e9ration a rassur\u00e9 que l\u2019\u00e9quipe guin\u00e9enne est pr\u00eate \u00e0 100%.<\/p>\n<p>\u00ab En pr\u00e9lude de cette comp\u00e9tition, la f\u00e9d\u00e9ration avec son DTN a mis en place une s\u00e9rie de pr\u00e9paration dont la pr\u00e9s\u00e9lection qui nous a amen\u00e9 \u00e0 un nombre que nous avons ici. Les pr\u00e9parations se poursuivent \u00bb, ajoute Maitre Cheick cond\u00e9.<\/p>\n<p>Pour finir, il a expliqu\u00e9 que ce championnat d\u2019Afrique de la R\u00e9gion 1 se jouera en s\u00e9ries Dames et Hommes dans les cat\u00e9gories cadette, juniors et seniors et il regroupera pr\u00e8s de 250 athl\u00e8tes provenant de la R\u00e9gion 1 notamment : la Guin\u00e9e, le S\u00e9n\u00e9gal, le Mali, la Gambie, la Guin\u00e9e Bissau, la Sierra Leone et le Cap Vert.<\/p>\n<p>Ibrahima Limbita Camara<\/p>\n","protected":false},"excerpt":{"rendered":"<p>La Guin\u00e9e abritera du 3 au 7 Juillet 2024, le championnat d\u2019Afrique de Karat\u00e9 de la R\u00e9gion 1 au palais des sports sis dans la cour du stade du 28 septembre de Conakry. Cette annonce a \u00e9t\u00e9 faite samedi 29 juin 2024 par le pr\u00e9sident de la F\u00e9d\u00e9ration Guin\u00e9enne de Karat\u00e9 lors d\u2019une conf\u00e9rence de [&hellip;]<\/p>\n","protected":false},"author":2,"featured_media":28271,"comment_status":"closed","ping_status":"closed","sticky":false,"template":"","format":"standard","meta":{"footnotes":""},"categories":[64],"tags":[],"class_list":{"0":"post-28270","1":"post","2":"type-post","3":"status-publish","4":"format-standard","5":"has-post-thumbnail","7":"category-sport"},"_links":{"self":[{"href":"https:\/\/conakrynews.org\/index.php\/wp-json\/wp\/v2\/posts\/28270","targetHints":{"allow":["GET"]}}],"collection":[{"href":"https:\/\/conakrynews.org\/index.php\/wp-json\/wp\/v2\/posts"}],"about":[{"href":"https:\/\/conakrynews.org\/index.php\/wp-json\/wp\/v2\/types\/post"}],"author":[{"embeddable":true,"href":"https:\/\/conakrynews.org\/index.php\/wp-json\/wp\/v2\/users\/2"}],"replies":[{"embeddable":true,"href":"https:\/\/conakrynews.org\/index.php\/wp-json\/wp\/v2\/comments?post=28270"}],"version-history":[{"count":0,"href":"https:\/\/conakrynews.org\/index.php\/wp-json\/wp\/v2\/posts\/28270\/revisions"}],"wp:featuredmedia":[{"embeddable":true,"href":"https:\/\/conakrynews.org\/index.php\/wp-json\/wp\/v2\/media\/28271"}],"wp:attachment":[{"href":"https:\/\/conakrynews.org\/index.php\/wp-json\/wp\/v2\/media?parent=28270"}],"wp:term":[{"taxonomy":"category","embeddable":true,"href":"https:\/\/conakrynews.org\/index.php\/wp-json\/wp\/v2\/categories?post=28270"},{"taxonomy":"post_tag","embeddable":true,"href":"https:\/\/conakrynews.org\/index.php\/wp-json\/wp\/v2\/tags?post=28270"}],"curies":[{"name":"wp","href":"https:\/\/api.w.org\/{rel}","templated":true}]}}