{"id":28285,"date":"2024-07-04T11:39:00","date_gmt":"2024-07-04T11:39:00","guid":{"rendered":"https:\/\/conakrynews.org\/?p=28285"},"modified":"2024-07-04T11:39:00","modified_gmt":"2024-07-04T11:39:00","slug":"football-le-capitaine-de-lequipe-nationale-malienne-suspendu-pour-rebellion","status":"publish","type":"post","link":"https:\/\/conakrynews.org\/index.php\/football-le-capitaine-de-lequipe-nationale-malienne-suspendu-pour-rebellion\/","title":{"rendered":"FOOTBALL: Le capitaine de l\u2019\u00e9quipe nationale malienne suspendu pour r\u00e9bellion"},"content":{"rendered":"<p>La F\u00e9d\u00e9ration malienne a prononc\u00e9 la suspension du capitaine de la s\u00e9lection Hamari Traor\u00e9, apr\u00e8s la publication d\u2019une lettre critiquant durement la gestion du football national, a dit un responsable mardi.<\/p>\n<p>Hamari Traor\u00e9, qui joue en Liga espagnole \u00e0 la Real Sociedad, fait partie des joueurs de la s\u00e9lection qui ont publi\u00e9 en juin une lettre dans laquelle ils d\u00e9plorent l\u2019absence de r\u00e9sultats depuis des ann\u00e9es, la \u00ab mauvaise gestion \u00bb de leur sport par leurs dirigeants et le manque de professionnalisme de ces derniers.<\/p>\n<p>Les joueurs y menacent de boycotter la s\u00e9lection si leurs dirigeants ne rem\u00e9dient pas \u00e0 la crise que traverse selon eux le football malien. La lettre destin\u00e9e aux supporteurs a fait grand bruit au Mali. La commission disciplinaire a convoqu\u00e9 Hamari Traor\u00e9, qui n\u2019a pas r\u00e9pondu.<\/p>\n<p>Le comit\u00e9 ex\u00e9cutif de la f\u00e9d\u00e9ration s\u2019est r\u00e9uni le 27 juin et a d\u00e9cid\u00e9 de suspendre le joueur de toutes les s\u00e9lections \u00ab pour manquement \u00e0 l\u2019honneur et \u00e0 la dignit\u00e9, incitation et fronde contre l\u2019\u00e9quipe nationale et le football malien \u00bb, a dit \u00e0 l\u2019AFP un responsable sous le couvert de l\u2019anonymat. Cette mesure est prononc\u00e9e \u00ab \u00e0 titre conservatoire \u00bb en attendant que la proc\u00e9dure soit transmise \u00e0 la commission de discipline, a-t-il pr\u00e9cis\u00e9.<\/p>\n<p>Le Mali, \u00e9limin\u00e9 en quarts de finale de la CAN-2024, est seulement quatri\u00e8me du groupe I des qualifications pour le Mondial-2026 avec une victoire, deux nuls et une d\u00e9faite. Les Maliens restent sur un nul 0-0 \u00e0 Madagascar en juin, bien qu\u2019en sup\u00e9riorit\u00e9 num\u00e9rique une grande partie du match. Les joueurs n\u2019\u00e9taient arriv\u00e9s \u00e0 destination \u00e0 l\u2019autre bout de l\u2019Afrique que quelques heures avant la rencontre apr\u00e8s plusieurs reports de vol, selon diff\u00e9rents m\u00e9dias.<\/p>\n<p>La f\u00e9d\u00e9ration a annonc\u00e9 le 13 juin mettre fin aux fonctions de l\u2019entra\u00eeneur national Eric S\u00e9kou Chelle.<\/p>\n<p>Avec AFP<\/p>\n","protected":false},"excerpt":{"rendered":"<p>La F\u00e9d\u00e9ration malienne a prononc\u00e9 la suspension du capitaine de la s\u00e9lection Hamari Traor\u00e9, apr\u00e8s la publication d\u2019une lettre critiquant durement la gestion du football national, a dit un responsable mardi. Hamari Traor\u00e9, qui joue en Liga espagnole \u00e0 la Real Sociedad, fait partie des joueurs de la s\u00e9lection qui ont publi\u00e9 en juin une [&hellip;]<\/p>\n","protected":false},"author":2,"featured_media":28286,"comment_status":"closed","ping_status":"closed","sticky":false,"template":"","format":"standard","meta":{"footnotes":""},"categories":[64],"tags":[],"class_list":{"0":"post-28285","1":"post","2":"type-post","3":"status-publish","4":"format-standard","5":"has-post-thumbnail","7":"category-sport"},"_links":{"self":[{"href":"https:\/\/conakrynews.org\/index.php\/wp-json\/wp\/v2\/posts\/28285","targetHints":{"allow":["GET"]}}],"collection":[{"href":"https:\/\/conakrynews.org\/index.php\/wp-json\/wp\/v2\/posts"}],"about":[{"href":"https:\/\/conakrynews.org\/index.php\/wp-json\/wp\/v2\/types\/post"}],"author":[{"embeddable":true,"href":"https:\/\/conakrynews.org\/index.php\/wp-json\/wp\/v2\/users\/2"}],"replies":[{"embeddable":true,"href":"https:\/\/conakrynews.org\/index.php\/wp-json\/wp\/v2\/comments?post=28285"}],"version-history":[{"count":0,"href":"https:\/\/conakrynews.org\/index.php\/wp-json\/wp\/v2\/posts\/28285\/revisions"}],"wp:featuredmedia":[{"embeddable":true,"href":"https:\/\/conakrynews.org\/index.php\/wp-json\/wp\/v2\/media\/28286"}],"wp:attachment":[{"href":"https:\/\/conakrynews.org\/index.php\/wp-json\/wp\/v2\/media?parent=28285"}],"wp:term":[{"taxonomy":"category","embeddable":true,"href":"https:\/\/conakrynews.org\/index.php\/wp-json\/wp\/v2\/categories?post=28285"},{"taxonomy":"post_tag","embeddable":true,"href":"https:\/\/conakrynews.org\/index.php\/wp-json\/wp\/v2\/tags?post=28285"}],"curies":[{"name":"wp","href":"https:\/\/api.w.org\/{rel}","templated":true}]}}