{"id":28475,"date":"2024-07-17T20:18:15","date_gmt":"2024-07-17T20:18:15","guid":{"rendered":"https:\/\/conakrynews.org\/?p=28475"},"modified":"2024-07-17T20:18:15","modified_gmt":"2024-07-17T20:18:15","slug":"football-mon-reve-est-devenu-realite-mbappe-accueilli-en-superstar-au-real-madrid","status":"publish","type":"post","link":"https:\/\/conakrynews.org\/index.php\/football-mon-reve-est-devenu-realite-mbappe-accueilli-en-superstar-au-real-madrid\/","title":{"rendered":"Football: \u00ab Mon r\u00eave est devenu r\u00e9alit\u00e9\u00bb, Mbapp\u00e9 accueilli en superstar au Real Madrid"},"content":{"rendered":"<p>L\u2019attaquant fran\u00e7ais a sign\u00e9 un contrat jusqu\u2019en 2029 avec son nouveau club, le Real Madrid, mardi 16 juillet 2024. Kylian Mbapp\u00e9, n\u00b09 dans le dos, a \u00e9t\u00e9 pr\u00e9sent\u00e9 aux 80 000 spectateurs venus pour lui au stade Santiago-Bernabeu. Une nouvelle aventure commence pour lui.<\/p>\n<p>Le mariage attendu depuis tant d\u2019ann\u00e9es s\u2019est enfin concr\u00e9tis\u00e9. Courtis\u00e9 depuis l\u2019adolescence par le Real Madrid, un club qu\u2019il admire lui-m\u00eame, Kylian Mbapp\u00e9 a rejoint pour de bon le g\u00e9ant espagnol. Apr\u00e8s avoir annonc\u00e9, le 3 juin, que son futur s\u2019\u00e9crirait au sein de la Maison Blanche, le Fran\u00e7ais a paraph\u00e9 son contrat et a \u00e9t\u00e9 pr\u00e9sent\u00e9 \u00e0 Madrid ce 16 juillet \u00e0 la mi-journ\u00e9e.<\/p>\n<p>Comme lors des arriv\u00e9es d\u2019autres grands joueurs auparavant, le club merengue a mis les petits plats dans les grands. Dans un stade Santiago-Bernabeu remis \u00e0 neuf ces derni\u00e8res ann\u00e9es, 80 000 spectateurs ont garni les tribunes pour applaudir leur nouveau joyau. Florentino P\u00e9rez, le surpuissant pr\u00e9sident du Real Madrid, \u00e9tait bien s\u00fbr pr\u00e9sent.<\/p>\n<p>Et demi-surprise : Zin\u00e9dine Zidane, l\u2019idole de Kylian Mbapp\u00e9, a, lui aussi, particip\u00e9 \u00e0 la grande f\u00eate. Joueur mythique de 2001 \u00e0 2006, puis entra\u00eeneur \u00e0 succ\u00e8s entre 2016 et 2018 et entre 2019 et 2021, Zidane a accueilli chaleureusement le buteur.<\/p>\n<p>\u00ab Ma vie pour ce club, cet \u00e9cusson \u00bb<\/p>\n<p>Vers 12h45 (heure locale), les supporters ont applaudi \u00e0 tout rompre quand Kylian Mbapp\u00e9, v\u00eatu de la tunique blanche madril\u00e8ne, est entr\u00e9 sur la pelouse. Habitu\u00e9 \u00e0 porter principalement le n\u00b07 au PSG et le n\u00b010 en \u00e9quipe de France, l\u2019enfant de Bondy h\u00e9rite du n\u00b09 au Real, le n\u00b07 et le n\u00b010 \u00e9tant port\u00e9s respectivement par Vinicius et Luka Modric. Invit\u00e9 \u00e0 prendre la parole, le n\u00e9o-Madril\u00e8ne, polyglotte depuis longtemps, s\u2019est exprim\u00e9 dans un espagnol impeccable.<\/p>\n<p>\u00ab Wow\u2026 C\u2019est incroyable d\u2019\u00eatre ici. J\u2019ai r\u00eav\u00e9 pendant des ann\u00e9es de jouer pour le Real Madrid et aujourd\u2019hui mon r\u00eave est devenu r\u00e9alit\u00e9. Je suis un gar\u00e7on heureux \u00bb, a d\u00e9clar\u00e9 le champion du monde 2018, sous les regards \u00e9mus et fiers de ses parents, Fayza Lamari et Wilfried Mbapp\u00e9. Kylian Mbapp\u00e9 a remerci\u00e9 toutes les personnes ayant rendu possible son arriv\u00e9e, notamment Florentino P\u00e9rez, et a confi\u00e9 l\u2019autre r\u00eave qu\u2019il nourrit : \u00ab \u00catre \u00e0 la hauteur de l\u2019histoire de ce club. \u00bb<\/p>\n<p>\u00ab Je vais donner ma vie pour ce club et cet \u00e9cusson. Je suis fier de r\u00e9aliser mon r\u00eave et de devenir un joueur du meilleur club de l\u2019histoire du football \u00bb, a insist\u00e9 le d\u00e9sormais ex-Parisien, qui rejoint ses compatriotes Ferland Mendy, Eduardo Camavinga et Aur\u00e9lien Tchouam\u00e9ni.<\/p>\n<p>Les d\u00e9buts de Mbapp\u00e9 au Real ne sont pas pour tout de suite. Apr\u00e8s l\u2019Euro 2024 o\u00f9 il a atteint les demi-finales bien qu\u2019il soit pass\u00e9 \u00e0 c\u00f4t\u00e9 de sa comp\u00e9tition \u00e0 titre personnel (un seul but marqu\u00e9 sur penalty), le capitaine de l\u2019\u00e9quipe de France va b\u00e9n\u00e9ficier de quelques jours de repos suppl\u00e9mentaires. Les socios madril\u00e8nes vont devoir patienter encore un peu avant de voir le ph\u00e9nom\u00e8ne \u00e0 l\u2019\u0153uvre. Apr\u00e8s des derniers mois compliqu\u00e9s et moins brillants, Kylian Mbapp\u00e9 se sait attendu au tournant au Real. \u00c0 25 ans, le voil\u00e0 \u00e0 un tournant dans sa carri\u00e8re. Les yeux du monde braqu\u00e9s sur lui, l\u2019attaquant acc\u00e8de \u00e0 une nouvelle dimension.<\/p>\n<p>Mbapp\u00e9 au Real Madrid: \u00abIci, il faut toujours gagner\u00bb, pr\u00e9vient Fernando Morientes<\/p>\n<p>Pass\u00e9 par l\u2019AS Monaco et par le Real Madrid, o\u00f9 il a \u00e9galement port\u00e9 le n\u00b09 pendant longtemps, Fernando Morientes s\u2019est confi\u00e9, au micro de Pierre Chaperon dans la capitale espagnole pour RFI, au sujet de l\u2019arriv\u00e9e de Kylian Mbapp\u00e9 chez les Merengue. \u00ab Quand vous portez le maillot du Real Madrid, c\u2019est une pression suppl\u00e9mentaire. Ici, il ne suffit pas de faire match nul, il faut toujours gagner \u00bb, pr\u00e9vient l\u2019ex-international espagnol.<\/p>\n<p>\u00ab Et le probl\u00e8me, quand vous rejoignez le Real Madrid, c\u2019est que l\u2019histoire p\u00e8se beaucoup sur vous. Si vous faites une mauvaise ann\u00e9e, \u00e7a sera difficile d\u2019en profiter, mais si vous \u00eates bon, c\u2019est le contraire. Vous comprenez alors l\u2019affection et la passion des supporters pour le foot \u00bb, poursuit Fernando Morientes, qui salue \u00ab la bonne gestion du pr\u00e9sident \u00bb Florentino P\u00e9rez \u00ab parce qu\u2019il n\u2019est pas facile de faire signer un crack comme Mbapp\u00e9 \u00bb.<\/p>\n<p>Avec RFI<\/p>\n","protected":false},"excerpt":{"rendered":"<p>L\u2019attaquant fran\u00e7ais a sign\u00e9 un contrat jusqu\u2019en 2029 avec son nouveau club, le Real Madrid, mardi 16 juillet 2024. Kylian Mbapp\u00e9, n\u00b09 dans le dos, a \u00e9t\u00e9 pr\u00e9sent\u00e9 aux 80 000 spectateurs venus pour lui au stade Santiago-Bernabeu. Une nouvelle aventure commence pour lui. Le mariage attendu depuis tant d\u2019ann\u00e9es s\u2019est enfin concr\u00e9tis\u00e9. Courtis\u00e9 depuis [&hellip;]<\/p>\n","protected":false},"author":2,"featured_media":28476,"comment_status":"closed","ping_status":"closed","sticky":false,"template":"","format":"standard","meta":{"footnotes":""},"categories":[64],"tags":[],"class_list":{"0":"post-28475","1":"post","2":"type-post","3":"status-publish","4":"format-standard","5":"has-post-thumbnail","7":"category-sport"},"_links":{"self":[{"href":"https:\/\/conakrynews.org\/index.php\/wp-json\/wp\/v2\/posts\/28475","targetHints":{"allow":["GET"]}}],"collection":[{"href":"https:\/\/conakrynews.org\/index.php\/wp-json\/wp\/v2\/posts"}],"about":[{"href":"https:\/\/conakrynews.org\/index.php\/wp-json\/wp\/v2\/types\/post"}],"author":[{"embeddable":true,"href":"https:\/\/conakrynews.org\/index.php\/wp-json\/wp\/v2\/users\/2"}],"replies":[{"embeddable":true,"href":"https:\/\/conakrynews.org\/index.php\/wp-json\/wp\/v2\/comments?post=28475"}],"version-history":[{"count":0,"href":"https:\/\/conakrynews.org\/index.php\/wp-json\/wp\/v2\/posts\/28475\/revisions"}],"wp:featuredmedia":[{"embeddable":true,"href":"https:\/\/conakrynews.org\/index.php\/wp-json\/wp\/v2\/media\/28476"}],"wp:attachment":[{"href":"https:\/\/conakrynews.org\/index.php\/wp-json\/wp\/v2\/media?parent=28475"}],"wp:term":[{"taxonomy":"category","embeddable":true,"href":"https:\/\/conakrynews.org\/index.php\/wp-json\/wp\/v2\/categories?post=28475"},{"taxonomy":"post_tag","embeddable":true,"href":"https:\/\/conakrynews.org\/index.php\/wp-json\/wp\/v2\/tags?post=28475"}],"curies":[{"name":"wp","href":"https:\/\/api.w.org\/{rel}","templated":true}]}}