{"id":28479,"date":"2024-07-18T10:57:16","date_gmt":"2024-07-18T10:57:16","guid":{"rendered":"https:\/\/conakrynews.org\/?p=28479"},"modified":"2024-07-18T10:57:16","modified_gmt":"2024-07-18T10:57:16","slug":"etats-unis-teste-positif-au-covid-joe-biden-assure-quil-va-bien","status":"publish","type":"post","link":"https:\/\/conakrynews.org\/index.php\/etats-unis-teste-positif-au-covid-joe-biden-assure-quil-va-bien\/","title":{"rendered":"\u00c9TATS-UNIS: Test\u00e9 positif au Covid, Joe Biden assure qu\u2019il va \u00ab bien \u00bb"},"content":{"rendered":"<p>Le pr\u00e9sident am\u00e9ricain Joe Biden a dit se sentir bien mercredi apr\u00e8s avoir \u00e9t\u00e9 test\u00e9 positif au Covid-19 lors d\u2019un d\u00e9placement de campagne dans le Nevada.<\/p>\n<p>\u00ab Je me sens bien\u00ab , a d\u00e9clar\u00e9 le d\u00e9mocrate de 81 ans au moment de monter dans l\u2019avion pr\u00e9sidentiel \u00ab Air Force One\u00ab .<\/p>\n<p>Depuis son d\u00e9bat contre Donald Trump fin juin, les doutes sur la sant\u00e9 du pr\u00e9sident am\u00e9ricain, \u00e2g\u00e9 de 81 ans, ont pouss\u00e9 une vingtaine d\u2019\u00e9lus d\u00e9mocrates \u00e0 l\u2019appeler \u00e0 se retirer de la course \u00e0 l\u2019\u00e9lection pr\u00e9sidentielle de novembre.<\/p>\n<p>Si la tentative d\u2019assassinat de Donald Trump samedi lui avait accord\u00e9 un petit r\u00e9pit, les appels ont repris mercredi avec l\u2019influent \u00e9lu de Californie Adam Schiff.<\/p>\n<p>C\u2019est dans ce contexte tendu que \u00ab plus t\u00f4t dans la journ\u00e9e (mercredi), apr\u00e8s un premier \u00e9v\u00e9nement (de campagne) \u00e0 Las Vegas, le pr\u00e9sident Biden a \u00e9t\u00e9 test\u00e9 positif \u00bb, a indiqu\u00e9 sa porte-parole Karine Jean-Pierre dans un communiqu\u00e9 de la Maison Blanche.<\/p>\n<p>\u00ab Je me sens bien \u00bb, a d\u00e9clar\u00e9 le d\u00e9mocrate de 81 ans \u00e0 des journalistes au moment de monter dans l\u2019avion pr\u00e9sidentiel \u00ab Air Force One \u00bb.<\/p>\n<p>Le pr\u00e9sident, \u00ab compl\u00e8tement vaccin\u00e9 \u00bb, souffre de \u00ab sympt\u00f4mes l\u00e9gers \u00bb et observera une p\u00e9riode d\u2019isolation dans son fief du Delaware, a pr\u00e9cis\u00e9 la Maison Blanche.<\/p>\n<p>\u00ab Il continuera \u00e0 exercer pleinement ses fonctions \u00bb pendant cette p\u00e9riode d\u2019isolation, a pr\u00e9cis\u00e9 sa porte-parole, indiquant que des informations r\u00e9guli\u00e8res seront fournies sur l\u2019\u00e9tat de sant\u00e9 du pr\u00e9sident.<\/p>\n<p>Le communiqu\u00e9 est compl\u00e9t\u00e9 par une note du m\u00e9decin du pr\u00e9sident expliquant que celui-ci pr\u00e9sentait dans l\u2019apr\u00e8s-midi des \u00ab sympt\u00f4mes au niveau des voies respiratoires sup\u00e9rieures, incluant le nez qui coule et une toux s\u00e8che \u00bb.<\/p>\n<p>\u00ab Ces sympt\u00f4mes restent l\u00e9gers et sa fr\u00e9quence respiratoire normale \u00bb tout comme sa temp\u00e9rature, est-il pr\u00e9cis\u00e9. Le pr\u00e9sident a \u00ab re\u00e7u sa premi\u00e8re dose de Paxlovid \u00bb, un traitement antiviral.<\/p>\n<p>Sa venue aux \u00e9v\u00e9nements de campagne pr\u00e9vus \u00e0 Las Vegas a \u00e9t\u00e9 annul\u00e9e.<\/p>\n<p>\u00ab J\u2019\u00e9tais au t\u00e9l\u00e9phone avec le pr\u00e9sident Biden qui m\u2019a fait part de sa d\u00e9ception de ne pas pouvoir se joindre \u00e0 nous cet apr\u00e8s-midi \u00bb, a d\u00e9clar\u00e9 Janet Murgu\u00eda, directrice g\u00e9n\u00e9rale de UnidosUS, une organisation de d\u00e9fense des droits de la communaut\u00e9 latino aux Etats-Unis.<\/p>\n<p>\u00ab Il m\u2019a dit de dire \u00e0 notre communaut\u00e9 que nous n\u2019allions pas nous d\u00e9barrasser de lui si rapidement et qu\u2019il nous ferait signe tr\u00e8s rapidement \u00bb, a-t-elle ajout\u00e9. \u00ab Il est d\u00e9sol\u00e9 (..) mais nous voyons comment le Covid-19 continue de toucher notre communaut\u00e9 et nous comprenons. \u00bb<\/p>\n<p>Avec AFP <\/p>\n","protected":false},"excerpt":{"rendered":"<p>Le pr\u00e9sident am\u00e9ricain Joe Biden a dit se sentir bien mercredi apr\u00e8s avoir \u00e9t\u00e9 test\u00e9 positif au Covid-19 lors d\u2019un d\u00e9placement de campagne dans le Nevada. \u00ab Je me sens bien\u00ab , a d\u00e9clar\u00e9 le d\u00e9mocrate de 81 ans au moment de monter dans l\u2019avion pr\u00e9sidentiel \u00ab Air Force One\u00ab . Depuis son d\u00e9bat contre [&hellip;]<\/p>\n","protected":false},"author":2,"featured_media":28480,"comment_status":"closed","ping_status":"closed","sticky":false,"template":"","format":"standard","meta":{"footnotes":""},"categories":[58],"tags":[],"class_list":{"0":"post-28479","1":"post","2":"type-post","3":"status-publish","4":"format-standard","5":"has-post-thumbnail","7":"category-societe"},"_links":{"self":[{"href":"https:\/\/conakrynews.org\/index.php\/wp-json\/wp\/v2\/posts\/28479","targetHints":{"allow":["GET"]}}],"collection":[{"href":"https:\/\/conakrynews.org\/index.php\/wp-json\/wp\/v2\/posts"}],"about":[{"href":"https:\/\/conakrynews.org\/index.php\/wp-json\/wp\/v2\/types\/post"}],"author":[{"embeddable":true,"href":"https:\/\/conakrynews.org\/index.php\/wp-json\/wp\/v2\/users\/2"}],"replies":[{"embeddable":true,"href":"https:\/\/conakrynews.org\/index.php\/wp-json\/wp\/v2\/comments?post=28479"}],"version-history":[{"count":0,"href":"https:\/\/conakrynews.org\/index.php\/wp-json\/wp\/v2\/posts\/28479\/revisions"}],"wp:featuredmedia":[{"embeddable":true,"href":"https:\/\/conakrynews.org\/index.php\/wp-json\/wp\/v2\/media\/28480"}],"wp:attachment":[{"href":"https:\/\/conakrynews.org\/index.php\/wp-json\/wp\/v2\/media?parent=28479"}],"wp:term":[{"taxonomy":"category","embeddable":true,"href":"https:\/\/conakrynews.org\/index.php\/wp-json\/wp\/v2\/categories?post=28479"},{"taxonomy":"post_tag","embeddable":true,"href":"https:\/\/conakrynews.org\/index.php\/wp-json\/wp\/v2\/tags?post=28479"}],"curies":[{"name":"wp","href":"https:\/\/api.w.org\/{rel}","templated":true}]}}