{"id":28483,"date":"2024-07-18T11:30:27","date_gmt":"2024-07-18T11:30:27","guid":{"rendered":"https:\/\/conakrynews.org\/?p=28483"},"modified":"2024-07-18T11:30:27","modified_gmt":"2024-07-18T11:30:27","slug":"pose-de-la-premiere-pierre-du-nouveau-siege-du-ministere-de-la-securite-et-de-la-protection-civile","status":"publish","type":"post","link":"https:\/\/conakrynews.org\/index.php\/pose-de-la-premiere-pierre-du-nouveau-siege-du-ministere-de-la-securite-et-de-la-protection-civile\/","title":{"rendered":"Pose de la premi\u00e8re pierre du nouveau si\u00e8ge du Minist\u00e8re de la S\u00e9curit\u00e9 et de la Protection Civile"},"content":{"rendered":"<p>Le Premier ministre, Chef du Gouvernement, a proc\u00e9d\u00e9 \u00e0 la pose de la premi\u00e8re pierre pour la construction du si\u00e8ge du minist\u00e8re de la S\u00e9curit\u00e9 et de la Protection civile.<\/p>\n<p>Cette pose de la premi\u00e8re pierre intervient apr\u00e8s l\u2019inauguration de plusieurs infrastructures abritant les services de police tant \u00e0 Conakry qu\u2019\u00e0 l\u2019int\u00e9rieur du pays.<\/p>\n<p>Dans son discours, le ministre de la S\u00e9curit\u00e9 et de la Protection civile a indiqu\u00e9 que la construction d\u2019un nouveau si\u00e8ge marque un autre chapitre de leur long et l\u00e9gitime engagement dans la r\u00e9alisation d\u2019infrastructures modernes, engagement d\u00e9but\u00e9 il y a trois ans dans le but de cr\u00e9er un meilleur cadre de travail : \u00ab tout cela d\u00e9coule de la volont\u00e9 irr\u00e9versible et d\u00e9termin\u00e9e du Pr\u00e9sident de la R\u00e9publique \u00bb, a-t-il ajout\u00e9.<\/p>\n<p>Il a ensuite rappel\u00e9 qu\u2019\u00e0 ce jour, le d\u00e9partement compte plus de 14 infrastructures r\u00e9alis\u00e9es et \u00e9quip\u00e9es \u00e0 travers toute l\u2019\u00e9tendue du territoire. Il a pr\u00e9cis\u00e9 que c\u2019est la toute premi\u00e8re fois depuis 1958 qu\u2019un b\u00e2timent sera con\u00e7u et d\u00e9di\u00e9 sp\u00e9cialement pour servir de si\u00e8ge au minist\u00e8re de la S\u00e9curit\u00e9.<\/p>\n<p>Le Premier ministre a not\u00e9 que la question de refondation de l\u2019\u00c9tat se d\u00e9cline \u00e0 travers la restauration de l\u2019autorit\u00e9 publique par des symboles visibles et des si\u00e8ges d\u2019institutions r\u00e9publicaines : \u00ab cela montre le souci du President de la R\u00e9publique, d\u2019inscrire son action dans le pr\u00e9sent et le futur \u00bb.<\/p>\n<p>Poursuivant, il a mentionn\u00e9 que le monde a beaucoup \u00e9volu\u00e9. C\u2019est pourquoi il est n\u00e9cessaire que la police se renouvelle, s\u2019adapte et se projette vers les d\u00e9cennies futures : \u00ab pas longtemps nous rentrions dans les hangars pour faire nos passeports. Nous n\u2019\u00e9tions pas fiers\u2026 \u00bb, a-t-il rappel\u00e9.<\/p>\n<p>Pour finir, il a demand\u00e9 \u00e0 chacun de veiller sur les travaux afin qu\u2019au bout de 12 mois, l\u2019\u00e9difice qui sortira de terre permette d\u2019\u00eatre fier des services de police et de l\u2019image que cela conf\u00e9rera aussi bien aux institutions qu\u2019\u00e0 nous-m\u00eames \u00bb.<\/p>\n<p>Avec CCG <\/p>\n","protected":false},"excerpt":{"rendered":"<p>Le Premier ministre, Chef du Gouvernement, a proc\u00e9d\u00e9 \u00e0 la pose de la premi\u00e8re pierre pour la construction du si\u00e8ge du minist\u00e8re de la S\u00e9curit\u00e9 et de la Protection civile. Cette pose de la premi\u00e8re pierre intervient apr\u00e8s l\u2019inauguration de plusieurs infrastructures abritant les services de police tant \u00e0 Conakry qu\u2019\u00e0 l\u2019int\u00e9rieur du pays. Dans [&hellip;]<\/p>\n","protected":false},"author":2,"featured_media":28484,"comment_status":"closed","ping_status":"closed","sticky":false,"template":"","format":"standard","meta":{"footnotes":""},"categories":[58],"tags":[],"class_list":{"0":"post-28483","1":"post","2":"type-post","3":"status-publish","4":"format-standard","5":"has-post-thumbnail","7":"category-societe"},"_links":{"self":[{"href":"https:\/\/conakrynews.org\/index.php\/wp-json\/wp\/v2\/posts\/28483","targetHints":{"allow":["GET"]}}],"collection":[{"href":"https:\/\/conakrynews.org\/index.php\/wp-json\/wp\/v2\/posts"}],"about":[{"href":"https:\/\/conakrynews.org\/index.php\/wp-json\/wp\/v2\/types\/post"}],"author":[{"embeddable":true,"href":"https:\/\/conakrynews.org\/index.php\/wp-json\/wp\/v2\/users\/2"}],"replies":[{"embeddable":true,"href":"https:\/\/conakrynews.org\/index.php\/wp-json\/wp\/v2\/comments?post=28483"}],"version-history":[{"count":0,"href":"https:\/\/conakrynews.org\/index.php\/wp-json\/wp\/v2\/posts\/28483\/revisions"}],"wp:featuredmedia":[{"embeddable":true,"href":"https:\/\/conakrynews.org\/index.php\/wp-json\/wp\/v2\/media\/28484"}],"wp:attachment":[{"href":"https:\/\/conakrynews.org\/index.php\/wp-json\/wp\/v2\/media?parent=28483"}],"wp:term":[{"taxonomy":"category","embeddable":true,"href":"https:\/\/conakrynews.org\/index.php\/wp-json\/wp\/v2\/categories?post=28483"},{"taxonomy":"post_tag","embeddable":true,"href":"https:\/\/conakrynews.org\/index.php\/wp-json\/wp\/v2\/tags?post=28483"}],"curies":[{"name":"wp","href":"https:\/\/api.w.org\/{rel}","templated":true}]}}