{"id":2860,"date":"2019-01-21T22:55:03","date_gmt":"2019-01-21T21:55:03","guid":{"rendered":"https:\/\/conakrynews.org\/?p=2860"},"modified":"2019-01-21T22:55:04","modified_gmt":"2019-01-21T21:55:04","slug":"universite-troisieme-age-de-guinee-espoir-retraites","status":"publish","type":"post","link":"https:\/\/conakrynews.org\/index.php\/universite-troisieme-age-de-guinee-espoir-retraites\/","title":{"rendered":"Universit\u00e9 du Troisi\u00e8me Age de Guin\u00e9e: Un autre espoir pour les retrait\u00e9s"},"content":{"rendered":"<p><strong>Les membres de l\u2019organisation internationale \u00a0appel\u00e9e\u00a0 troisi\u00e8me \u00e2ge (UNITRA \u2013GUINEE) \u00e9taient en face \u00a0des \u00a0repr\u00e9sentants de \u00a0m\u00e9dias ce samedi 19 Janvier 2019.Objectif\u00a0?\u00a0 Parler de\u00a0 la revalorisation du statut des \u00a0retrait\u00e9s\u00a0 en R\u00e9publique de Guin\u00e9e \u00a0et autres couches professionnelles.\u00a0 Cette rencontre avec les journalistes, est \u00a0en pr\u00e9lude du lancement de leurs activit\u00e9s sur le terrain. <\/strong><\/p>\n<p>Dans son intervention, Mme Traor\u00e9 Hadja \u00a0N\u2019Diaye, pr\u00e9sidente de cette association\u00a0 a d\u00e9clar\u00e9 par la\u00a0 suite que leur organisation est une plateforme d\u2019hommes et de femmes \u00e2g\u00e9s de 50 ans et plus venus d\u2019horizons Socioprofessionnels divers (Professeurs,Docteurs,Planificateurs,Ingenieurs,Instituteurs,Ouvriers,Chefs,Sociologues,Diplomates,Magistrats,Avocats,Ex Ministres et Communicateurs Traditionnels etc\u2026Qui ont la volont\u00e9\u00a0 de contribuer par\u00a0 une \u00e9ducation\u00a0 permanente , leurs comp\u00e9tences et exp\u00e9riences au service de la\u00a0 communaut\u00e9\u00a0 tout simplement\u00bb, a-t-elle\u00a0\u00a0 d\u00e9clar\u00e9.<\/p>\n<p>&nbsp;<\/p>\n<p>Avant de rappeler \u00a0que l\u2019objectif de cette association, est de proc\u00e9der \u00e0 la revalorisation du statut du retrait\u00e9 et sa participation positive\u00a0 \u00e0 \u00a0l\u2019\u00e9panouissement des femmes et des jeunes donc des populations actives dans le cadre du d\u00e9veloppement\u00a0 socio\u00e9conomique du pays \u00bb,\u00a0a\u00a0 rappel\u00e9 \u00a0la pr\u00e9sidente<\/p>\n<p>A noter que le \u00a0lancement officiel des activit\u00e9s est programm\u00e9 le 30 janvier 2019 au palais du peuple sous la pr\u00e9sidence du premier ministre, Kassory Fofana.<img loading=\"lazy\" decoding=\"async\" class=\"alignright size-medium wp-image-2861\" src=\"https:\/\/conakrynews.org\/wp-content\/uploads\/2019\/01\/photo-age-500x375.jpg\" alt=\"\" width=\"500\" height=\"375\" srcset=\"https:\/\/conakrynews.org\/wp-content\/uploads\/2019\/01\/photo-age-500x375.jpg 500w, https:\/\/conakrynews.org\/wp-content\/uploads\/2019\/01\/photo-age-768x576.jpg 768w, https:\/\/conakrynews.org\/wp-content\/uploads\/2019\/01\/photo-age.jpg 960w\" sizes=\"auto, (max-width: 500px) 100vw, 500px\" \/><\/p>\n","protected":false},"excerpt":{"rendered":"<p>Les membres de l\u2019organisation internationale \u00a0appel\u00e9e\u00a0 troisi\u00e8me \u00e2ge (UNITRA \u2013GUINEE) \u00e9taient en face \u00a0des \u00a0repr\u00e9sentants de \u00a0m\u00e9dias ce samedi 19 Janvier 2019.Objectif\u00a0?\u00a0 Parler de\u00a0 la revalorisation du statut des \u00a0retrait\u00e9s\u00a0 en R\u00e9publique de Guin\u00e9e \u00a0et autres couches professionnelles.\u00a0 Cette rencontre avec les journalistes, est \u00a0en pr\u00e9lude du lancement de leurs activit\u00e9s sur le terrain. Dans [&hellip;]<\/p>\n","protected":false},"author":2,"featured_media":2861,"comment_status":"open","ping_status":"open","sticky":false,"template":"","format":"standard","meta":{"footnotes":""},"categories":[1],"tags":[],"class_list":{"0":"post-2860","1":"post","2":"type-post","3":"status-publish","4":"format-standard","5":"has-post-thumbnail","7":"category-non-classe"},"_links":{"self":[{"href":"https:\/\/conakrynews.org\/index.php\/wp-json\/wp\/v2\/posts\/2860","targetHints":{"allow":["GET"]}}],"collection":[{"href":"https:\/\/conakrynews.org\/index.php\/wp-json\/wp\/v2\/posts"}],"about":[{"href":"https:\/\/conakrynews.org\/index.php\/wp-json\/wp\/v2\/types\/post"}],"author":[{"embeddable":true,"href":"https:\/\/conakrynews.org\/index.php\/wp-json\/wp\/v2\/users\/2"}],"replies":[{"embeddable":true,"href":"https:\/\/conakrynews.org\/index.php\/wp-json\/wp\/v2\/comments?post=2860"}],"version-history":[{"count":0,"href":"https:\/\/conakrynews.org\/index.php\/wp-json\/wp\/v2\/posts\/2860\/revisions"}],"wp:featuredmedia":[{"embeddable":true,"href":"https:\/\/conakrynews.org\/index.php\/wp-json\/wp\/v2\/media\/2861"}],"wp:attachment":[{"href":"https:\/\/conakrynews.org\/index.php\/wp-json\/wp\/v2\/media?parent=2860"}],"wp:term":[{"taxonomy":"category","embeddable":true,"href":"https:\/\/conakrynews.org\/index.php\/wp-json\/wp\/v2\/categories?post=2860"},{"taxonomy":"post_tag","embeddable":true,"href":"https:\/\/conakrynews.org\/index.php\/wp-json\/wp\/v2\/tags?post=2860"}],"curies":[{"name":"wp","href":"https:\/\/api.w.org\/{rel}","templated":true}]}}