{"id":2863,"date":"2019-01-21T23:18:48","date_gmt":"2019-01-21T22:18:48","guid":{"rendered":"https:\/\/conakrynews.org\/?p=2863"},"modified":"2019-01-21T23:18:48","modified_gmt":"2019-01-21T22:18:48","slug":"election-membres-bureau-de-ceni-me-salif-kebe-reelu-president-de-linstitution","status":"publish","type":"post","link":"https:\/\/conakrynews.org\/index.php\/election-membres-bureau-de-ceni-me-salif-kebe-reelu-president-de-linstitution\/","title":{"rendered":"Election des membres du bureau de la  CENI: Me Salif K\u00e9b\u00e9  r\u00e9\u00e9lu   pr\u00e9sident  de l\u2019institution"},"content":{"rendered":"<p><strong>Ce Lundi dans l\u2019apr\u00e8s-midi, \u00a0les \u00a0membres du bureau de la Commission Electorale Nationale Ind\u00e9pendante(CENI)\u00a0 ont tenu leur \u00e9lection\u00a0 au palais du peuple.<\/strong><\/p>\n<p><strong>\u00a0Au cours de cette \u00e9lection des membres\u00a0 de la CENI, l\u2019ancien pr\u00e9sident de cette \u00a0l\u2019instition, Me Salif K\u00e9b\u00e9 a \u00e9t\u00e9 \u00e9lu pr\u00e9sident de la CENI par ses paires pour un mandat de cinq ans. Le premier poste de vice-pr\u00e9sidence est revenu \u00e0 Bakary Mansar\u00e9, membre du RPG. Mamadou Bano Sow de l\u2019UFDG a \u00e9t\u00e9 \u00e9lu deuxi\u00e8me vice-pr\u00e9sident.<\/strong><\/p>\n<p>Seraphine Kondiano et Youssou L\u00e9no sont \u00e9t\u00e9 \u00e9lus respectivement questeur et rapporteur.<\/p>\n<p>A\u00a0 signifier que cette \u00e9lection a \u00e9t\u00e9 pr\u00e9sid\u00e9e par M. le ministre \u00a0conseiller charg\u00e9 des institutions, Mohamed Lamine Fofana.<\/p>\n<p><strong>Sylla Ibrahima Kalil pour <a href=\"https:\/\/conakrynews.org\">www.conakrynews.org<\/a> 625444534<\/strong><img loading=\"lazy\" decoding=\"async\" class=\"alignright size-medium wp-image-2864\" src=\"https:\/\/conakrynews.org\/wp-content\/uploads\/2019\/01\/me-keb\u00e9-375x375.jpg\" alt=\"\" width=\"375\" height=\"375\" srcset=\"https:\/\/conakrynews.org\/wp-content\/uploads\/2019\/01\/me-keb\u00e9-375x375.jpg 375w, https:\/\/conakrynews.org\/wp-content\/uploads\/2019\/01\/me-keb\u00e9-70x70.jpg 70w, https:\/\/conakrynews.org\/wp-content\/uploads\/2019\/01\/me-keb\u00e9.jpg 568w\" sizes=\"auto, (max-width: 375px) 100vw, 375px\" \/><\/p>\n","protected":false},"excerpt":{"rendered":"<p>Ce Lundi dans l\u2019apr\u00e8s-midi, \u00a0les \u00a0membres du bureau de la Commission Electorale Nationale Ind\u00e9pendante(CENI)\u00a0 ont tenu leur \u00e9lection\u00a0 au palais du peuple. \u00a0Au cours de cette \u00e9lection des membres\u00a0 de la CENI, l\u2019ancien pr\u00e9sident de cette \u00a0l\u2019instition, Me Salif K\u00e9b\u00e9 a \u00e9t\u00e9 \u00e9lu pr\u00e9sident de la CENI par ses paires pour un mandat de cinq [&hellip;]<\/p>\n","protected":false},"author":2,"featured_media":2864,"comment_status":"open","ping_status":"open","sticky":false,"template":"","format":"standard","meta":{"footnotes":""},"categories":[1],"tags":[],"class_list":{"0":"post-2863","1":"post","2":"type-post","3":"status-publish","4":"format-standard","5":"has-post-thumbnail","7":"category-non-classe"},"_links":{"self":[{"href":"https:\/\/conakrynews.org\/index.php\/wp-json\/wp\/v2\/posts\/2863","targetHints":{"allow":["GET"]}}],"collection":[{"href":"https:\/\/conakrynews.org\/index.php\/wp-json\/wp\/v2\/posts"}],"about":[{"href":"https:\/\/conakrynews.org\/index.php\/wp-json\/wp\/v2\/types\/post"}],"author":[{"embeddable":true,"href":"https:\/\/conakrynews.org\/index.php\/wp-json\/wp\/v2\/users\/2"}],"replies":[{"embeddable":true,"href":"https:\/\/conakrynews.org\/index.php\/wp-json\/wp\/v2\/comments?post=2863"}],"version-history":[{"count":0,"href":"https:\/\/conakrynews.org\/index.php\/wp-json\/wp\/v2\/posts\/2863\/revisions"}],"wp:featuredmedia":[{"embeddable":true,"href":"https:\/\/conakrynews.org\/index.php\/wp-json\/wp\/v2\/media\/2864"}],"wp:attachment":[{"href":"https:\/\/conakrynews.org\/index.php\/wp-json\/wp\/v2\/media?parent=2863"}],"wp:term":[{"taxonomy":"category","embeddable":true,"href":"https:\/\/conakrynews.org\/index.php\/wp-json\/wp\/v2\/categories?post=2863"},{"taxonomy":"post_tag","embeddable":true,"href":"https:\/\/conakrynews.org\/index.php\/wp-json\/wp\/v2\/tags?post=2863"}],"curies":[{"name":"wp","href":"https:\/\/api.w.org\/{rel}","templated":true}]}}