{"id":28669,"date":"2024-08-01T15:17:52","date_gmt":"2024-08-01T15:17:52","guid":{"rendered":"https:\/\/conakrynews.org\/?p=28669"},"modified":"2024-08-01T15:36:43","modified_gmt":"2024-08-01T15:36:43","slug":"guineele-groupe-sonoco-sur-la-promotion-du-waqf","status":"publish","type":"post","link":"https:\/\/conakrynews.org\/index.php\/guineele-groupe-sonoco-sur-la-promotion-du-waqf\/","title":{"rendered":"Guin\u00e9e:Le Groupe SONOCO   sur la promotion du Waqf"},"content":{"rendered":"<p>Le Groupe SONOCO en collaboration avec WAQF ont organis\u00e9  une conf\u00e9rence presse ce mercredi 31 Juillet 2024 dans un receptif h\u00f4telier de la place . Le th\u00e8me  principal de cette conference \u00e9tait : \u00ab Le Waqf en Guin\u00e9e, promouvoir le Waqf comme instrument de d\u00e9veloppement \u00bb.La conference a connu la pr\u00e9sence des personnalit\u00e9s r\u00e9ligieuses, de r\u00e9presentants d&rsquo;institutions  et d&rsquo;experts cinferenciers  venus d&rsquo;arabie Saoudite.<\/p>\n<p>\u00c0 en croire les organisateurs,la missiom principale de Waqfen c&rsquo;est pour r\u00e9pondre aux besoins des citoyens et combattre la pauvret\u00e9.<\/p>\n<p>Prenant la parole, Mamadou Bombi Bald\u00e9, repr\u00e9sentant le pr\u00e9sident du groupe Sonoco, a rapo\u00e9l\u00e9   le but de cette initiative.\u00ab Cette initiative vise \u00e0 rassembler les principaux acteurs autour du concept du Waqf et de ses valeurs, ainsi que de ses apports dans la soci\u00e9t\u00e9. Notre objectif est double : encourager l\u2019\u00c9tat \u00e0 l\u00e9gif\u00e9rer pour permettre la cr\u00e9ation de Waqf en Guin\u00e9e et inciter le monde des affaires \u00e0 s\u2019int\u00e9resser et \u00e0 encourager la cr\u00e9ation de Waqf priv\u00e9s \u00bb, a fait savoir le representant du \u00ab\u00a0Groupe SONOCO\u00a0\u00bb.<\/p>\n<p><img loading=\"lazy\" decoding=\"async\" src=\"https:\/\/conakrynews.org\/wp-content\/uploads\/2024\/08\/20240731_121815-500x375.jpg\" alt=\"\" width=\"500\" height=\"375\" class=\"alignnone size-medium wp-image-28672\" srcset=\"https:\/\/conakrynews.org\/wp-content\/uploads\/2024\/08\/20240731_121815-500x375.jpg 500w, https:\/\/conakrynews.org\/wp-content\/uploads\/2024\/08\/20240731_121815-768x576.jpg 768w, https:\/\/conakrynews.org\/wp-content\/uploads\/2024\/08\/20240731_121815-1536x1152.jpg 1536w, https:\/\/conakrynews.org\/wp-content\/uploads\/2024\/08\/20240731_121815-2048x1536.jpg 2048w\" sizes=\"auto, (max-width: 500px) 100vw, 500px\" \/><\/p>\n<p>De m\u00eame, M.Bald\u00e9  a indiqu\u00e9 que le Groupe SONOCO a pris l\u2019initiative de devenir le premier Waqf priv\u00e9 en Guin\u00e9e.\u00a0\u00bb Cela s&rsquo;inscrit dans le d\u00e9veloppement solidaire et durable \u00e0 travers la promotion du Waqf comme instrument de croissance inclusive.Les revenus g\u00e9n\u00e9r\u00e9s par les investissements seront ensuite r\u00e9investis dans la lutte contre les in\u00e9galit\u00e9s pour accompagner l\u2019\u00c9tat dans la mise en \u0153uvre de son programme et de sa politique sociale \u00bb, a conclu l&rsquo;orateur .<\/p>\n<p>Sylla Ibrahima Kalil, pour www.conakrynews.org 625444534<\/p>\n","protected":false},"excerpt":{"rendered":"<p>Le Groupe SONOCO en collaboration avec WAQF ont organis\u00e9 une conf\u00e9rence presse ce mercredi 31 Juillet 2024 dans un receptif h\u00f4telier de la place . Le th\u00e8me principal de cette conference \u00e9tait : \u00ab Le Waqf en Guin\u00e9e, promouvoir le Waqf comme instrument de d\u00e9veloppement \u00bb.La conference a connu la pr\u00e9sence des personnalit\u00e9s r\u00e9ligieuses, de [&hellip;]<\/p>\n","protected":false},"author":2,"featured_media":28674,"comment_status":"closed","ping_status":"closed","sticky":false,"template":"","format":"standard","meta":{"footnotes":""},"categories":[58],"tags":[],"class_list":{"0":"post-28669","1":"post","2":"type-post","3":"status-publish","4":"format-standard","5":"has-post-thumbnail","7":"category-societe"},"_links":{"self":[{"href":"https:\/\/conakrynews.org\/index.php\/wp-json\/wp\/v2\/posts\/28669","targetHints":{"allow":["GET"]}}],"collection":[{"href":"https:\/\/conakrynews.org\/index.php\/wp-json\/wp\/v2\/posts"}],"about":[{"href":"https:\/\/conakrynews.org\/index.php\/wp-json\/wp\/v2\/types\/post"}],"author":[{"embeddable":true,"href":"https:\/\/conakrynews.org\/index.php\/wp-json\/wp\/v2\/users\/2"}],"replies":[{"embeddable":true,"href":"https:\/\/conakrynews.org\/index.php\/wp-json\/wp\/v2\/comments?post=28669"}],"version-history":[{"count":0,"href":"https:\/\/conakrynews.org\/index.php\/wp-json\/wp\/v2\/posts\/28669\/revisions"}],"wp:featuredmedia":[{"embeddable":true,"href":"https:\/\/conakrynews.org\/index.php\/wp-json\/wp\/v2\/media\/28674"}],"wp:attachment":[{"href":"https:\/\/conakrynews.org\/index.php\/wp-json\/wp\/v2\/media?parent=28669"}],"wp:term":[{"taxonomy":"category","embeddable":true,"href":"https:\/\/conakrynews.org\/index.php\/wp-json\/wp\/v2\/categories?post=28669"},{"taxonomy":"post_tag","embeddable":true,"href":"https:\/\/conakrynews.org\/index.php\/wp-json\/wp\/v2\/tags?post=28669"}],"curies":[{"name":"wp","href":"https:\/\/api.w.org\/{rel}","templated":true}]}}