{"id":28680,"date":"2024-08-02T14:08:05","date_gmt":"2024-08-02T14:08:05","guid":{"rendered":"https:\/\/conakrynews.org\/?p=28680"},"modified":"2024-08-02T14:08:05","modified_gmt":"2024-08-02T14:08:05","slug":"guinee-le-premier-ministre-a-recu-des-experts-internationaux-dans-le-cadre-du-projet-de-linstitut-polytechnique-civilo-militaire","status":"publish","type":"post","link":"https:\/\/conakrynews.org\/index.php\/guinee-le-premier-ministre-a-recu-des-experts-internationaux-dans-le-cadre-du-projet-de-linstitut-polytechnique-civilo-militaire\/","title":{"rendered":"Guin\u00e9e: le Premier ministre a re\u00e7u des experts internationaux dans le cadre du projet de l\u2019institut polytechnique civilo-militaire"},"content":{"rendered":"<p>Le Premier ministre, Chef du Gouvernement, Amadou Oury BAH, a re\u00e7u une d\u00e9l\u00e9gation du Minist\u00e8re de l\u2019Enseignement Sup\u00e9rieur, de la Recherche Scientifique et de l\u2019Innovation, au Palais de la Colombe.<\/p>\n<p>Compos\u00e9e d\u2019experts internationaux, la d\u00e9l\u00e9gation a \u00e9t\u00e9 pr\u00e9sent\u00e9e par le ministre de l\u2019Enseignement sup\u00e9rieur , de la recherche scientifique et de l\u2019innovation Alpha Bacar BARRY pour faire le point sur l\u2019atelier de cadrage du projet de l\u2019Institut Polytechnique Civilo-Militaire.<\/p>\n<p>Selon Monsieur Fran\u00e7ois SYLLA, Chercheur \u00e0 Paris, le projet r\u00e9pond \u00e0 une ambition pr\u00e9sidentielle. il permet de doter la Guin\u00e9e d\u2019ing\u00e9nieurs de haut niveau capables de concevoir des projets innovants , complexes et technologiques.<\/p>\n<p>\u00ab L\u2019atelier de cadrage a consist\u00e9, d\u2019une part, \u00e0 faire l\u2019\u00e9tat des lieux et, d\u2019autre part, \u00e0 d\u00e9finir une premi\u00e8re maquette de ce que cet institut pourrait \u00eatre et des cursus que les ing\u00e9nieurs devraient suivre \u00bb, ajoute-t-il.<\/p>\n<p>Le Premier ministre a, quant \u00e0 lui, exprim\u00e9 la volont\u00e9 des autorit\u00e9s d\u2019accompagner ce projet, qui donnera un nouvel \u00e9lan au capital humain. Il a salu\u00e9 l\u2019initiative des cadres du minist\u00e8re de l\u2019Enseignement Sup\u00e9rieur qui inscrivent le secteur dans une dynamique de renouveau : \u00ab Ce dossier m\u2019int\u00e9resse ; j\u2019aimerais suivre son \u00e9volution. \u00bb a-t-il soulign\u00e9.<\/p>\n<p>Il a ensuite sugg\u00e9r\u00e9 aux experts d\u2019exp\u00e9rimenter une approche novatrice : \u00ab Les Classes Pr\u00e9paratoires aux Grandes \u00c9coles (CPGE) et le Prytan\u00e9e Militaire permettent de former plusieurs cat\u00e9gories de niveau. \u00bb<\/p>\n<p>Pour le Premier ministre, il s\u2019agit d\u2019une v\u00e9ritable renaissance qu\u2019il faut p\u00e9renniser : \u00ab Nous sommes ambitieux, mais il faut aller avec m\u00e9thode et pragmatisme \u00bb. Conclut-il.<\/p>\n<p>Rappelons que l\u2019Institut Polytechnique Civilo-militaire a pour objectif de combiner une formation technique de haut niveau, avec une formation militaire de base.<\/p>\n<p>Avec CCG<\/p>\n","protected":false},"excerpt":{"rendered":"<p>Le Premier ministre, Chef du Gouvernement, Amadou Oury BAH, a re\u00e7u une d\u00e9l\u00e9gation du Minist\u00e8re de l\u2019Enseignement Sup\u00e9rieur, de la Recherche Scientifique et de l\u2019Innovation, au Palais de la Colombe. Compos\u00e9e d\u2019experts internationaux, la d\u00e9l\u00e9gation a \u00e9t\u00e9 pr\u00e9sent\u00e9e par le ministre de l\u2019Enseignement sup\u00e9rieur , de la recherche scientifique et de l\u2019innovation Alpha Bacar BARRY [&hellip;]<\/p>\n","protected":false},"author":2,"featured_media":28681,"comment_status":"closed","ping_status":"closed","sticky":false,"template":"","format":"standard","meta":{"footnotes":""},"categories":[58],"tags":[],"class_list":{"0":"post-28680","1":"post","2":"type-post","3":"status-publish","4":"format-standard","5":"has-post-thumbnail","7":"category-societe"},"_links":{"self":[{"href":"https:\/\/conakrynews.org\/index.php\/wp-json\/wp\/v2\/posts\/28680","targetHints":{"allow":["GET"]}}],"collection":[{"href":"https:\/\/conakrynews.org\/index.php\/wp-json\/wp\/v2\/posts"}],"about":[{"href":"https:\/\/conakrynews.org\/index.php\/wp-json\/wp\/v2\/types\/post"}],"author":[{"embeddable":true,"href":"https:\/\/conakrynews.org\/index.php\/wp-json\/wp\/v2\/users\/2"}],"replies":[{"embeddable":true,"href":"https:\/\/conakrynews.org\/index.php\/wp-json\/wp\/v2\/comments?post=28680"}],"version-history":[{"count":0,"href":"https:\/\/conakrynews.org\/index.php\/wp-json\/wp\/v2\/posts\/28680\/revisions"}],"wp:featuredmedia":[{"embeddable":true,"href":"https:\/\/conakrynews.org\/index.php\/wp-json\/wp\/v2\/media\/28681"}],"wp:attachment":[{"href":"https:\/\/conakrynews.org\/index.php\/wp-json\/wp\/v2\/media?parent=28680"}],"wp:term":[{"taxonomy":"category","embeddable":true,"href":"https:\/\/conakrynews.org\/index.php\/wp-json\/wp\/v2\/categories?post=28680"},{"taxonomy":"post_tag","embeddable":true,"href":"https:\/\/conakrynews.org\/index.php\/wp-json\/wp\/v2\/tags?post=28680"}],"curies":[{"name":"wp","href":"https:\/\/api.w.org\/{rel}","templated":true}]}}