{"id":2870,"date":"2019-01-23T20:20:08","date_gmt":"2019-01-23T19:20:08","guid":{"rendered":"https:\/\/conakrynews.org\/?p=2870"},"modified":"2019-01-24T01:42:39","modified_gmt":"2019-01-24T00:42:39","slug":"conakry-lancement-dun-outil-didentification-fiscale-permanent-direction-nationale-impots","status":"publish","type":"post","link":"https:\/\/conakrynews.org\/index.php\/conakry-lancement-dun-outil-didentification-fiscale-permanent-direction-nationale-impots\/","title":{"rendered":"Conakry: Lancement d\u2019un Outil d\u2019identification Fiscale permanent par la Direction Nationale des Imp\u00f4ts"},"content":{"rendered":"<p><strong>Sous la pr\u00e9sidence du\u00a0 Chef de l\u2019Etat, prof Alpha Cond\u00e9,les locaux de la \u00a0direction nationale des Imp\u00f4ts ont abrit\u00e9 \u00e0 la c\u00e9r\u00e9monie de lancement officiel du num\u00e9ro d\u2019Identification Fiscale Permanent (NIFP).C\u2019est un instrument qui permettra d\u00e9sormais \u00e0 la r\u00e9gularisation du contribuable afin de parvenir les sollicitations excessives des services de gestion dans leur fonctionnement habituel ,suite \u00e0 l\u2019interconnexion\u00a0 de la direction nationale des Imp\u00f4ts ,la direction g\u00e9n\u00e9rales des douanes, et l\u2019APIP ainsi qu\u2019au tr\u00e9sor et la Banque Centrale de Guin\u00e9e. <\/strong><\/p>\n<p>&nbsp;<\/p>\n<p>A cette occasion, plusieurs membres du gouvernement, les \u00a0Ambassadeurs accr\u00e9dit\u00e9s en Guin\u00e9e \u00a0et le corps consulaires \u00a0ont particip\u00e9 \u00e0 cette \u00a0importante activit\u00e9 \u00a0\u00a0concernant des op\u00e9rations fiscales.<\/p>\n<p>Dans son discours introductif, le Chef de l\u2019Etat, prof Alpha Cond\u00e9 \u00a0a fait savoir que la guin\u00e9e\u00a0 \u00e0 l\u2019instar des autres pays doit\u00a0 se d\u00e9velopper \u00a0\u00a0pour le bien \u00eatre de la population Guin\u00e9enne.<\/p>\n<p>Avant d\u2019inviter les op\u00e9rateurs \u00e9conomiques \u00e0 mieux s\u2019investir dans l\u2019industrialisation pour faire d\u00e9velopper notre pays.<\/p>\n<p>.<\/p>\n<p>Rench\u00e9rissant, il a \u00a0 \u00a0 soulign\u00e9 \u00a0 \u00a0que cette plateforme qui\u00a0 a \u00e9t\u00e9 officiellement \u00a0inaugur\u00e9e \u00a0(NIFp),\u00a0 et qui relie d\u2019ailleurs \u00a0l\u2019APIP,\u00a0 DGD et la DNI ainsi que le Tr\u00e9sor public et la BCRG, permettra \u00a0\u00e0 ces structures d\u2019\u00eatre \u00a0plus visible, actifs mais aussi, op\u00e9rationnels dans le paiement et le recouvrement des taxes.<\/p>\n<p>&nbsp;<\/p>\n<p>Aboubacar Makissa Camara , \u00a0Directeur National des Imp\u00f4ts, a d\u00e9clar\u00e9 par la suite que \u00a0toute personne physique ou morale qui d\u00e9sirait<img loading=\"lazy\" decoding=\"async\" class=\"alignright size-medium wp-image-2871\" src=\"https:\/\/conakrynews.org\/wp-content\/uploads\/2019\/01\/photo-DNI-500x375.jpg\" alt=\"\" width=\"500\" height=\"375\" srcset=\"https:\/\/conakrynews.org\/wp-content\/uploads\/2019\/01\/photo-DNI-500x375.jpg 500w, https:\/\/conakrynews.org\/wp-content\/uploads\/2019\/01\/photo-DNI-768x576.jpg 768w, https:\/\/conakrynews.org\/wp-content\/uploads\/2019\/01\/photo-DNI.jpg 960w\" sizes=\"auto, (max-width: 500px) 100vw, 500px\" \/> \u00a0proc\u00e9der \u00e0 des importations ou exportations de marchandises, ou d\u00e9sirant soumissionner \u00e0 un march\u00e9 public doit figurer dans ce r\u00e9pertoire des contribuables fiscalement actifs de la Direction Nationale des Imp\u00f4ts. C\u2019est un outil qui est d\u00e9j\u00e0 op\u00e9rationnel depuis le 15 janvier 2019.<\/p>\n<p>Pour mettre un terme \u00e0 ses propos,\u00a0 le num\u00e9ro 1 des imp\u00f4ts a rappel\u00e9 que cette\u00a0 plateforme\u00a0 permettra \u00a0aux imp\u00f4ts\u00a0 de visualiser en temps\u00a0 r\u00e9els, \u00a0tous\u00a0 les paiements\u00a0 effectu\u00e9s par le syst\u00e8me SGS, afin de \u00a0permettre aux administrateurs et les \u00a0autorit\u00e9s de prendre de bonnes d\u00e9cisions\u00a0 sur les bons chiffres.<\/p>\n<p>&nbsp;<\/p>\n<p>Sylla Ibrahima Kalil pour <a href=\"https:\/\/conakrynews.org\">www.conakrynews.org<\/a> 625444534<\/p>\n<p>&nbsp;<\/p>\n","protected":false},"excerpt":{"rendered":"<p>Sous la pr\u00e9sidence du\u00a0 Chef de l\u2019Etat, prof Alpha Cond\u00e9,les locaux de la \u00a0direction nationale des Imp\u00f4ts ont abrit\u00e9 \u00e0 la c\u00e9r\u00e9monie de lancement officiel du num\u00e9ro d\u2019Identification Fiscale Permanent (NIFP).C\u2019est un instrument qui permettra d\u00e9sormais \u00e0 la r\u00e9gularisation du contribuable afin de parvenir les sollicitations excessives des services de gestion dans leur fonctionnement habituel [&hellip;]<\/p>\n","protected":false},"author":2,"featured_media":2871,"comment_status":"open","ping_status":"open","sticky":false,"template":"","format":"standard","meta":{"footnotes":""},"categories":[1],"tags":[],"class_list":{"0":"post-2870","1":"post","2":"type-post","3":"status-publish","4":"format-standard","5":"has-post-thumbnail","7":"category-non-classe"},"_links":{"self":[{"href":"https:\/\/conakrynews.org\/index.php\/wp-json\/wp\/v2\/posts\/2870","targetHints":{"allow":["GET"]}}],"collection":[{"href":"https:\/\/conakrynews.org\/index.php\/wp-json\/wp\/v2\/posts"}],"about":[{"href":"https:\/\/conakrynews.org\/index.php\/wp-json\/wp\/v2\/types\/post"}],"author":[{"embeddable":true,"href":"https:\/\/conakrynews.org\/index.php\/wp-json\/wp\/v2\/users\/2"}],"replies":[{"embeddable":true,"href":"https:\/\/conakrynews.org\/index.php\/wp-json\/wp\/v2\/comments?post=2870"}],"version-history":[{"count":0,"href":"https:\/\/conakrynews.org\/index.php\/wp-json\/wp\/v2\/posts\/2870\/revisions"}],"wp:featuredmedia":[{"embeddable":true,"href":"https:\/\/conakrynews.org\/index.php\/wp-json\/wp\/v2\/media\/2871"}],"wp:attachment":[{"href":"https:\/\/conakrynews.org\/index.php\/wp-json\/wp\/v2\/media?parent=2870"}],"wp:term":[{"taxonomy":"category","embeddable":true,"href":"https:\/\/conakrynews.org\/index.php\/wp-json\/wp\/v2\/categories?post=2870"},{"taxonomy":"post_tag","embeddable":true,"href":"https:\/\/conakrynews.org\/index.php\/wp-json\/wp\/v2\/tags?post=2870"}],"curies":[{"name":"wp","href":"https:\/\/api.w.org\/{rel}","templated":true}]}}