{"id":2875,"date":"2019-01-26T09:46:56","date_gmt":"2019-01-26T08:46:56","guid":{"rendered":"https:\/\/conakrynews.org\/?p=2875"},"modified":"2019-01-26T14:27:34","modified_gmt":"2019-01-26T13:27:34","slug":"guinee-familles-victimes-camps-boiro-denoncent-repression-sanglante-regime-de-feu-ahmed-sekou-toure","status":"publish","type":"post","link":"https:\/\/conakrynews.org\/index.php\/guinee-familles-victimes-camps-boiro-denoncent-repression-sanglante-regime-de-feu-ahmed-sekou-toure\/","title":{"rendered":"Guin\u00e9e : Les familles des Victimes du Camp Boiro d\u00e9noncent la r\u00e9pression sanglante du r\u00e9gime de \u2018\u2019feu \u2018\u2019Ahmed S\u00e9kou Tour\u00e9"},"content":{"rendered":"<p><strong><img loading=\"lazy\" decoding=\"async\" class=\"alignright size-medium wp-image-2878\" src=\"https:\/\/conakrynews.org\/wp-content\/uploads\/2019\/01\/f-boiro-2-500x375.jpg\" alt=\"\" width=\"500\" height=\"375\" srcset=\"https:\/\/conakrynews.org\/wp-content\/uploads\/2019\/01\/f-boiro-2-500x375.jpg 500w, https:\/\/conakrynews.org\/wp-content\/uploads\/2019\/01\/f-boiro-2-768x576.jpg 768w, https:\/\/conakrynews.org\/wp-content\/uploads\/2019\/01\/f-boiro-2.jpg 960w\" sizes=\"auto, (max-width: 500px) 100vw, 500px\" \/><img loading=\"lazy\" decoding=\"async\" class=\"alignright size-medium wp-image-2880\" src=\"https:\/\/conakrynews.org\/wp-content\/uploads\/2019\/01\/f-boiro-3-500x375.jpg\" alt=\"\" width=\"500\" height=\"375\" srcset=\"https:\/\/conakrynews.org\/wp-content\/uploads\/2019\/01\/f-boiro-3-500x375.jpg 500w, https:\/\/conakrynews.org\/wp-content\/uploads\/2019\/01\/f-boiro-3-768x576.jpg 768w, https:\/\/conakrynews.org\/wp-content\/uploads\/2019\/01\/f-boiro-3.jpg 960w\" sizes=\"auto, (max-width: 500px) 100vw, 500px\" \/>Ce Vendredi 25 Janvier 2019 \u00e0 Conakry, les \u00a0familles et proches des victimes du Camp Boiro ont organis\u00e9 une marche pacifique suivie par la pose de la gerbe de fleur au Niveau du pont 8 Novembre. Ladite \u00a0marche a d\u00e9but\u00e9 par le \u00a0pont 8 Novembre de Conakry jusqu\u2019au camp Boiro,le lieux de d\u00e9tention des d\u00e9tenus du r\u00e9gime dictatorial et sanguinaire \u00a0de \u2018\u2019feu \u2018\u2019 Ahmed S\u00e9kou Tour\u00e9. Des centaines de personnes compos\u00e9es de \u00a0femmes, hommes jeunes et adultes \u00e9taient fortement mobilis\u00e9s \u00a0pour d\u00e9noncer la cruaut\u00e9 du r\u00e9gime de la premi\u00e8re r\u00e9publique \u00e0 travers les arrestations arbitraires et des \u00a0ex\u00e9cutions sommaires \u00a0\u00a0du r\u00e9gime d\u2019alors<\/strong>.<\/p>\n<p>&nbsp;<\/p>\n<p>&nbsp;<\/p>\n<p>Dans son discours de circonstance, Abdoulaye Cont\u00e9, porte-parole\u00a0 des victimes du Camp Boiro, a d\u00e9clar\u00e9\u00a0:\u00a0\u00ab\u00a0 \u00a0Il y a aujourd\u2019hui 48 ans qu\u2019une purge sans pr\u00e9c\u00e8dent s\u2019est abattue sur notre pauvre pays. Nos p\u00e8res, compagnons de l\u2019ind\u00e9pendance de S\u00e9kou tour\u00e9 \u00a0n\u2019ont pas eu cette chance .La brutalit\u00e9 des pendaisons, les ex\u00e9cutions sommaires, les tortures pour avouer \u00a0des crimes suspect\u00e9s, les humiliations avec plus de 80 personnes pendues \u00e0 travers la guin\u00e9e continuent de hanter les sommeils des \u00a0\u00a0enfants \u00a0de toutes les victimes\u00a0\u00bb, a d\u00e9clar\u00e9 le porte-parole des Victimes du Camp Boiro.<\/p>\n<p>&nbsp;<\/p>\n<p>&nbsp;<\/p>\n<p>&nbsp;<\/p>\n<p>Avant de rappeler\u00a0:\u00a0\u00ab\u00a0 Notre vie et celle des enfants est faites de pleures, de douleurs, de cauchemars, de d\u00e9chirements \u00e0 cause de sorts inhumains qui \u00a0a \u00e9t\u00e9 r\u00e9serv\u00e9s \u00a0\u00e0 nos p\u00e8res. Ils n\u2019ont pas eu droit \u00e0 la justice, ils avaient \u00e9t\u00e9 d\u00e9sign\u00e9s par \u00a0S\u00e9kou, les membres du PDG\u00a0 et la r\u00e9volution pour \u00eatre simplement liquid\u00e9s afin de satisfaire la soif de sang\u00a0 du pr\u00e9sident Ahemd Sekou Tour\u00e9. Combien de guin\u00e9ens ont \u00e9t\u00e9 assassin\u00e9s\u00a0? Combien de Guin\u00e9ens ont connu ce triste sort\u00a0? \u00a0Amnistie \u00e9voque le chiffre de 50.000 morts, aucune des familles en Guin\u00e9e n\u2019a \u00e9chapp\u00e9 \u00e0 ces \u00a0pratiques cruelle de la premi\u00e8re r\u00e9publique\u00a0\u00bb, a rappel\u00e9 Abdoulaye Cond\u00e9.<\/p>\n<p>&nbsp;<\/p>\n<p>Avant de demander \u00a0le pr\u00e9sident Alpha Cond\u00e9 \u00a0\u00a0de fournir tous les efforts pour que des enqu\u00eates soient faites\u00a0 sur ces\u00a0 tueries et que la justice soit rendue pour r\u00e9parer le mal.<\/p>\n<p>&nbsp;<\/p>\n<p>&nbsp;<\/p>\n<p>&nbsp;<\/p>\n<p>Mme julienne Matos, la fille de N\u2019Nian Felix Matos, ancien Directeur\u00a0 de la Banque BNDA, a t\u00e9moign\u00e9 sur la disparition de son p\u00e8re. \u00ab\u00a0Je suis venus \u00e0 cause de mon p\u00e8re, il a \u00e9t\u00e9 arr\u00eat\u00e9 par Sekou Tour\u00e9 le 27 D\u00e9cembre 1970.Car, cette \u00a0date co\u00efncide \u00a0\u00e0 un moment tr\u00e8s difficile pour notre famille, parce \u00a0que c\u2019\u00e9tait le jour \u00a0\u00a0d\u2019anniversaire de notre \u00a0s\u0153ur ain\u00e9e. Moi je n\u2019avais que six ans \u00e0 l\u2019\u00e9poque. Je ne connais presque pas mon p\u00e8re. Donc, si ce probl\u00e8me commence, nous\u00a0 devons venir pour faire des pri\u00e8res et b\u00e9n\u00e9dictions\u00a0 pour que ces m\u00eames pratiques ne se r\u00e9p\u00e8tent plus en Guin\u00e9e. Parce que c\u2019est vraiment dur de consommer \u00a0cela. Car plusieurs cadres\u00a0 ont p\u00e9ris \u00a0sous le r\u00e9gime de \u2018\u2019Feu Ahmed Sekou.Aujourd\u2019hui donc, on doit se donner les mains pour qu\u2019il ait justice\u00a0 par rapport \u00e0 toutes les victimes du Camp Boiro\u00a0\u00bb, a fait savoir Mme Julienne Matos.<\/p>\n<p>&nbsp;<\/p>\n<p>&nbsp;<\/p>\n<p>Avant de pr\u00e9ciser par la suite\u00a0:\u00a0\u00ab\u00a0Notre p\u00e8re a \u00e9t\u00e9 arbitrairement arr\u00eat\u00e9 et ex\u00e9cut\u00e9 sous \u00a0pr\u00e9texte qu\u2019il \u00e9tait dans un complot contre le r\u00e9gime d\u2019alors. Alors tout le\u00a0: monde sait que les banquiers ne \u00a0se\u00a0 m\u00ealent \u00a0pas du tout dans la politique. Le sang a trop coul\u00e9 en guin\u00e9e, donc il \u00a0faut que la justice soit rendue pour que le pays prosp\u00e8re \u00a0parce qu\u2019il y a eu trop d\u2019injustice\u00a0 au sein\u00a0 de la guin\u00e9e\u00a0\u00bb.<\/p>\n<p>Sylla Ibrahima Kalil pour <a href=\"https:\/\/conakrynews.org\">www.conakrynews.org<\/a>\u00a0 6254446534<\/p>\n<p>&nbsp;<\/p>\n<p>&nbsp;<\/p>\n<p><img loading=\"lazy\" decoding=\"async\" class=\"alignright size-medium wp-image-2876\" src=\"https:\/\/conakrynews.org\/wp-content\/uploads\/2019\/01\/f-boiro-1-500x375.jpg\" alt=\"\" width=\"500\" height=\"375\" srcset=\"https:\/\/conakrynews.org\/wp-content\/uploads\/2019\/01\/f-boiro-1-500x375.jpg 500w, https:\/\/conakrynews.org\/wp-content\/uploads\/2019\/01\/f-boiro-1-768x576.jpg 768w, https:\/\/conakrynews.org\/wp-content\/uploads\/2019\/01\/f-boiro-1.jpg 960w\" sizes=\"auto, (max-width: 500px) 100vw, 500px\" \/><\/p>\n","protected":false},"excerpt":{"rendered":"<p>Ce Vendredi 25 Janvier 2019 \u00e0 Conakry, les \u00a0familles et proches des victimes du Camp Boiro ont organis\u00e9 une marche pacifique suivie par la pose de la gerbe de fleur au Niveau du pont 8 Novembre. Ladite \u00a0marche a d\u00e9but\u00e9 par le \u00a0pont 8 Novembre de Conakry jusqu\u2019au camp Boiro,le lieux de d\u00e9tention des d\u00e9tenus [&hellip;]<\/p>\n","protected":false},"author":2,"featured_media":2876,"comment_status":"open","ping_status":"open","sticky":false,"template":"","format":"standard","meta":{"footnotes":""},"categories":[1],"tags":[],"class_list":{"0":"post-2875","1":"post","2":"type-post","3":"status-publish","4":"format-standard","5":"has-post-thumbnail","7":"category-non-classe"},"_links":{"self":[{"href":"https:\/\/conakrynews.org\/index.php\/wp-json\/wp\/v2\/posts\/2875","targetHints":{"allow":["GET"]}}],"collection":[{"href":"https:\/\/conakrynews.org\/index.php\/wp-json\/wp\/v2\/posts"}],"about":[{"href":"https:\/\/conakrynews.org\/index.php\/wp-json\/wp\/v2\/types\/post"}],"author":[{"embeddable":true,"href":"https:\/\/conakrynews.org\/index.php\/wp-json\/wp\/v2\/users\/2"}],"replies":[{"embeddable":true,"href":"https:\/\/conakrynews.org\/index.php\/wp-json\/wp\/v2\/comments?post=2875"}],"version-history":[{"count":0,"href":"https:\/\/conakrynews.org\/index.php\/wp-json\/wp\/v2\/posts\/2875\/revisions"}],"wp:featuredmedia":[{"embeddable":true,"href":"https:\/\/conakrynews.org\/index.php\/wp-json\/wp\/v2\/media\/2876"}],"wp:attachment":[{"href":"https:\/\/conakrynews.org\/index.php\/wp-json\/wp\/v2\/media?parent=2875"}],"wp:term":[{"taxonomy":"category","embeddable":true,"href":"https:\/\/conakrynews.org\/index.php\/wp-json\/wp\/v2\/categories?post=2875"},{"taxonomy":"post_tag","embeddable":true,"href":"https:\/\/conakrynews.org\/index.php\/wp-json\/wp\/v2\/tags?post=2875"}],"curies":[{"name":"wp","href":"https:\/\/api.w.org\/{rel}","templated":true}]}}