{"id":28814,"date":"2024-06-05T17:13:09","date_gmt":"2024-06-05T17:13:09","guid":{"rendered":"https:\/\/conakrynews.org\/?p=28814"},"modified":"2024-08-13T17:20:00","modified_gmt":"2024-08-13T17:20:00","slug":"guinee-declaration-de-la-ministre-djami-diallo-sur-la-journee-mondiale-de-lenvironnement","status":"publish","type":"post","link":"https:\/\/conakrynews.org\/index.php\/guinee-declaration-de-la-ministre-djami-diallo-sur-la-journee-mondiale-de-lenvironnement\/","title":{"rendered":"Guin\u00e9e: D\u00e9claration de la ministre Djami Diallo sur la journ\u00e9e mondiale de l&rsquo;Environnement\u00a0"},"content":{"rendered":"<p>Le\u00a0 5 juin de chaque ann\u00e9e, l&rsquo;humanit\u00e9\u00a0 c\u00e9l\u00e9br\u00e9 la Journ\u00e9e Mondiale de l\u2019Environnement. \u00c0 cette occasion, la ministre de l&rsquo;Environnement\u00a0 et du D\u00e9veloppement Durable, Djami Diallo,  a tenu une importante d\u00e9claration sur la protection de la l&rsquo;Environnement.<\/p>\n<p>Lizez!<br \/>\nLa Journ\u00e9e Mondiale de l\u2019Environnement, pour cette ann\u00e9e 2024, a pour th\u00e8me \u00ab\u00a0La restauration des terres, la d\u00e9sertification et la r\u00e9silience \u00e0 la s\u00e9cheresse\u00a0\u00bb. Cette c\u00e9l\u00e9bration plac\u00e9e sous le slogan \u00ab\u00a0Nos Terres\u00a0\u00bb, vise \u00e0 mettre en exergue la n\u00e9cessit\u00e9 d\u2019agir pour la terre en vue d\u2019une meilleure offre de services \u00e9cosyst\u00e9miques au b\u00e9n\u00e9fice de l\u2019homme, car le bien-\u00eatre et la prosp\u00e9rit\u00e9 des g\u00e9n\u00e9rations actuelles et futures d\u00e9pendent de la richesse de ce bien commun,\u00a0Notre\u00a0Terre.<br \/>\nPour les gouvernements, les industriels, les communaut\u00e9s, les collectivit\u00e9s, la soci\u00e9t\u00e9 civile et les citoyens, il s\u2019agit de promouvoir les actions et les technologies vertes visant \u00e0 restaurer, sauvegarder et prot\u00e9ger les terres d\u00e9grad\u00e9es et d\u2019am\u00e9liorer la qualit\u00e9 des services \u00e9cologiques, socio\u00e9conomiques et culturels associ\u00e9s.<br \/>\nMesdames et Messieurs,<br \/>\nNous devons nous demander d\u00e8s maintenant\u00a0:\u00a0Quel est l\u2019\u00e9tat de nos terres en Guin\u00e9e et que pouvons-nous faire ensemble pour pr\u00e9server ou restaurer leurs potentiels biologiques, productifs et \u00e9conomiques qui se d\u00e9gradent sous l\u2019effet des activit\u00e9s humaines et du r\u00e9chauffement climatique\u00a0?<br \/>\nUne \u00e9tude r\u00e9alis\u00e9e en 2022 a montr\u00e9 qu\u2019en Guin\u00e9e, 2 056 Km2\u00a0de terres se sont d\u00e9grad\u00e9es de 2000 \u00e0 2015, soit un taux de d\u00e9gradation de pr\u00e8s de 1% du territoire national. Le r\u00e9seau hydrographique, qui ne comprend pas moins de 1162 cours d\u2019eau regroup\u00e9s en 23 bassins versants dont 14 internationaux, est \u00e9galement affect\u00e9 sous l\u2019effet conjugu\u00e9 des pressions anthropiques et du changement climatique. Les d\u00e9bits de ces cours d\u2019eau pourraient connaitre des r\u00e9ductions de 50% en moyenne quotidienne \u00e0 l\u2019horizon 2100.<br \/>\nAu cours de ma r\u00e9cente mission \u00e0 l\u2019int\u00e9rieur du pays, j\u2019ai travers\u00e9 \u00e0 pied le fleuve Niger \u00e0 Faranah et la rivi\u00e8re Milo \u00e0 Kankan. Jai \u00e9t\u00e9 particuli\u00e8rement frapp\u00e9e et attrist\u00e9e par l\u2019importance des pressions sur nos for\u00eats et par le nombre de sacs de charbon de bois ou de bois coup\u00e9s au bord des routes.<br \/>\nL\u2019\u00e9tat de nos cours d\u2019eau dans les zones d\u2019orpaillage est \u00e9galement alarmant.<br \/>\nMesdames et Messieurs,<br \/>\n\u00a0Le Gouvernement \u00e0 travers mon d\u00e9partement n\u2019est pas indiff\u00e9rent face \u00e0 cette situation.<br \/>\nEn effet, la Guin\u00e9e s\u2019est fix\u00e9e pour ambition d\u2019ici 2030, \u00e0 restaurer 375 000 ha, soit 55% de la superficie des terres d\u00e9grad\u00e9es et de limiter \u00e0 1%, soit 238 440 ha, la perte des terres non d\u00e9grad\u00e9es. Pour atteindre la Neutralit\u00e9 de D\u00e9gradation des Terres et accroitre de 1,5% (soit 150 000 ha) la superficie des for\u00eats, nous mettons en \u0153uvre des programmes de reboisement national \u00e0 hauteur de 10 000 ha par an. Ces programmes seront recentr\u00e9s dor\u00e9navant sur la restauration des t\u00eates de sources et des berges des cours d\u2019eau. Nous assurerons la promotion d\u2019une gestion durable des surfaces rebois\u00e9es et restaur\u00e9es en pr\u00e9servant les for\u00eats class\u00e9es et les aires prot\u00e9g\u00e9es.<br \/>\nConcernant l\u2019exploitation foresti\u00e8re, nous avons annonc\u00e9 la suspension de la coupe et du transport du bois sur toute l\u2019\u00e9tendue du territoire national \u00e0 compter de ce jour symbolique, le 05 juin 2024.<br \/>\nDe plus, dans une d\u00e9marche collaborative avec le secteur minier, l\u2019administration du territoire et la justice, le Gouvernement a pris des dispositions pour l\u2019encadrement de l\u2019orpaillage dans les prochains mois, favorisant ainsi la r\u00e9duction des pressions sur les for\u00eats, les terres et les cours d\u2019eau.<br \/>\nLa d\u00e9claration conjointe de la Guin\u00e9e avec les organisations sous-r\u00e9gionales et internationales, dont la CEDEAO, l\u2019ONU-SAHEL et la FAO, sur la n\u00e9cessit\u00e9 de pr\u00e9server le Massif du Fouta Djallon, montre par ailleurs notre engagement avec la communaut\u00e9 internationale pour la pr\u00e9servation des terres.<br \/>\nMesdames et Messieurs,<br \/>\nLa R\u00e9publique de Guin\u00e9e f\u00eatera le 17 juin prochain, la Journ\u00e9e internationale de lutte contre la d\u00e9sertification et la d\u00e9gradation des terres. Nous comptons mettre cette occasion \u00e0 profit pour \u00e9valuer les niveaux de mise en \u0153uvre et les impacts des programmes et strat\u00e9gies \u00e9labor\u00e9s dans le cadre de l\u2019impl\u00e9mentation de la Convention aff\u00e9rente \u00e0 cette probl\u00e9matique dans notre pays. Il s\u2019agit notamment\u00a0:<\/p>\n<p>du Programme d\u2019Action National de Lutte contre la D\u00e9sertification.<\/p>\n<p>du Programme de D\u00e9finition des Cibles nationales de la Neutralit\u00e9 de D\u00e9gradation des Terres.<\/p>\n<p>\u00a0<br \/>\n\u00a0<br \/>\nMesdames et Messieurs,<br \/>\nLes actions de pr\u00e9vention doivent contribuer \u00e0 r\u00e9duire l\u2019exposition de la population en agissant de mani\u00e8re durable et \u00e0 grande \u00e9chelle sur les causes de la d\u00e9gradation des terres. Chacun est concern\u00e9, au niveau individuel, professionnel ou collectif.<br \/>\nIl est donc important et opportun de saluer les actions de l\u2019Etat, avec \u00e0 sa t\u00eate le Pr\u00e9sident de la R\u00e9publique,\u00a0le G\u00e9n\u00e9ral de Corps d\u2019arm\u00e9e Mamadi DOUMBOUYA, accompagn\u00e9 par le\u00a0Premier Ministre, Chef du Gouvernement, M. Amadou Oury BAH, qui mettent en \u0153uvre sans rel\u00e2che les engagements de notre pays vis-\u00e0-vis de la communaut\u00e9 internationale en mati\u00e8re de pr\u00e9servation et de sauvegarde de l\u2019Environnement.<br \/>\nMesdames, Messieurs,<br \/>\n\u00a0<br \/>\nNotre plan\u00e8te est bien en danger. Les chiffres sont alarmants, mais des solutions pour renverser la tendance existent et sont \u00e0 notre port\u00e9e. Il est donc temps d\u2019agir.<br \/>\nEnsemble, engageons-nous, dans un \u00e9lan de solidarit\u00e9, pour pr\u00e9server notre pays et notre plan\u00e8te. Je vous invite donc \u00e0 une prise de conscience collective pour un changement de comportement en vue d\u2019inverser les tendances de d\u00e9gradation et promouvoir le bien-\u00eatre collectif et le Vivre ensemble dans notre Ch\u00e8re Guin\u00e9e.<br \/>\nJe souhaite \u00e0 toutes et \u00e0 tous une belle c\u00e9l\u00e9bration de la journ\u00e9e mondiale de l\u2019environnement.<br \/>\nVive la R\u00e9publique de Guin\u00e9e\u00a0!<br \/>\nVive la coop\u00e9ration internationale\u00a0!<br \/>\nJe vous remercie.\u00a0<\/p>\n<p>Propos recueillis par Sylla Ibtahima Kalil pour www.conakrynews.org 625444534<\/p>\n","protected":false},"excerpt":{"rendered":"<p>Le\u00a0 5 juin de chaque ann\u00e9e, l&rsquo;humanit\u00e9\u00a0 c\u00e9l\u00e9br\u00e9 la Journ\u00e9e Mondiale de l\u2019Environnement. \u00c0 cette occasion, la ministre de l&rsquo;Environnement\u00a0 et du D\u00e9veloppement Durable, Djami Diallo, a tenu une importante d\u00e9claration sur la protection de la l&rsquo;Environnement. Lizez! La Journ\u00e9e Mondiale de l\u2019Environnement, pour cette ann\u00e9e 2024, a pour th\u00e8me \u00ab\u00a0La restauration des terres, la [&hellip;]<\/p>\n","protected":false},"author":2,"featured_media":28815,"comment_status":"closed","ping_status":"closed","sticky":false,"template":"","format":"standard","meta":{"footnotes":""},"categories":[60],"tags":[],"class_list":{"0":"post-28814","1":"post","2":"type-post","3":"status-publish","4":"format-standard","5":"has-post-thumbnail","7":"category-environnement"},"_links":{"self":[{"href":"https:\/\/conakrynews.org\/index.php\/wp-json\/wp\/v2\/posts\/28814","targetHints":{"allow":["GET"]}}],"collection":[{"href":"https:\/\/conakrynews.org\/index.php\/wp-json\/wp\/v2\/posts"}],"about":[{"href":"https:\/\/conakrynews.org\/index.php\/wp-json\/wp\/v2\/types\/post"}],"author":[{"embeddable":true,"href":"https:\/\/conakrynews.org\/index.php\/wp-json\/wp\/v2\/users\/2"}],"replies":[{"embeddable":true,"href":"https:\/\/conakrynews.org\/index.php\/wp-json\/wp\/v2\/comments?post=28814"}],"version-history":[{"count":0,"href":"https:\/\/conakrynews.org\/index.php\/wp-json\/wp\/v2\/posts\/28814\/revisions"}],"wp:featuredmedia":[{"embeddable":true,"href":"https:\/\/conakrynews.org\/index.php\/wp-json\/wp\/v2\/media\/28815"}],"wp:attachment":[{"href":"https:\/\/conakrynews.org\/index.php\/wp-json\/wp\/v2\/media?parent=28814"}],"wp:term":[{"taxonomy":"category","embeddable":true,"href":"https:\/\/conakrynews.org\/index.php\/wp-json\/wp\/v2\/categories?post=28814"},{"taxonomy":"post_tag","embeddable":true,"href":"https:\/\/conakrynews.org\/index.php\/wp-json\/wp\/v2\/tags?post=28814"}],"curies":[{"name":"wp","href":"https:\/\/api.w.org\/{rel}","templated":true}]}}