{"id":2895,"date":"2019-01-29T09:33:14","date_gmt":"2019-01-29T08:33:14","guid":{"rendered":"https:\/\/conakrynews.org\/?p=2895"},"modified":"2019-01-29T09:33:14","modified_gmt":"2019-01-29T08:33:14","slug":"conakry-president-cnp-guinee-pdg-de-sonag-recoit-prix-de-champion-national-de-leconomie-guineenne","status":"publish","type":"post","link":"https:\/\/conakrynews.org\/index.php\/conakry-president-cnp-guinee-pdg-de-sonag-recoit-prix-de-champion-national-de-leconomie-guineenne\/","title":{"rendered":"Conakry : Le pr\u00e9sident du CNP-Guin\u00e9e et PDG de la SONAG, re\u00e7oit le prix de champion National  de l\u2019\u00e9conomie Guin\u00e9enne"},"content":{"rendered":"<p><strong>A l\u2019occasion de la 9<sup>\u00e8me<\/sup> \u00e9dition de la Cop-Guin\u00e9e, organis\u00e9 le samedi 26 Janvier 2019 dans un r\u00e9ceptif h\u00f4telier \u00a0de la place, le pr\u00e9sident du Conseil National \u00a0du Patronat Guin\u00e9en et pr\u00e9sident Directeur G\u00e9n\u00e9ral (PDG) de la Soci\u00e9t\u00e9 Nouvelle d\u2019Assurances \u00a0de Guin\u00e9e (SONAG) a re\u00e7u le prix de champion national de l\u2019\u00e9conomie Guin\u00e9enne, un prix d\u00e9cern\u00e9 par les organisateurs de \u00a0la COP-Guin\u00e9e. Une initiative qui vise \u00a0\u00e0 r\u00e9compenser \u00a0et encourag\u00e9\u00a0 \u00a0des personnes qui\u00a0 contribuent efficacement \u00a0\u00e0 leur mani\u00e8re \u00a0pour \u00a0l\u2019\u00e9mancipation \u00a0\u00a0du secteur priv\u00e9 -Guin\u00e9en et de l\u2019entreprenariat \u00a0\u00a0en R\u00e9publique de \u00a0Guin\u00e9e. \u00a0\u00a0\u00a0\u00a0<\/strong><\/p>\n<p><strong>\u00a0<\/strong><\/p>\n<p>&nbsp;<\/p>\n<p>&nbsp;<\/p>\n<p>&nbsp;<\/p>\n<p>&nbsp;<\/p>\n<p>&nbsp;<\/p>\n<p>D\u00e9cern\u00e9 comme champion national de l\u2019\u00e9conomie Guin\u00e9enne, le pr\u00e9sident du Conseil National du Patronat Guin\u00e9en (CNP-Guin\u00e9e) \u00a0et \u00e9galement \u00a0pr\u00e9sident Directeur G\u00e9n\u00e9ral (PDG) de la Soci\u00e9t\u00e9 nouvelle d\u2019Assurances de Guin\u00e9e (SONAG), a d\u00e9clar\u00e9 \u00e0 cette occasion.<\/p>\n<p>\u00ab\u00a0C\u2019est avec une r\u00e9elle \u00e9motion et un plaisir ardent que je m\u2019adresse \u00e0 vous\u00a0 en ce moment pr\u00e9cis o\u00f9\u00a0 je re\u00e7ois cette haute distinction en reconnaissant ma contribution \u00e0 \u00a0la vie active et \u00a0\u00a0\u00e9conomique de la Guin\u00e9e. Je ne saurais mieux esp\u00e9rer de la part de la COP-Guin\u00e9e une s\u2019y haute distinction, permettez-moi de la recevoir avec humilit\u00e9\u00a0\u00bb, a-t-il d\u00e9clar\u00e9.<\/p>\n<p>&nbsp;<\/p>\n<p>&nbsp;<\/p>\n<p>&nbsp;<\/p>\n<p>Avant d\u2019ajouter\u00a0:\u00a0\u00ab\u00a0Je voudrais d\u2019entrer de jeu, d\u00e9di\u00e9 ce prix \u00a0\u00e0 celui qui a consenti de nombreux efforts pour faire de moi avec l\u2019aide du tout puissant Allah, ce que je repr\u00e9sente aujourd\u2019hui. Et gr\u00e2ce auquel j\u2019ai pu contribuer \u00e0 la naissance de nombreux fleurons de notre secteur priv\u00e9 Guin\u00e9en notamment dans le secteur des Banques, je citerais la Soci\u00e9t\u00e9 G\u00e9n\u00e9rale de Banque en Guin\u00e9e et \u00a0avec plaisir, j\u2019ai \u00e9t\u00e9 d\u2019ailleurs celui qui a fait la lecture du discours inaugural de cette Banque, il y a de cela 14 ou 15 ans. Le secteur des Assurances SONAG et \u00a0les Assurances SOGAM,le secteur des p\u00e9troles la SGP, la COPEG,la GAIP et le secteur des Lubrifiants et d\u00e9riv\u00e9 du secteur p\u00e9trolier. Le secteur des industries, l\u2019industrie de la Cimenterie appel\u00e9e Ciment de Guin\u00e9e, l\u2019immobilier et le transport et tant d\u2019autres. Cet homme est l\u2019un des grands hommes parmi les op\u00e9rateurs \u00e9conomiques de la guin\u00e9e. C\u2019est le fondateur et le premier \u00a0pr\u00e9sident du\u00a0 Patronat Guin\u00e9en, il s\u2019agit \u00a0d\u2019El hadj Boubacar dit \u2018\u2019Gal\u00e9\u2019\u2019 \u00a0\u00a0Hann.Je dis merci \u00e0 Dieu et merci \u00e0 mon p\u00e8re\u00a0\u00bb,\u00a0 a-t-il ajout\u00e9 de passage.<\/p>\n<p>&nbsp;<\/p>\n<p>&nbsp;<\/p>\n<p>Avant de saluer les\u00a0 \u00a0efforts de l\u2019ensemble des cadres et employ\u00e9s de ses \u00a0entreprises qui n\u2019ont m\u00e9nag\u00e9 aucun effort pour cette r\u00e9ussite.<\/p>\n<p>\u00ab\u00a0Notre pays la guin\u00e9e, est un pays b\u00e9nis qui regorge d\u2019\u00e9normes ressourc\u00e9s naturelles, min\u00e9rales et halieutiques. Donc, faisons de la guin\u00e9e, un pays de grande opportunit\u00e9 et des opportunit\u00e9s \u00e9conomiques \u00e0 toutes les activit\u00e9s de la sous -r\u00e9gion, les activit\u00e9s porteurs de croissance. Le secteur priv\u00e9 Guin\u00e9en, est le moteur de la croissance, un mobilisateur de recettes pour l\u2019Etat, dont la politique Guin\u00e9enne aujourd\u2019hui regorge une attente assez importante aujourd\u2019hui, qui est celle pr\u00f4n\u00e9e par son excellence M. le pr\u00e9sident de la r\u00e9publique, le prof Alpha Cond\u00e9\u00a0\u00bb, a fait savoir le pr\u00e9sident du CNP-Guin\u00e9e et PDG de la SONAG.<\/p>\n<p>&nbsp;<\/p>\n<p>&nbsp;<\/p>\n<p>De poursuivre, il a\u00a0 soulign\u00e9\u00a0:\u00a0\u00ab\u00a0Nous les champions nationaux, nous sommes tenus aux r\u00e8gles de la comp\u00e9titivit\u00e9 de la sous-r\u00e9gion et des enjeux de la mondialisation. Nous devons en synergie soutenir et promouvoir l\u2019entrepreneuriat jeunes et l\u2019autonomisation de \u00a0la femme. Faire de \u00a0ce contenu local, le vecteur de croissance de l\u2019\u00e9conomie Guin\u00e9enne. Je voudrais profiter de la pr\u00e9sence de tous ces talentueux chefs d\u2019entreprises de notre pays, pour renouveler mon appelle \u00e0 une unit\u00e9 d\u2019actions et de moyens techniques de notre secteur priv\u00e9 afin qu\u2019il puisse profiter de tous les moyens qu\u2019il\u00a0 \u00a0pourrait remettre \u00e0 la disposition de ce secteur priv\u00e9 l\u2019Etat Guin\u00e9en et les partenaires techniques et financiers \u00a0\u00a0de d\u00e9veloppement \u00a0de notre pays. Pour le permettre de r\u00e9aliser l\u2019\u00e9mergence \u00e0 laquelle nous \u00a0tous nous \u00a0aspirons. Les d\u00e9fis \u00e0 relever \u00a0sont certes de taille\u00a0 mais la confiance \u00e0 notre capacit\u00e9 \u00e0 transcender ces difficult\u00e9s pour le d\u00e9veloppement du secteur priv\u00e9 Guin\u00e9en, Uni, Fort et Prosp\u00e8re\u00a0\u00bb, a-t-il soulign\u00e9.<\/p>\n<p>&nbsp;<\/p>\n<p>&nbsp;<\/p>\n<p>&nbsp;<\/p>\n<p>Avant de remercier \u00a0l\u2019ensemble des f\u00e9d\u00e9rations patronales membres du Conseil National du patronat Guin\u00e9en (CNP-Guin\u00e9e)\u00a0 lui\u00a0 ont fait confiance ainsi que les membres de son \u00a0bureau ex\u00e9cutif \u00a0\u00a0qu\u2019il a l\u2019insigne honneur de pr\u00e9sider.<\/p>\n<p>&nbsp;<\/p>\n<p>&nbsp;<\/p>\n<p>&nbsp;<\/p>\n<p>&nbsp;<\/p>\n<p>Pour mettre un terme \u00e0 ses propos, le pr\u00e9sident du Conseil National du Patronat-Guin\u00e9en et Pr\u00e9sident Directeur G\u00e9n\u00e9ral de la SONAG, a dit\u00a0:\u00a0\u00ab\u00a0l\u2019APIP (l\u2019Agence de la \u00a0promotion des investissements priv\u00e9s guin\u00e9ens) et la PCSG (la plate-forme de concertation du secteur priv\u00e9 Guin\u00e9en) \u00a0constitue \u00a0aujourd\u2019hui un \u00a0outil incontournable pour le lancement et le d\u00e9marrage de Guin\u00e9e busness forum. Cela permettra de magnifier le \u00a0PPP (partenariat -public-priv\u00e9). Cela permettra d\u2019avoir un bien \u00eatre pour le peuple de Guin\u00e9e\u00a0 et pour l\u2019ensemble des guin\u00e9ens et faire de la guin\u00e9e un havre de paix\u00a0\u00bb.<\/p>\n<p><strong>\u00a0<\/strong><\/p>\n<p><strong>Sylla Ibrahima Kalil pour <a href=\"https:\/\/conakrynews.org\">www.conakrynews.org<\/a> 625 44 4534<\/strong><\/p>\n<p>&nbsp;<\/p>\n<p><strong>\u00a0<\/strong><\/p>\n<p><strong>\u00a0<\/strong><img loading=\"lazy\" decoding=\"async\" class=\"alignright size-medium wp-image-2896\" src=\"https:\/\/conakrynews.org\/wp-content\/uploads\/2019\/01\/photo-champion-1-une-500x375.jpg\" alt=\"\" width=\"500\" height=\"375\" srcset=\"https:\/\/conakrynews.org\/wp-content\/uploads\/2019\/01\/photo-champion-1-une-500x375.jpg 500w, https:\/\/conakrynews.org\/wp-content\/uploads\/2019\/01\/photo-champion-1-une-768x576.jpg 768w, https:\/\/conakrynews.org\/wp-content\/uploads\/2019\/01\/photo-champion-1-une.jpg 960w\" sizes=\"auto, (max-width: 500px) 100vw, 500px\" \/><img loading=\"lazy\" decoding=\"async\" class=\"alignright size-medium wp-image-2897\" src=\"https:\/\/conakrynews.org\/wp-content\/uploads\/2019\/01\/photo-champion-2-u-500x375.jpg\" alt=\"\" width=\"500\" height=\"375\" srcset=\"https:\/\/conakrynews.org\/wp-content\/uploads\/2019\/01\/photo-champion-2-u-500x375.jpg 500w, https:\/\/conakrynews.org\/wp-content\/uploads\/2019\/01\/photo-champion-2-u-768x576.jpg 768w, https:\/\/conakrynews.org\/wp-content\/uploads\/2019\/01\/photo-champion-2-u.jpg 960w\" sizes=\"auto, (max-width: 500px) 100vw, 500px\" \/><img loading=\"lazy\" decoding=\"async\" class=\"alignright size-medium wp-image-2898\" src=\"https:\/\/conakrynews.org\/wp-content\/uploads\/2019\/01\/photo-champion-n-500x375.jpg\" alt=\"\" width=\"500\" height=\"375\" srcset=\"https:\/\/conakrynews.org\/wp-content\/uploads\/2019\/01\/photo-champion-n-500x375.jpg 500w, https:\/\/conakrynews.org\/wp-content\/uploads\/2019\/01\/photo-champion-n-768x576.jpg 768w, https:\/\/conakrynews.org\/wp-content\/uploads\/2019\/01\/photo-champion-n.jpg 960w\" sizes=\"auto, (max-width: 500px) 100vw, 500px\" \/><img loading=\"lazy\" decoding=\"async\" class=\"alignright size-medium wp-image-2896\" src=\"https:\/\/conakrynews.org\/wp-content\/uploads\/2019\/01\/photo-champion-1-une-500x375.jpg\" alt=\"\" width=\"500\" height=\"375\" srcset=\"https:\/\/conakrynews.org\/wp-content\/uploads\/2019\/01\/photo-champion-1-une-500x375.jpg 500w, https:\/\/conakrynews.org\/wp-content\/uploads\/2019\/01\/photo-champion-1-une-768x576.jpg 768w, https:\/\/conakrynews.org\/wp-content\/uploads\/2019\/01\/photo-champion-1-une.jpg 960w\" sizes=\"auto, (max-width: 500px) 100vw, 500px\" \/><\/p>\n","protected":false},"excerpt":{"rendered":"<p>A l\u2019occasion de la 9\u00e8me \u00e9dition de la Cop-Guin\u00e9e, organis\u00e9 le samedi 26 Janvier 2019 dans un r\u00e9ceptif h\u00f4telier \u00a0de la place, le pr\u00e9sident du Conseil National \u00a0du Patronat Guin\u00e9en et pr\u00e9sident Directeur G\u00e9n\u00e9ral (PDG) de la Soci\u00e9t\u00e9 Nouvelle d\u2019Assurances \u00a0de Guin\u00e9e (SONAG) a re\u00e7u le prix de champion national de l\u2019\u00e9conomie Guin\u00e9enne, un prix [&hellip;]<\/p>\n","protected":false},"author":2,"featured_media":2896,"comment_status":"open","ping_status":"open","sticky":false,"template":"","format":"standard","meta":{"footnotes":""},"categories":[1],"tags":[],"class_list":{"0":"post-2895","1":"post","2":"type-post","3":"status-publish","4":"format-standard","5":"has-post-thumbnail","7":"category-non-classe"},"_links":{"self":[{"href":"https:\/\/conakrynews.org\/index.php\/wp-json\/wp\/v2\/posts\/2895","targetHints":{"allow":["GET"]}}],"collection":[{"href":"https:\/\/conakrynews.org\/index.php\/wp-json\/wp\/v2\/posts"}],"about":[{"href":"https:\/\/conakrynews.org\/index.php\/wp-json\/wp\/v2\/types\/post"}],"author":[{"embeddable":true,"href":"https:\/\/conakrynews.org\/index.php\/wp-json\/wp\/v2\/users\/2"}],"replies":[{"embeddable":true,"href":"https:\/\/conakrynews.org\/index.php\/wp-json\/wp\/v2\/comments?post=2895"}],"version-history":[{"count":0,"href":"https:\/\/conakrynews.org\/index.php\/wp-json\/wp\/v2\/posts\/2895\/revisions"}],"wp:featuredmedia":[{"embeddable":true,"href":"https:\/\/conakrynews.org\/index.php\/wp-json\/wp\/v2\/media\/2896"}],"wp:attachment":[{"href":"https:\/\/conakrynews.org\/index.php\/wp-json\/wp\/v2\/media?parent=2895"}],"wp:term":[{"taxonomy":"category","embeddable":true,"href":"https:\/\/conakrynews.org\/index.php\/wp-json\/wp\/v2\/categories?post=2895"},{"taxonomy":"post_tag","embeddable":true,"href":"https:\/\/conakrynews.org\/index.php\/wp-json\/wp\/v2\/tags?post=2895"}],"curies":[{"name":"wp","href":"https:\/\/api.w.org\/{rel}","templated":true}]}}