{"id":28971,"date":"2024-08-19T18:49:16","date_gmt":"2024-08-19T18:49:16","guid":{"rendered":"https:\/\/conakrynews.org\/?p=28971"},"modified":"2024-08-19T18:49:16","modified_gmt":"2024-08-19T18:49:16","slug":"guinee-cooperation-le-premier-ministre-amadou-oury-bah-lance-les-travaux-du-seminaire-sur-la-diplomatie-economique","status":"publish","type":"post","link":"https:\/\/conakrynews.org\/index.php\/guinee-cooperation-le-premier-ministre-amadou-oury-bah-lance-les-travaux-du-seminaire-sur-la-diplomatie-economique\/","title":{"rendered":"Guin\u00e9e\/Coop\u00e9ration: le Premier ministre Amadou Oury Bah lance les travaux du s\u00e9minaire sur la diplomatie \u00e9conomique"},"content":{"rendered":"<p>Le Premier ministre, Amadou Oury Bah, Chef du gouvernement, en compagnie de plusieurs membres du gouvernement, a proc\u00e9d\u00e9 ce lundi, 19 ao\u00fbt 2024 dans un r\u00e9ceptif h\u00f4telier de la place, au lancement officiel des travaux du s\u00e9minaire sur la diplomatie \u00e9conomique.<\/p>\n<p>Cette rencontre de trois (3) jours organis\u00e9e par le minist\u00e8re des affaires \u00e9trang\u00e8res, de l\u2019Int\u00e9gration Africaine et des Guin\u00e9ens \u00e9tablis \u00e0 l\u2019Etranger a regroup\u00e9 les repr\u00e9sentants des Nations unies, le secteur priv\u00e9 autour du th\u00e8me \u00ab La diplomatie \u00e9conomique \u00bb : levier de d\u00e9veloppement de la R\u00e9publique de Guin\u00e9e<\/p>\n<p>Avant de proc\u00e9der au lancement officiel des travaux du S\u00e9minaire sur la diplomatie \u00e9conomique,  le Premier ministre,  Amadou Oury Bah,  Chef du gouvernement a fait savoir que, la diplomatie \u00e9conomique est au c\u0153ur de d\u00e9veloppement de la Guin\u00e9e et constitue une occasion unique, pour r\u00e9fl\u00e9chir sur une meilleure strat\u00e9gie afin d\u2019attirer les investissements, renforcer les partenariats et mobiliser les financement n\u00e9cessaires.<\/p>\n<p>\u00ab Je suis convaincu que ce s\u00e9minaire aboutira  \u00e0  des recommandations concr\u00e8tes pour mieux faciliter l\u2019int\u00e9gration de la Guin\u00e9e dans l\u2019\u00e9conomie pour soutenir le d\u00e9veloppement durable de notre nation\u2026  \u00bb<\/p>\n<p>Ibrahima Limbita Camara pour guineequotidien<\/p>\n","protected":false},"excerpt":{"rendered":"<p>Le Premier ministre, Amadou Oury Bah, Chef du gouvernement, en compagnie de plusieurs membres du gouvernement, a proc\u00e9d\u00e9 ce lundi, 19 ao\u00fbt 2024 dans un r\u00e9ceptif h\u00f4telier de la place, au lancement officiel des travaux du s\u00e9minaire sur la diplomatie \u00e9conomique. Cette rencontre de trois (3) jours organis\u00e9e par le minist\u00e8re des affaires \u00e9trang\u00e8res, de [&hellip;]<\/p>\n","protected":false},"author":2,"featured_media":28972,"comment_status":"closed","ping_status":"closed","sticky":false,"template":"","format":"standard","meta":{"footnotes":""},"categories":[57],"tags":[],"class_list":{"0":"post-28971","1":"post","2":"type-post","3":"status-publish","4":"format-standard","5":"has-post-thumbnail","7":"category-politique"},"_links":{"self":[{"href":"https:\/\/conakrynews.org\/index.php\/wp-json\/wp\/v2\/posts\/28971","targetHints":{"allow":["GET"]}}],"collection":[{"href":"https:\/\/conakrynews.org\/index.php\/wp-json\/wp\/v2\/posts"}],"about":[{"href":"https:\/\/conakrynews.org\/index.php\/wp-json\/wp\/v2\/types\/post"}],"author":[{"embeddable":true,"href":"https:\/\/conakrynews.org\/index.php\/wp-json\/wp\/v2\/users\/2"}],"replies":[{"embeddable":true,"href":"https:\/\/conakrynews.org\/index.php\/wp-json\/wp\/v2\/comments?post=28971"}],"version-history":[{"count":0,"href":"https:\/\/conakrynews.org\/index.php\/wp-json\/wp\/v2\/posts\/28971\/revisions"}],"wp:featuredmedia":[{"embeddable":true,"href":"https:\/\/conakrynews.org\/index.php\/wp-json\/wp\/v2\/media\/28972"}],"wp:attachment":[{"href":"https:\/\/conakrynews.org\/index.php\/wp-json\/wp\/v2\/media?parent=28971"}],"wp:term":[{"taxonomy":"category","embeddable":true,"href":"https:\/\/conakrynews.org\/index.php\/wp-json\/wp\/v2\/categories?post=28971"},{"taxonomy":"post_tag","embeddable":true,"href":"https:\/\/conakrynews.org\/index.php\/wp-json\/wp\/v2\/tags?post=28971"}],"curies":[{"name":"wp","href":"https:\/\/api.w.org\/{rel}","templated":true}]}}