{"id":2900,"date":"2019-01-31T10:00:28","date_gmt":"2019-01-31T09:00:28","guid":{"rendered":"https:\/\/conakrynews.org\/?p=2900"},"modified":"2019-01-31T10:00:28","modified_gmt":"2019-01-31T09:00:28","slug":"ancien-ministre-de-conte-aux-leaders-politiques-guineens-peuple-se-sentir-securite","status":"publish","type":"post","link":"https:\/\/conakrynews.org\/index.php\/ancien-ministre-de-conte-aux-leaders-politiques-guineens-peuple-se-sentir-securite\/","title":{"rendered":"Un ancien ministre  de  Cont\u00e9  aux leaders politiques Guin\u00e9ens : \u00ab Le peuple doit se sentir en s\u00e9curit\u00e9 \u00bb"},"content":{"rendered":"<p><strong>Dans un entretien exclusif accord\u00e9 \u00e0 un membre de la r\u00e9daction de notre organe, M. Jeans Paul Sarr, ancien ministre de l\u2019agriculture sous le r\u00e9gime du \u2018\u2019feu\u2019\u2019 G\u00e9n\u00e9ral Lansana Cont\u00e9 a donn\u00e9 ses impressions sur la situation socio-politique actuelle de la guin\u00e9e.<\/strong><\/p>\n<p>&nbsp;<\/p>\n<p>Dans son discours introductif, l\u2019ancien ministre de l\u2019agriculture et pr\u00e9sentement secr\u00e9taire permanent du PUP, M. jeans Paul Sarr, a d\u00e9clar\u00e9\u00a0:\u00a0\u00ab\u00a0 J\u2019ai un regard assez critique sur la\u00a0 situation socio-politique Guin\u00e9nne. Nous avons l\u2019obligation aujourd\u2019hui en tant que guin\u00e9en \u00a0de sauvegarder la paix et la qui\u00e9tude sociale dans note pays. Le peuple \u00a0doit se sentir en s\u00e9curit\u00e9. Faire en sorte qu\u2019on\u00a0 combatte l\u2019injustice\u00a0; nous devons de faire en sorte que \u00a0notre pays \u00a0soit un havre de paix\u00a0\u00bb, \u00a0a-t-il d\u00e9clar\u00e9.<\/p>\n<p>&nbsp;<\/p>\n<p>&nbsp;<\/p>\n<p>Avant de pr\u00e9ciser \u00a0\u00a0qu\u2019il \u00a0\u00a0beaucoup d\u2019incompr\u00e9hension entre les acteurs politiques et\u00a0 que cela\u00a0 n\u2019avancerait \u00a0\u00a0pas\u00a0 un pays.<\/p>\n<p>&nbsp;<\/p>\n<p>\u00ab\u00a0Nous devons nous asseoir\u00a0 pour discuter et d\u00e9gager\u00a0 des voies et moyens afin de trouver des solutions fiables parce que les guin\u00e9ens n\u2019ont pas o\u00f9 partir. La guin\u00e9e, c\u2019est notre pays, c\u2019est notre bijoux, nous\u00a0devons\u00a0 bien entretenir. Rien ne peut se passer sans\u00a0 le \u00a0dialogue, il faut accepter de dialoguer surtout quand on a le pouvoir, il faut savoir \u00e9couter les autres \u00a0faire en sorte que\u00a0 chacun se sente concern\u00e9 par la chose commune qui nous r\u00e9unit, qui est la guin\u00e9e. La guin\u00e9e\u00a0; c\u2019est notre bien commun qu\u2019il faut sauvegarder\u00a0\u00bb, a\u00a0\u00a0 interpell\u00e9 les leaders politique de notre pays\u00a0.<\/p>\n<p><img loading=\"lazy\" decoding=\"async\" class=\"alignright size-medium wp-image-2901\" src=\"https:\/\/conakrynews.org\/wp-content\/uploads\/2019\/01\/foto-paul-500x375.jpg\" alt=\"\" width=\"500\" height=\"375\" srcset=\"https:\/\/conakrynews.org\/wp-content\/uploads\/2019\/01\/foto-paul-500x375.jpg 500w, https:\/\/conakrynews.org\/wp-content\/uploads\/2019\/01\/foto-paul-768x576.jpg 768w, https:\/\/conakrynews.org\/wp-content\/uploads\/2019\/01\/foto-paul.jpg 960w\" sizes=\"auto, (max-width: 500px) 100vw, 500px\" \/><\/p>\n<p>&nbsp;<\/p>\n<p>Avant de souligner\u00a0:\u00a0\u00ab\u00a0Nous\u00a0devons\u00a0 \u00e9viter l\u2019ethnocentrisme et le r\u00e9gionalisme \u00a0qui am\u00e8nent\u00a0 souvent des frustrations \u00a0\u00a0et quand\u00a0 des frustrations \u00a0\u00a0s\u2019accumulent \u00e7a cr\u00e9\u00e9e \u00a0des tensions inutiles alors en se mettant autour de la table\u00a0; En discutant\u00a0 librement comme le pr\u00e9sident Cont\u00e9 nous a enseign\u00e9, on pourra mieux\u00a0 ensemble trouver des\u00a0 solutions possibles\u00a0\u00bb, a-t-il soulign\u00e9 .<\/p>\n<p>&nbsp;<\/p>\n<p>&nbsp;<\/p>\n<p>Avant d\u2019affirmer\u00a0:\u00a0\u00ab\u00a0Nous sommes une famill<\/p>\n","protected":false},"excerpt":{"rendered":"<p>Dans un entretien exclusif accord\u00e9 \u00e0 un membre de la r\u00e9daction de notre organe, M. Jeans Paul Sarr, ancien ministre de l\u2019agriculture sous le r\u00e9gime du \u2018\u2019feu\u2019\u2019 G\u00e9n\u00e9ral Lansana Cont\u00e9 a donn\u00e9 ses impressions sur la situation socio-politique actuelle de la guin\u00e9e. &nbsp; Dans son discours introductif, l\u2019ancien ministre de l\u2019agriculture et pr\u00e9sentement secr\u00e9taire permanent [&hellip;]<\/p>\n","protected":false},"author":2,"featured_media":2901,"comment_status":"open","ping_status":"open","sticky":false,"template":"","format":"standard","meta":{"footnotes":""},"categories":[1],"tags":[],"class_list":{"0":"post-2900","1":"post","2":"type-post","3":"status-publish","4":"format-standard","5":"has-post-thumbnail","7":"category-non-classe"},"_links":{"self":[{"href":"https:\/\/conakrynews.org\/index.php\/wp-json\/wp\/v2\/posts\/2900","targetHints":{"allow":["GET"]}}],"collection":[{"href":"https:\/\/conakrynews.org\/index.php\/wp-json\/wp\/v2\/posts"}],"about":[{"href":"https:\/\/conakrynews.org\/index.php\/wp-json\/wp\/v2\/types\/post"}],"author":[{"embeddable":true,"href":"https:\/\/conakrynews.org\/index.php\/wp-json\/wp\/v2\/users\/2"}],"replies":[{"embeddable":true,"href":"https:\/\/conakrynews.org\/index.php\/wp-json\/wp\/v2\/comments?post=2900"}],"version-history":[{"count":0,"href":"https:\/\/conakrynews.org\/index.php\/wp-json\/wp\/v2\/posts\/2900\/revisions"}],"wp:featuredmedia":[{"embeddable":true,"href":"https:\/\/conakrynews.org\/index.php\/wp-json\/wp\/v2\/media\/2901"}],"wp:attachment":[{"href":"https:\/\/conakrynews.org\/index.php\/wp-json\/wp\/v2\/media?parent=2900"}],"wp:term":[{"taxonomy":"category","embeddable":true,"href":"https:\/\/conakrynews.org\/index.php\/wp-json\/wp\/v2\/categories?post=2900"},{"taxonomy":"post_tag","embeddable":true,"href":"https:\/\/conakrynews.org\/index.php\/wp-json\/wp\/v2\/tags?post=2900"}],"curies":[{"name":"wp","href":"https:\/\/api.w.org\/{rel}","templated":true}]}}