{"id":2903,"date":"2019-01-31T12:29:59","date_gmt":"2019-01-31T11:29:59","guid":{"rendered":"https:\/\/conakrynews.org\/?p=2903"},"modified":"2019-01-31T12:29:59","modified_gmt":"2019-01-31T11:29:59","slug":"coleah-matam-accident-plusieurs-morts-blesses-enormes","status":"publish","type":"post","link":"https:\/\/conakrynews.org\/index.php\/coleah-matam-accident-plusieurs-morts-blesses-enormes\/","title":{"rendered":"Coleah (Matam): Un accident fait plusieurs morts et des bless\u00e9s \u00e9normes"},"content":{"rendered":"<p><strong>C\u2019est dans les environs de 6 heures\u00a0 du matin,\u00a0 qu\u2019un v\u00e9hicule Minibus \u00a0\u00a0s\u2019est heurt\u00e9 ce jeudi \u00e0 un camion conteneur tr\u00e8s t\u00f4t ce matin \u00e0 Coleah Lanseiboumyi(Commune de Matam). Cet accident de circulation \u00a0\u00a0qui a caus\u00e9 \u00a0plusieurs et des bless\u00e9s \u00e9normes \u00a0s\u2019est produit sur l\u2019Autoroute Fidel Castro\u00a0 non loin\u00a0 \u00a0du carrefour Livra Port. <\/strong><\/p>\n<p>&nbsp;<\/p>\n<p>&nbsp;<\/p>\n<p>Selon les premi\u00e8res informations, le \u00a0bilan de cet accident \u00a0mortel fait pour le moment \u00a0\u00a0un nombre total\u00a0 de \u00a06 (six) morts et\u00a0 des bless\u00e9s graves.<\/p>\n<p>&nbsp;<\/p>\n<p>Selon les\u00a0 t\u00e9moignages recueillis sur les lieux de l\u2019accident, c\u2019est un Magbana qui s\u2019est percut\u00e9 sur un camion \u00a0immobilis\u00e9 sur le c\u00f4t\u00e9 gauche de la route, en descendant vers Kaloum. Parmi les passages du Minibus \u00a0accident\u00e9,\u00a0 se trouvaient \u00e0 bord des\u00a0\u00a0 cadres et ouvriers qui cherchaient \u00e0 rejoindre leur lieu de service.<\/p>\n<p>&nbsp;<\/p>\n<p><img loading=\"lazy\" decoding=\"async\" class=\"alignright size-medium wp-image-2905\" src=\"https:\/\/conakrynews.org\/wp-content\/uploads\/2019\/01\/camion-620x300-515x249.jpg\" alt=\"\" width=\"515\" height=\"249\" srcset=\"https:\/\/conakrynews.org\/wp-content\/uploads\/2019\/01\/camion-620x300-515x249.jpg 515w, https:\/\/conakrynews.org\/wp-content\/uploads\/2019\/01\/camion-620x300.jpg 620w\" sizes=\"auto, (max-width: 515px) 100vw, 515px\" \/>A noter que les\u00a0 bless\u00e9s ont \u00e9t\u00e9 \u00a0vivement transport\u00e9s \u00a0dans les centres \u00a0\u00a0hospitaliers \u00a0\u00a0les plus proches \u00a0\u00a0pour b\u00e9n\u00e9ficiers des soins primaires.<\/p>\n<p><strong>\u00a0<\/strong><\/p>\n<p><strong>Sylla Ibrahima Kalil pour <a href=\"https:\/\/conakrynews.org\">www.conakrynews.org<\/a> 625444534<\/strong><\/p>\n","protected":false},"excerpt":{"rendered":"<p>C\u2019est dans les environs de 6 heures\u00a0 du matin,\u00a0 qu\u2019un v\u00e9hicule Minibus \u00a0\u00a0s\u2019est heurt\u00e9 ce jeudi \u00e0 un camion conteneur tr\u00e8s t\u00f4t ce matin \u00e0 Coleah Lanseiboumyi(Commune de Matam). Cet accident de circulation \u00a0\u00a0qui a caus\u00e9 \u00a0plusieurs et des bless\u00e9s \u00e9normes \u00a0s\u2019est produit sur l\u2019Autoroute Fidel Castro\u00a0 non loin\u00a0 \u00a0du carrefour Livra Port. &nbsp; &nbsp; [&hellip;]<\/p>\n","protected":false},"author":2,"featured_media":2905,"comment_status":"open","ping_status":"open","sticky":false,"template":"","format":"standard","meta":{"footnotes":""},"categories":[1],"tags":[],"class_list":{"0":"post-2903","1":"post","2":"type-post","3":"status-publish","4":"format-standard","5":"has-post-thumbnail","7":"category-non-classe"},"_links":{"self":[{"href":"https:\/\/conakrynews.org\/index.php\/wp-json\/wp\/v2\/posts\/2903","targetHints":{"allow":["GET"]}}],"collection":[{"href":"https:\/\/conakrynews.org\/index.php\/wp-json\/wp\/v2\/posts"}],"about":[{"href":"https:\/\/conakrynews.org\/index.php\/wp-json\/wp\/v2\/types\/post"}],"author":[{"embeddable":true,"href":"https:\/\/conakrynews.org\/index.php\/wp-json\/wp\/v2\/users\/2"}],"replies":[{"embeddable":true,"href":"https:\/\/conakrynews.org\/index.php\/wp-json\/wp\/v2\/comments?post=2903"}],"version-history":[{"count":0,"href":"https:\/\/conakrynews.org\/index.php\/wp-json\/wp\/v2\/posts\/2903\/revisions"}],"wp:featuredmedia":[{"embeddable":true,"href":"https:\/\/conakrynews.org\/index.php\/wp-json\/wp\/v2\/media\/2905"}],"wp:attachment":[{"href":"https:\/\/conakrynews.org\/index.php\/wp-json\/wp\/v2\/media?parent=2903"}],"wp:term":[{"taxonomy":"category","embeddable":true,"href":"https:\/\/conakrynews.org\/index.php\/wp-json\/wp\/v2\/categories?post=2903"},{"taxonomy":"post_tag","embeddable":true,"href":"https:\/\/conakrynews.org\/index.php\/wp-json\/wp\/v2\/tags?post=2903"}],"curies":[{"name":"wp","href":"https:\/\/api.w.org\/{rel}","templated":true}]}}